{"id":538969,"date":"2025-11-16T22:03:19","date_gmt":"2025-11-16T22:03:19","guid":{"rendered":"https:\/\/www.europesays.com\/fr\/538969\/"},"modified":"2025-11-16T22:03:19","modified_gmt":"2025-11-16T22:03:19","slug":"place-broglie-la-colonne-leclerc-reconstituee-pour-le-81e-anniversaire-de-la-liberation","status":"publish","type":"post","link":"https:\/\/www.europesays.com\/fr\/538969\/","title":{"rendered":"place Broglie, la colonne Leclerc reconstitu\u00e9e pour le 81e anniversaire de la Lib\u00e9ration"},"content":{"rendered":"<p>C\u2019est inhabituel pour cette c\u00e9r\u00e9monie en m\u00e9moire du 23\u00a0novembre 1944\u00a0: ce dimanche matin, l\u2019ob\u00e9lisque du mar\u00e9chal Leclerc est encadr\u00e9e de deux autos mitrailleuses et d\u2019une jeep sur lesquels sont juch\u00e9s des spahis fran\u00e7ais de la colonne Leclerc, reconnaissables \u00e0 leur calot rouge.<\/p>\n<p>C\u2019est dans ce d\u00e9cor vivant reconstitu\u00e9 que les officiels, notamment la maire <a href=\"https:\/\/www.dna.fr\/p\/jeanne-barseghian\" target=\"_blank\" rel=\"noopener\">Jeanne Barseghian<\/a>, Samuel Bouju, secr\u00e9taire g\u00e9n\u00e9ral aux affaires r\u00e9gionales repr\u00e9sentant le pr\u00e9fet et le gouverneur militaire de Strasbourg <a href=\"https:\/\/www.dna.fr\/defense-guerre-conflit\/2025\/07\/14\/2e-brigade-blindee-la-roumanie-en-ligne-de-mire\" target=\"_blank\" rel=\"noopener\">R\u00e9gis Anthonioz<\/a> ont rendu l\u2019hommage pr\u00e9vu.<\/p>\n<p>Apr\u00e8s la revue des troupes par le gouverneur militaire \u2013 les soldats non-figurants \u00e9taient membres de la deuxi\u00e8me Compagnie de commandement de transmissions blind\u00e9e d\u2019Illkirch-Graffenstaden \u2013 ont d\u00e9marr\u00e9 les d\u00e9p\u00f4ts de gerbe, dont celle faite avec la petite-fille <a href=\"https:\/\/www.dna.fr\/societe\/2024\/11\/22\/de-koufra-a-strasbourg-l-epopee-leclerc-liberation-strasbourg\" target=\"_blank\" rel=\"noopener\">du mar\u00e9chal<\/a> , Isabelle Leclerc de Hautecloque.<\/p>\n<p>La sonnerie aux morts puis la Marseillaise ont clos cette c\u00e9r\u00e9monie en m\u00e9moire des lib\u00e9rateurs de la ville, avant que la colonne Leclerc n\u2019emporte ses engins et soldats sur la place du Ch\u00e2teau pour prolonger la reconstitution.<\/p>\n<p>  Le p\u00e9riple de la colonne reconstitu\u00e9 en 2026<\/p>\n<p>\u00ab\u00a0Notre association [\u201c2e DB colonne Leclerc\u201d] existe depuis une quarantaine d\u2019ann\u00e9es\u00a0\u00bb, explique un des responsables \u00c9douard Callerot. \u00ab\u00a0Notre objectif est d\u2019embarquer le public plus pr\u00e9cis\u00e9ment dans l\u2019Histoire, surtout les jeunes\u00a0\u00bb. \u00ab\u00a0La force de Leclerc, \u00e0 l\u2019\u00e9poque, \u00e9tait d\u2019avoir r\u00e9uni des gens d\u2019origines et classes sociales vari\u00e9es, de convictions diverses, dans une forme d\u2019union nationale\u00a0\u00bb, poursuit notre interlocuteur. \u00ab\u00a0En ces temps troubl\u00e9s, il est pr\u00e9cieux de s\u2019en souvenir\u00a0\u00bb.<\/p>\n<p>L\u2019association \u201c2e\u00a0 DB colonne Leclerc\u201d qui regroupe des membres de toute la France a pour projet, en 2026, de reconstituer le p\u00e9riple de la colonne en 1944, de Dompaire (dans les Vosges) \u00e0 Strasbourg via le col de Dabo. Ce sera du 15 au 23\u00a0novembre avec 50 v\u00e9hicules d\u2019\u00e9poque dont trois chars et 150 participants.<\/p>\n<p>En attendant cet \u00e9v\u00e9nement, la colonne Leclerc avait un rendez-vous plus modeste mais tr\u00e8s important ce dimanche apr\u00e8s-midi \u00e0 \u00c9pinal. Il \u00e9tait pr\u00e9vu en effet une rencontre avec Roger Le Neur\u00e8s, 102 ans, un des dix derniers spahis fran\u00e7ais encore en vie.<\/p>\n<p class=\"note\">En marge des 81 ans de la Lib\u00e9ration, le Souvenir fran\u00e7ais de Strasbourg organise plusieurs projections du film documentaire Le gars des Callouin s qui retrace l\u2019\u00e9pop\u00e9e d\u2019un jeune h\u00e9ros de la 2e DB. Une s\u00e9ance est programm\u00e9e le mardi 25\u00a0novembre \u00e0 20\u00a0h\u00a015 au cin\u00e9ma Le Diapason de Vendenheim (acc\u00e8s gratuit). Une autre \u00e0 Strasbourg le vendredi 28\u00a0novembre \u00e0 19\u00a0h\u00a030 au cin\u00e9ma Vox (tarif unique \u00e0 5\u00a0\u20ac).<\/p>\n","protected":false},"excerpt":{"rendered":"C\u2019est inhabituel pour cette c\u00e9r\u00e9monie en m\u00e9moire du 23\u00a0novembre 1944\u00a0: ce dimanche matin, l\u2019ob\u00e9lisque du mar\u00e9chal Leclerc est&hellip;\n","protected":false},"author":2,"featured_media":538970,"comment_status":"","ping_status":"","sticky":false,"template":"","format":"standard","meta":{"footnotes":""},"categories":[2820],"tags":[1111,11,3206,2880,1777,674,107,1011,27,775,937,12,25,104,640,2879],"class_list":{"0":"post-538969","1":"post","2":"type-post","3":"status-publish","4":"format-standard","5":"has-post-thumbnail","7":"category-strasbourg","8":"tag-actu","9":"tag-actualites","10":"tag-defense-guerre-conflit","11":"tag-edition-strasbourg","12":"tag-eu","13":"tag-europe","14":"tag-fil-info","15":"tag-fr","16":"tag-france","17":"tag-grand-est","18":"tag-histoire","19":"tag-news","20":"tag-republique-francaise","21":"tag-societe","22":"tag-strasbourg","23":"tag-strasbourg-ville"},"share_on_mastodon":{"url":"https:\/\/pubeurope.com\/@fr\/115561641050908088","error":""},"_links":{"self":[{"href":"https:\/\/www.europesays.com\/fr\/wp-json\/wp\/v2\/posts\/538969","targetHints":{"allow":["GET"]}}],"collection":[{"href":"https:\/\/www.europesays.com\/fr\/wp-json\/wp\/v2\/posts"}],"about":[{"href":"https:\/\/www.europesays.com\/fr\/wp-json\/wp\/v2\/types\/post"}],"author":[{"embeddable":true,"href":"https:\/\/www.europesays.com\/fr\/wp-json\/wp\/v2\/users\/2"}],"replies":[{"embeddable":true,"href":"https:\/\/www.europesays.com\/fr\/wp-json\/wp\/v2\/comments?post=538969"}],"version-history":[{"count":0,"href":"https:\/\/www.europesays.com\/fr\/wp-json\/wp\/v2\/posts\/538969\/revisions"}],"wp:featuredmedia":[{"embeddable":true,"href":"https:\/\/www.europesays.com\/fr\/wp-json\/wp\/v2\/media\/538970"}],"wp:attachment":[{"href":"https:\/\/www.europesays.com\/fr\/wp-json\/wp\/v2\/media?parent=538969"}],"wp:term":[{"taxonomy":"category","embeddable":true,"href":"https:\/\/www.europesays.com\/fr\/wp-json\/wp\/v2\/categories?post=538969"},{"taxonomy":"post_tag","embeddable":true,"href":"https:\/\/www.europesays.com\/fr\/wp-json\/wp\/v2\/tags?post=538969"}],"curies":[{"name":"wp","href":"https:\/\/api.w.org\/{rel}","templated":true}]}}