{"id":538971,"date":"2025-11-16T22:04:12","date_gmt":"2025-11-16T22:04:12","guid":{"rendered":"https:\/\/www.europesays.com\/fr\/538971\/"},"modified":"2025-11-16T22:04:12","modified_gmt":"2025-11-16T22:04:12","slug":"strasbourg-a-eu-linstinct-de-survie-contre-illkirch","status":"publish","type":"post","link":"https:\/\/www.europesays.com\/fr\/538971\/","title":{"rendered":"Strasbourg a eu l\u2019instinct de survie contre Illkirch"},"content":{"rendered":"<p>\u00c0 six minutes pr\u00e8s, Strasbourg pouvait boucler les matches aller \u00e0 une invraisemblable place de rel\u00e9gable. Au bord du gouffre, les Strasbourgeois ont refus\u00e9 ce qui eut \u00e9t\u00e9 une quatri\u00e8me d\u00e9faite en cinq matches \u00e0 domicile.<\/p>\n<p>Pour \u00e9br\u00e9cher un mur infranchissable jusque-l\u00e0, il leur aura tout de m\u00eame fallu un s\u00e9rieux coup de pouce de leurs voisins, \u00e0 l\u2019indiscipline lourdement sanctionn\u00e9e. Deux cartons blancs au 70e et 71e , apr\u00e8s deux jaunes plus t\u00f4t, et le CRIG abordait la derni\u00e8re ligne droite \u00e0 13 contre 15.<\/p>\n<p>Jusque-l\u00e0, les initiatives de Louis Flavier, les \u00e9clairs de Paul Merckel, \u00e0 l\u2019origine&#8230;<\/p>\n","protected":false},"excerpt":{"rendered":"\u00c0 six minutes pr\u00e8s, Strasbourg pouvait boucler les matches aller \u00e0 une invraisemblable place de rel\u00e9gable. Au bord&hellip;\n","protected":false},"author":2,"featured_media":538972,"comment_status":"","ping_status":"","sticky":false,"template":"","format":"standard","meta":{"footnotes":""},"categories":[2820],"tags":[1111,11,2880,1777,674,1011,27,775,12,25,479,517,640,2879],"class_list":{"0":"post-538971","1":"post","2":"type-post","3":"status-publish","4":"format-standard","5":"has-post-thumbnail","7":"category-strasbourg","8":"tag-actu","9":"tag-actualites","10":"tag-edition-strasbourg","11":"tag-eu","12":"tag-europe","13":"tag-fr","14":"tag-france","15":"tag-grand-est","16":"tag-news","17":"tag-republique-francaise","18":"tag-rugby","19":"tag-sport","20":"tag-strasbourg","21":"tag-strasbourg-ville"},"share_on_mastodon":{"url":"https:\/\/pubeurope.com\/@fr\/115561644993503269","error":""},"_links":{"self":[{"href":"https:\/\/www.europesays.com\/fr\/wp-json\/wp\/v2\/posts\/538971","targetHints":{"allow":["GET"]}}],"collection":[{"href":"https:\/\/www.europesays.com\/fr\/wp-json\/wp\/v2\/posts"}],"about":[{"href":"https:\/\/www.europesays.com\/fr\/wp-json\/wp\/v2\/types\/post"}],"author":[{"embeddable":true,"href":"https:\/\/www.europesays.com\/fr\/wp-json\/wp\/v2\/users\/2"}],"replies":[{"embeddable":true,"href":"https:\/\/www.europesays.com\/fr\/wp-json\/wp\/v2\/comments?post=538971"}],"version-history":[{"count":0,"href":"https:\/\/www.europesays.com\/fr\/wp-json\/wp\/v2\/posts\/538971\/revisions"}],"wp:featuredmedia":[{"embeddable":true,"href":"https:\/\/www.europesays.com\/fr\/wp-json\/wp\/v2\/media\/538972"}],"wp:attachment":[{"href":"https:\/\/www.europesays.com\/fr\/wp-json\/wp\/v2\/media?parent=538971"}],"wp:term":[{"taxonomy":"category","embeddable":true,"href":"https:\/\/www.europesays.com\/fr\/wp-json\/wp\/v2\/categories?post=538971"},{"taxonomy":"post_tag","embeddable":true,"href":"https:\/\/www.europesays.com\/fr\/wp-json\/wp\/v2\/tags?post=538971"}],"curies":[{"name":"wp","href":"https:\/\/api.w.org\/{rel}","templated":true}]}}