{"id":538973,"date":"2025-11-16T22:05:40","date_gmt":"2025-11-16T22:05:40","guid":{"rendered":"https:\/\/www.europesays.com\/fr\/538973\/"},"modified":"2025-11-16T22:05:40","modified_gmt":"2025-11-16T22:05:40","slug":"nice-blesse-par-arme-blanche-un-homme-entre-la-vie-et-la-mort-sur-la-promenade-des-anglais","status":"publish","type":"post","link":"https:\/\/www.europesays.com\/fr\/538973\/","title":{"rendered":"Nice. Bless\u00e9 par arme blanche, un homme entre la vie et la mort sur la promenade des Anglais"},"content":{"rendered":"<p>                    Par<br \/>\n        <strong><br \/>\n            <a href=\"https:\/\/actu.fr\/auteur\/arthur-frand\" title=\"Consulter tous les articles de Arthur Frand\" rel=\"nofollow noopener\" target=\"_blank\">Arthur Frand<\/a><br \/>\n                    <\/strong><\/p>\n<p>        Publi\u00e9 le<\/p>\n<p>            12 nov. 2025 \u00e0 10h02        <\/p>\n<p>Un homme a \u00e9t\u00e9 <strong>trouv\u00e9 inconscient<\/strong> \u00e0 <a href=\"https:\/\/actu.fr\/nice\/\" rel=\"nofollow noopener\" target=\"_blank\">Nice<\/a>, dans les <a href=\"https:\/\/actu.fr\/provence-alpes-cote-d-azur\/alpes-maritimes_06\" rel=\"nofollow noopener\" target=\"_blank\">Alpes-Maritimes<\/a>, ce mercredi 12\u00a0novembre 2025, dans la nuit.<\/p>\n<p class=\" wall-content\">Bless\u00e9 par arme blanche, il \u00e9t\u00e9 transport\u00e9 d\u2019urgence \u00e0 l\u2019h\u00f4pital, son <strong>pronostic vital \u00e9tant engag\u00e9<\/strong>.<\/p>\n<p>Une plaie importante \u00e0 la gorge<\/p>\n<p class=\" wall-content\">Les faits se sont d\u00e9roul\u00e9s sur la promenade des Anglais dans la nuit de ce mercredi 12 novembre. Alert\u00e9s, les services de secours et les forces de l\u2019ordre se sont rendus sur place vers 1h du matin, confirme le Sdis des Alpes-Maritimes \u00e0 actu Nice.<\/p>\n<p class=\" wall-content\">Selon nos informations, un homme a \u00e9t\u00e9 retrouv\u00e9 assis sur une chaise, inconscient et en arr\u00eat cardio-respiratoire.\u00a0 Ce dernier, bless\u00e9 par arme blanche, pr\u00e9sentait une plaie de <strong>plusieurs centim\u00e8tres<\/strong> \u00e0 la gorge. Une lame de cutter a \u00e9t\u00e9 retrouv\u00e9e \u00e0 ses pieds, sans traces de sang selon une source polici\u00e8re.<\/p>\n<p>Pronostic vital engag\u00e9<\/p>\n<p class=\" wall-content\">L\u2019homme, ne poss\u00e9dant pas de papiers d\u2019identit\u00e9, n\u2019a pu \u00eatre identifi\u00e9 sur le moment. Il a \u00e9t\u00e9 <strong>transport\u00e9 d\u2019urgence<\/strong> \u00e0 l\u2019h\u00f4pital, son pronostic vital engag\u00e9, pr\u00e9cise le Sdis des Alpes-Maritimes ce mercredi matin.<\/p>\n<p class=\" wall-content\">Les circonstances des faits restent \u00e0 \u00e9tablir. Une enqu\u00eate a \u00e9t\u00e9 ouverte.\u00a0<\/p>\n<p class=\" wall-content\">Personnalisez votre actualit\u00e9 en ajoutant vos villes et m\u00e9dias en favori avec <a href=\"https:\/\/moncompte.actu.fr\" title=\"D\u00e9couvez Mon Actu\" rel=\"nofollow noopener\" data-trk=\"{&quot;cta&quot;:{&quot;action&quot;:&quot;https:\\\/\\\/moncompte.actu.fr&quot;,&quot;category&quot;:&quot;mon compte&quot;,&quot;from&quot;:&quot;article footer&quot;,&quot;name&quot;:&quot;Mon actu&quot;,&quot;type&quot;:&quot;cta&quot;}}\" target=\"_blank\">Mon Actu<\/a>.<\/p>\n","protected":false},"excerpt":{"rendered":"Par Arthur Frand Publi\u00e9 le 12 nov. 2025 \u00e0 10h02 Un homme a \u00e9t\u00e9 trouv\u00e9 inconscient \u00e0 Nice,&hellip;\n","protected":false},"author":2,"featured_media":538974,"comment_status":"","ping_status":"","sticky":false,"template":"","format":"standard","meta":{"footnotes":""},"categories":[2819],"tags":[1111,11,1777,674,1011,27,12,2401,1072,1311,882,25,104],"class_list":{"0":"post-538973","1":"post","2":"type-post","3":"status-publish","4":"format-standard","5":"has-post-thumbnail","7":"category-nice","8":"tag-actu","9":"tag-actualites","10":"tag-eu","11":"tag-europe","12":"tag-fr","13":"tag-france","14":"tag-news","15":"tag-nice","16":"tag-police","17":"tag-pompiers","18":"tag-provence-alpes-cote-dazur","19":"tag-republique-francaise","20":"tag-societe"},"share_on_mastodon":{"url":"https:\/\/pubeurope.com\/@fr\/115561649074621722","error":""},"_links":{"self":[{"href":"https:\/\/www.europesays.com\/fr\/wp-json\/wp\/v2\/posts\/538973","targetHints":{"allow":["GET"]}}],"collection":[{"href":"https:\/\/www.europesays.com\/fr\/wp-json\/wp\/v2\/posts"}],"about":[{"href":"https:\/\/www.europesays.com\/fr\/wp-json\/wp\/v2\/types\/post"}],"author":[{"embeddable":true,"href":"https:\/\/www.europesays.com\/fr\/wp-json\/wp\/v2\/users\/2"}],"replies":[{"embeddable":true,"href":"https:\/\/www.europesays.com\/fr\/wp-json\/wp\/v2\/comments?post=538973"}],"version-history":[{"count":0,"href":"https:\/\/www.europesays.com\/fr\/wp-json\/wp\/v2\/posts\/538973\/revisions"}],"wp:featuredmedia":[{"embeddable":true,"href":"https:\/\/www.europesays.com\/fr\/wp-json\/wp\/v2\/media\/538974"}],"wp:attachment":[{"href":"https:\/\/www.europesays.com\/fr\/wp-json\/wp\/v2\/media?parent=538973"}],"wp:term":[{"taxonomy":"category","embeddable":true,"href":"https:\/\/www.europesays.com\/fr\/wp-json\/wp\/v2\/categories?post=538973"},{"taxonomy":"post_tag","embeddable":true,"href":"https:\/\/www.europesays.com\/fr\/wp-json\/wp\/v2\/tags?post=538973"}],"curies":[{"name":"wp","href":"https:\/\/api.w.org\/{rel}","templated":true}]}}