{"id":538988,"date":"2025-11-16T22:14:14","date_gmt":"2025-11-16T22:14:14","guid":{"rendered":"https:\/\/www.europesays.com\/fr\/538988\/"},"modified":"2025-11-16T22:14:14","modified_gmt":"2025-11-16T22:14:14","slug":"athletisme-nouveau-record-personnel-pour-melanie-allier-a-lille","status":"publish","type":"post","link":"https:\/\/www.europesays.com\/fr\/538988\/","title":{"rendered":"Athl\u00e9tisme. Nouveau record personnel pour M\u00e9lanie Allier \u00e0 Lille"},"content":{"rendered":"<p>Tout est all\u00e9 tr\u00e8s vite dans les rues de Lille ce samedi 15 novembre.<a href=\"https:\/\/www.ledauphine.com\/sport\/2025\/04\/12\/melanie-allier-se-classe-12e-des-championnats-d-europe\" target=\"_blank\" rel=\"noopener\"> Et ce n\u2019est pas M\u00e9lanie Allier<\/a> qui vous dira le contraire. \u00c0 Aix-les-Bains en mars dernier, la native de Valence avait boucl\u00e9 le 10km en 32\u201947. Mais ce record personnel n\u2019est plus qu\u2019un lointain souvenir pour celle qui a commenc\u00e9 l\u2019athl\u00e9tisme \u00e0 sept ans, inspir\u00e9e par son papa. Engag\u00e9e sur cette m\u00eame distance \u00e0 l\u2019Urban Trail de la m\u00e9tropole nordiste, la licenci\u00e9e de l\u2019EA Tain Tournon a \u00e9t\u00e9 encore plus rapide, avalant le parcours en 32\u201941.<\/p>\n<p>Ce chrono, avec une allure moyenne de 3\u201916\/km, a permis \u00e0 M\u00e9lanie Allier de terminer premi\u00e8re Fran\u00e7aise et septi\u00e8me f\u00e9minine, \u00e0 2\u201937 de la vainqueure kenyane Brenda Jepchirchir. La N\u00e9erlandaise Maureen Koster (30\u201957) et la Su\u00e9doise Sarah Lahti (30\u201958) compl\u00e8tent le podium.<\/p>\n<p>Ce contenu est bloqu\u00e9 car vous n&rsquo;avez pas accept\u00e9 les cookies et autres traceurs.<\/p>\n<p>En cliquant sur \u00ab J\u2019accepte \u00bb, les cookies et autres traceurs seront d\u00e9pos\u00e9s et vous pourrez visualiser les contenus  (<a href=\"\" class=\"consentModule_policy\" target=\"_blank\" title=\"Consulter la politique de protection des donn\u00e9es du fournisseur\">plus d&rsquo;informations<\/a>).<\/p>\n<p>En cliquant sur \u00ab J\u2019accepte tous les cookies \u00bb, vous autorisez des d\u00e9p\u00f4ts de cookies et autres traceurs pour le stockage de vos donn\u00e9es sur nos sites et applications \u00e0 des fins de personnalisation et de ciblage publicitaire.<\/p>\n<p class=\"consentModule_secondaryText\">Vous gardez la possibilit\u00e9 de retirer votre consentement \u00e0 tout moment en consultant notre <a href=\"https:\/\/www.ledauphine.com\/protection-des-donnees\" target=\"_blank\" title=\"Consulter notre politique de protection des donn\u00e9es\" rel=\"noopener\">politique de protection des donn\u00e9es<\/a>. <br \/>&#13;<br \/>\n            <a href=\"https:\/\/www.ledauphine.com\/actualite\/2025\/11\/16\/javascript:Didomi.notice.show()\" class=\"consentModule_cmp\" target=\"_blank\" rel=\"noopener\">G\u00e9rer mes choix<\/a>&#13;\n        <\/p>\n<p>&#13;<br \/>\n                        J&rsquo;accepte&#13;<br \/>\n            J&rsquo;accepte tous les cookies&#13;\n        <\/p>\n","protected":false},"excerpt":{"rendered":"Tout est all\u00e9 tr\u00e8s vite dans les rues de Lille ce samedi 15 novembre. Et ce n\u2019est pas&hellip;\n","protected":false},"author":2,"featured_media":538989,"comment_status":"","ping_status":"","sticky":false,"template":"","format":"standard","meta":{"footnotes":""},"categories":[2815],"tags":[1111,11,4132,2730,2735,1777,674,1011,27,811,1307,12,25,517,2733,2734],"class_list":{"0":"post-538988","1":"post","2":"type-post","3":"status-publish","4":"format-standard","5":"has-post-thumbnail","7":"category-lille","8":"tag-actu","9":"tag-actualites","10":"tag-athletisme","11":"tag-drome","12":"tag-edition-valence-rhone-crussol-vallee-de-la-drome","13":"tag-eu","14":"tag-europe","15":"tag-fr","16":"tag-france","17":"tag-hauts-de-france","18":"tag-lille","19":"tag-news","20":"tag-republique-francaise","21":"tag-sport","22":"tag-valence","23":"tag-valence-bassin"},"share_on_mastodon":{"url":"https:\/\/pubeurope.com\/@fr\/115561684346423123","error":""},"_links":{"self":[{"href":"https:\/\/www.europesays.com\/fr\/wp-json\/wp\/v2\/posts\/538988","targetHints":{"allow":["GET"]}}],"collection":[{"href":"https:\/\/www.europesays.com\/fr\/wp-json\/wp\/v2\/posts"}],"about":[{"href":"https:\/\/www.europesays.com\/fr\/wp-json\/wp\/v2\/types\/post"}],"author":[{"embeddable":true,"href":"https:\/\/www.europesays.com\/fr\/wp-json\/wp\/v2\/users\/2"}],"replies":[{"embeddable":true,"href":"https:\/\/www.europesays.com\/fr\/wp-json\/wp\/v2\/comments?post=538988"}],"version-history":[{"count":0,"href":"https:\/\/www.europesays.com\/fr\/wp-json\/wp\/v2\/posts\/538988\/revisions"}],"wp:featuredmedia":[{"embeddable":true,"href":"https:\/\/www.europesays.com\/fr\/wp-json\/wp\/v2\/media\/538989"}],"wp:attachment":[{"href":"https:\/\/www.europesays.com\/fr\/wp-json\/wp\/v2\/media?parent=538988"}],"wp:term":[{"taxonomy":"category","embeddable":true,"href":"https:\/\/www.europesays.com\/fr\/wp-json\/wp\/v2\/categories?post=538988"},{"taxonomy":"post_tag","embeddable":true,"href":"https:\/\/www.europesays.com\/fr\/wp-json\/wp\/v2\/tags?post=538988"}],"curies":[{"name":"wp","href":"https:\/\/api.w.org\/{rel}","templated":true}]}}