{"id":538990,"date":"2025-11-16T22:15:18","date_gmt":"2025-11-16T22:15:18","guid":{"rendered":"https:\/\/www.europesays.com\/fr\/538990\/"},"modified":"2025-11-16T22:15:18","modified_gmt":"2025-11-16T22:15:18","slug":"la-piste-dun-commando-professionnel-se-precise-apres-lautopsie","status":"publish","type":"post","link":"https:\/\/www.europesays.com\/fr\/538990\/","title":{"rendered":"la piste d&rsquo;un commando professionnel se pr\u00e9cise apr\u00e8s l&rsquo;autopsie"},"content":{"rendered":"<p>\u00ab\u00a0Un vrai r\u00e9glo, du boulot de professionnel.\u00a0\u00bb Apr\u00e8s <a href=\"https:\/\/www.laprovence.com\/article\/faits-divers-justice\/16615486704367\/assassinat-de-mehdi-kessaci-a-marseille-le-narcobanditisme-a-t-il-franchi-un-nouveau-cap\" target=\"_blank\" rel=\"noopener\">l\u2019assassinat de Mehdi Kessaci, 20\u00a0ans,<\/a> jeudi apr\u00e8s-midi dans le 4\u1d49\u00a0arrondissement de Marseille, les services d\u2019enqu\u00eate ont rapidement d\u00e9cel\u00e9 la marque d\u2019un commando criminel aguerri. Une <strong>hypoth\u00e8se confort\u00e9e<\/strong> par les sp\u00e9cialistes de l\u2019institut m\u00e9dico-l\u00e9gal ayant effectu\u00e9, vendredi 14 novembre, l\u2019autopsie du corps du jeune homme inconnu des services de police et fr\u00e8re du militant \u00e9cologiste marseillais <a href=\"https:\/\/www.laprovence.com\/article\/region\/64684008835563\/amine-kessaci-maman-ne-voulait-pas-que-ses-enfants-grandissent-avec-les-murs-du-quartier-comme-seul-horizon\" target=\"_blank\" rel=\"noopener\">Amine Kessaci<\/a>, engag\u00e9 dans la lutte contre le narcotrafic.<\/p>\n<p>\u00ab\u00a0Le corps de la victime porte la trace de six impacts, au niveau du thorax\u00a0\u00bb, confirme \u00e0<a href=\"https:\/\/www.laprovence.com\/\" target=\"_blank\" rel=\"noopener\"> La Provence<\/a>, le procureur de la R\u00e9publique <a href=\"https:\/\/www.laprovence.com\/article\/faits-divers-justice\/9833048624655714\/a-bruxelles-le-procureur-de-marseille-nicolas-bessone-alerte-sur-les-connexions-franco-belges-dans-le-narcotrafic\" target=\"_blank\" rel=\"noopener\">Nicolas Bessone<\/a>. <strong>Six impacts de 9mm<\/strong> dans une zone mortelle qui font \u00e9cho aux six \u00e9tuis de m\u00eame calibre retrouv\u00e9s sur la sc\u00e8ne de crime. \u00ab\u00a0Ils ont fait mouche \u00e0 chaque fois, confie une source proche du dossier. Si on ajoute \u00e0 \u00e7a le mode op\u00e9ratoire, on n\u2019est clairement pas sur un gamin de 17\u00a0ans recrut\u00e9 sur les r\u00e9seaux sociaux\u00a0\u00bb.<\/p>\n<p>La piste de l\u2019op\u00e9ration \u00ab\u00a0d\u2019intimidation\u00a0\u00bb privil\u00e9gi\u00e9e<\/p>\n<p>Jeudi 13\u00a0novembre, <strong>14 h 30<\/strong>. Stationn\u00e9 devant le centre m\u00e9dical du rond-point Claudie-d\u2019Arcy, <a href=\"https:\/\/www.laprovence.com\/article\/faits-divers-justice\/16615486704367\/assassinat-de-mehdi-kessaci-a-marseille-le-narcobanditisme-a-t-il-franchi-un-nouveau-cap\" target=\"_blank\" rel=\"noopener\">Mehdi Kessaci<\/a> attend sa m\u00e8re au volant d\u2019une Audi Q3. C\u2019est alors que deux hommes su&#8230;<\/p>\n","protected":false},"excerpt":{"rendered":"\u00ab\u00a0Un vrai r\u00e9glo, du boulot de professionnel.\u00a0\u00bb Apr\u00e8s l\u2019assassinat de Mehdi Kessaci, 20\u00a0ans, jeudi apr\u00e8s-midi dans le 4\u1d49\u00a0arrondissement&hellip;\n","protected":false},"author":2,"featured_media":538991,"comment_status":"","ping_status":"","sticky":false,"template":"","format":"standard","meta":{"footnotes":""},"categories":[2814],"tags":[17,1111,11,6744,1102,6141,2837,1777,674,274,1011,27,65188,884,33735,12,8061,882,25],"class_list":{"0":"post-538990","1":"post","2":"type-post","3":"status-publish","4":"format-standard","5":"has-post-thumbnail","7":"category-marseille","8":"tag-17","9":"tag-actu","10":"tag-actualites","11":"tag-assassinat","12":"tag-breakingnews","13":"tag-commando","14":"tag-dun","15":"tag-eu","16":"tag-europe","17":"tag-faits-divers-justice","18":"tag-fr","19":"tag-france","20":"tag-kessaci","21":"tag-marseille","22":"tag-mehdi","23":"tag-news","24":"tag-piste","25":"tag-provence-alpes-cote-dazur","26":"tag-republique-francaise"},"share_on_mastodon":{"url":"https:\/\/pubeurope.com\/@fr\/115561688237577654","error":""},"_links":{"self":[{"href":"https:\/\/www.europesays.com\/fr\/wp-json\/wp\/v2\/posts\/538990","targetHints":{"allow":["GET"]}}],"collection":[{"href":"https:\/\/www.europesays.com\/fr\/wp-json\/wp\/v2\/posts"}],"about":[{"href":"https:\/\/www.europesays.com\/fr\/wp-json\/wp\/v2\/types\/post"}],"author":[{"embeddable":true,"href":"https:\/\/www.europesays.com\/fr\/wp-json\/wp\/v2\/users\/2"}],"replies":[{"embeddable":true,"href":"https:\/\/www.europesays.com\/fr\/wp-json\/wp\/v2\/comments?post=538990"}],"version-history":[{"count":0,"href":"https:\/\/www.europesays.com\/fr\/wp-json\/wp\/v2\/posts\/538990\/revisions"}],"wp:featuredmedia":[{"embeddable":true,"href":"https:\/\/www.europesays.com\/fr\/wp-json\/wp\/v2\/media\/538991"}],"wp:attachment":[{"href":"https:\/\/www.europesays.com\/fr\/wp-json\/wp\/v2\/media?parent=538990"}],"wp:term":[{"taxonomy":"category","embeddable":true,"href":"https:\/\/www.europesays.com\/fr\/wp-json\/wp\/v2\/categories?post=538990"},{"taxonomy":"post_tag","embeddable":true,"href":"https:\/\/www.europesays.com\/fr\/wp-json\/wp\/v2\/tags?post=538990"}],"curies":[{"name":"wp","href":"https:\/\/api.w.org\/{rel}","templated":true}]}}