{"id":538996,"date":"2025-11-16T22:18:17","date_gmt":"2025-11-16T22:18:17","guid":{"rendered":"https:\/\/www.europesays.com\/fr\/538996\/"},"modified":"2025-11-16T22:18:17","modified_gmt":"2025-11-16T22:18:17","slug":"richard-marion-investi-par-la-revolution-ecologique-pour-le-vivant","status":"publish","type":"post","link":"https:\/\/www.europesays.com\/fr\/538996\/","title":{"rendered":"Richard Marion investi par la R\u00e9volution \u00e9cologique pour le vivant"},"content":{"rendered":"<p>Sa position semblait difficilement tenable. La voici clarifi\u00e9e. Depuis 2020 et son entr\u00e9e en politique, Richard Marion nourrit le paradoxe de s\u2019opposer \u00e0 la majorit\u00e9 de la maire (PS) de Vaulx-en-Velin <a href=\"https:\/\/www.leprogres.fr\/p\/helene-geoffroy\" target=\"_blank\" rel=\"noopener\">H\u00e9l\u00e8ne Geoffroy<\/a>. Mais de si\u00e9ger \u00e0 ses c\u00f4t\u00e9s, au sein de la coalition \u00e9colo-socialiste, majoritaire \u00e0 la M\u00e9tropole de Lyon. Et o\u00f9 l\u2019ancienne secr\u00e9taire d\u2019\u00c9tat (charg\u00e9e de la Politique de la Ville) occupe une place de choix\u00a0: 6e\u00a0 vice-pr\u00e9sidente en charge de l\u2019\u00c9galit\u00e9 des territoires.<\/p>\n<p>Cette position intenable a m\u00eame valu \u00e0 Richard Marion une suspension vot\u00e9e en interne par son propre groupe des \u00c9cologistes. Pendant six mois, entre fin f\u00e9vrier et l\u2019\u00e9t\u00e9, l\u2019\u00e9lu de 38 ans a eu le droit de continuer de si\u00e9ger en s\u00e9ance publique et en commission permanente, sans pouvoir y prendre la parole.<\/p>\n<p>Une sanction qui a semble-t-il \u00e9loign\u00e9 Richard Marion de son parti. Jusqu\u2019\u00e0 l\u2019acte final, d\u00e9but septembre\u00a0: ce <a href=\"https:\/\/www.leprogres.fr\/politique\/2025\/09\/03\/2026-bruno-bernard-et-les-maires-de-gauche-font-front-commun\" target=\"_blank\" rel=\"noopener\">pacte d\u2019unit\u00e9<\/a> scell\u00e9 entre le pr\u00e9sident de la M\u00e9tropole de Lyon <a href=\"https:\/\/www.leprogres.fr\/p\/bruno-bernard\" target=\"_blank\" rel=\"noopener\">Bruno Bernard<\/a> (Les \u00c9cologistes) et les maires de Lyon <a href=\"https:\/\/www.leprogres.fr\/p\/gregory-doucet\" target=\"_blank\" rel=\"noopener\">Gr\u00e9gory Doucet<\/a> (Les \u00c9cologistes), de Villeurbanne <a href=\"https:\/\/www.leprogres.fr\/p\/cedric-van-styvendael\" target=\"_blank\" rel=\"noopener\">C\u00e9dric Van Styvendael<\/a> (PS), de V\u00e9nissieux Mich\u00e8le Picard (PCF) et donc de Vaulx-en-Velin H\u00e9l\u00e8ne Geoffroy (PS).<\/p>\n<p>  Pr\u00e9sent \u00e0 un meeting LFI<\/p>\n<p>Un temps pressenti pour int\u00e9grer LFI \u2013 il a \u00e9t\u00e9 aper\u00e7u \u00e0 une <a href=\"https:\/\/www.leprogres.fr\/politique\/2025\/05\/23\/municipales-2026-l-ecologiste-richard-marion-present-a-une-reunion-publique-de-lfi\" target=\"_blank\" rel=\"noopener\">r\u00e9union publique de Manuel Bompard au printemps<\/a> \u2013, Richard Marion opte finalement pour le parti d\u2019\u00ab\u00a0\u00e9cologie essentielle, antiproductiviste, d\u00e9coloniale et d\u00e9croissante\u00a0\u00bb cr\u00e9\u00e9 en 2018 par le d\u00e9put\u00e9 <a href=\"https:\/\/www.leprogres.fr\/p\/aymeric-caron\" target=\"_blank\" rel=\"noopener\">Aymeric Caron<\/a>. \u00ab\u00a0J\u2019ai pr\u00e9sent\u00e9 ma d\u00e9mission du parti Les Ecologistes hier [samedi 15\u00a0novembre] pour accepter l\u2019investiture REV d\u2019Aymeric Caron\u00a0\u00bb, pr\u00e9cise l\u2019int\u00e9ress\u00e9 au Progr\u00e8s.<\/p>\n<p>Ce contenu est bloqu\u00e9 car vous n&rsquo;avez pas accept\u00e9 les cookies et autres traceurs.<\/p>\n<p>En cliquant sur \u00ab J\u2019accepte \u00bb, les cookies et autres traceurs seront d\u00e9pos\u00e9s et vous pourrez visualiser les contenus  (<a href=\"\" class=\"consentModule_policy\" target=\"_blank\" title=\"Consulter la politique de protection des donn\u00e9es du fournisseur\">plus d&rsquo;informations<\/a>).<\/p>\n<p>En cliquant sur \u00ab J\u2019accepte tous les cookies \u00bb, vous autorisez des d\u00e9p\u00f4ts de cookies et autres traceurs pour le stockage de vos donn\u00e9es sur nos sites et applications \u00e0 des fins de personnalisation et de ciblage publicitaire.<\/p>\n<p class=\"consentModule_secondaryText\">Vous gardez la possibilit\u00e9 de retirer votre consentement \u00e0 tout moment en consultant notre <a href=\"https:\/\/www.leprogres.fr\/protection-des-donnees\" target=\"_blank\" title=\"Consulter notre politique de protection des donn\u00e9es\" rel=\"noopener\">politique de protection des donn\u00e9es<\/a>. <br \/>&#13;<br \/>\n            <a href=\"https:\/\/www.leprogres.fr\/elections\/2025\/11\/16\/javascript:Didomi.notice.show()\" class=\"consentModule_cmp\" target=\"_blank\" rel=\"noopener\">G\u00e9rer mes choix<\/a>&#13;\n        <\/p>\n<p>&#13;<br \/>\n                        J&rsquo;accepte&#13;<br \/>\n            J&rsquo;accepte tous les cookies&#13;\n        <\/p>\n<p>La REV d\u00e9signe donc ce dimanche 16\u00a0novembre Richard Marion \u00ab\u00a0chef de file\u00a0\u00bb, tant pour les Municipales de Vaulx-en-Velin que pour les M\u00e9tropolitaines. L\u2019\u00e9lu confirme sa proximit\u00e9 avec un autre chef de file\u00a0: le d\u00e9put\u00e9 <a href=\"https:\/\/www.leprogres.fr\/p\/abdelkader-lahmar\" target=\"_blank\" rel=\"noopener\">Abdelkader Lahmar<\/a>, puisque \u00ab\u00a0LFI est le plus grand parti de gauche \u00e0 Vaulx-en-Velin\u00a0\u00bb. Avec qui il pourrait faire alliance\u00a0? \u00ab\u00a0Laissez-moi le temps, je viens juste d\u2019\u00eatre investi\u00a0\u00bb. Et au niveau m\u00e9tropolitain\u00a0? \u00ab\u00a0Vous le saurez en temps voulu, sourit-il. Mais la REV discute avec toutes les forces de gauche. \u00bb<\/p>\n","protected":false},"excerpt":{"rendered":"Sa position semblait difficilement tenable. La voici clarifi\u00e9e. Depuis 2020 et son entr\u00e9e en politique, Richard Marion nourrit&hellip;\n","protected":false},"author":2,"featured_media":538997,"comment_status":"","ping_status":"","sticky":false,"template":"","format":"standard","meta":{"footnotes":""},"categories":[1889],"tags":[1111,11,2430,1984,3152,4188,1777,674,1011,27,2428,12,316,25,2429,5070,5449],"class_list":{"0":"post-538996","1":"post","2":"type-post","3":"status-publish","4":"format-standard","5":"has-post-thumbnail","7":"category-lyon","8":"tag-actu","9":"tag-actualites","10":"tag-auvergne-rhone-alpes","11":"tag-conseil-municipal","12":"tag-edition-est-lyonnais","13":"tag-elections-municipales","14":"tag-eu","15":"tag-europe","16":"tag-fr","17":"tag-france","18":"tag-lyon","19":"tag-news","20":"tag-politique","21":"tag-republique-francaise","22":"tag-rhone","23":"tag-vaulx-en-velin","24":"tag-vaulx-ville"},"share_on_mastodon":{"url":"https:\/\/pubeurope.com\/@fr\/115561699965140586","error":""},"_links":{"self":[{"href":"https:\/\/www.europesays.com\/fr\/wp-json\/wp\/v2\/posts\/538996","targetHints":{"allow":["GET"]}}],"collection":[{"href":"https:\/\/www.europesays.com\/fr\/wp-json\/wp\/v2\/posts"}],"about":[{"href":"https:\/\/www.europesays.com\/fr\/wp-json\/wp\/v2\/types\/post"}],"author":[{"embeddable":true,"href":"https:\/\/www.europesays.com\/fr\/wp-json\/wp\/v2\/users\/2"}],"replies":[{"embeddable":true,"href":"https:\/\/www.europesays.com\/fr\/wp-json\/wp\/v2\/comments?post=538996"}],"version-history":[{"count":0,"href":"https:\/\/www.europesays.com\/fr\/wp-json\/wp\/v2\/posts\/538996\/revisions"}],"wp:featuredmedia":[{"embeddable":true,"href":"https:\/\/www.europesays.com\/fr\/wp-json\/wp\/v2\/media\/538997"}],"wp:attachment":[{"href":"https:\/\/www.europesays.com\/fr\/wp-json\/wp\/v2\/media?parent=538996"}],"wp:term":[{"taxonomy":"category","embeddable":true,"href":"https:\/\/www.europesays.com\/fr\/wp-json\/wp\/v2\/categories?post=538996"},{"taxonomy":"post_tag","embeddable":true,"href":"https:\/\/www.europesays.com\/fr\/wp-json\/wp\/v2\/tags?post=538996"}],"curies":[{"name":"wp","href":"https:\/\/api.w.org\/{rel}","templated":true}]}}