{"id":538998,"date":"2025-11-16T22:20:17","date_gmt":"2025-11-16T22:20:17","guid":{"rendered":"https:\/\/www.europesays.com\/fr\/538998\/"},"modified":"2025-11-16T22:20:17","modified_gmt":"2025-11-16T22:20:17","slug":"quelles-perturbations-prevoir-pour-la-ratp-et-la-sncf-cette-semaine-53","status":"publish","type":"post","link":"https:\/\/www.europesays.com\/fr\/538998\/","title":{"rendered":"Quelles perturbations pr\u00e9voir pour la RATP et la SNCF cette semaine\u00a0?"},"content":{"rendered":"<p>Si vous devez vous d\u00e9placer en transports en commun du 17 au 23\u00a0novembre, consultez d\u2019abord les perturbations RATP et SNCF. Voici les perturbations attendues sur les lignes de Paris et en \u00cele-de-France cette semaine.<\/p>\n<p>M\u00e9tro<\/p>\n<ul>\n<li>Ligne 14\u00a0: Le 23 novembre jusqu\u2019\u00e0 14 heures, le trafic est interrompu sur toute la ligne (travaux). Des bus de substitution seront mis en place sur Gare de Lyon \u2013 Olympiades.<\/li>\n<\/ul>\n<p>RER<\/p>\n<ul>\n<li>RER A\u00a0: Jusqu\u2019au 19\u00a0d\u00e9cembre, du lundi au vendredi \u00e0 partir de 21h50, le trafic sera interrompu entre Cergy \u2013 Le Haut et Maisons-Laffitte (travaux). Jusqu\u2019au 13\u00a0d\u00e9cembre, du mardi au samedi jusqu\u2019\u00e0 05h10, le trafic sera interrompu de Cergy \u2013 Le Haut \u00e0 Maisons-Laffitte (travaux). Jusqu\u2019au 30\u00a0novembre, le week-end, les trains \u00e0 destination de <a href=\"https:\/\/www.20minutes.fr\/dossier\/poissy\" class=\"c-link c-link--is-underlined\" target=\"_blank\" rel=\"noopener\">Poissy<\/a> desservent \u00e9galement Cergy \u2013 Le Haut (allongement du temps de parcours entre Ach\u00e8res \u2013 Ville et Cergy \u2013 Le Haut) en raison de travaux.<\/li>\n<li><a href=\"https:\/\/www.20minutes.fr\/dossier\/rer_b\" class=\"c-link c-link--is-underlined\" target=\"_blank\" rel=\"noopener\">RER B<\/a>\u00a0: samedi\u00a022 et dimanche 23\u00a0novembre, d\u00e8s 23 heures, le trafic sera interrompu entre <a href=\"https:\/\/www.20minutes.fr\/economie\/aulnay\/\" class=\"c-link c-link--is-underlined\" target=\"_blank\" rel=\"noopener\">Aulnay-sous-Bois<\/a> et A\u00e9roport Charles de Gaulle 2 \u2013 TGV (travaux). Des bus de substitution seront mis en place. Du 17\u00a0novembre au 12\u00a0d\u00e9cembre, du lundi au vendredi d\u00e8s 22h45, le trafic est interrompu entre Gare du Nord et A\u00e9roport Charles de Gaulle 2 \u2013 TGV \u2022 Mitry \u2013 Claye (travaux)<\/li>\n<li>RER C\u00a0: du lundi\u00a017 au vendredi 21\u00a0novembre, d\u00e8s 23h30, le trafic sera interrompu entre Saint-Martin d\u2019\u00c9tampes et Gare d\u2019Austerlitz, et entre Dourdan la For\u00eat et Gare d\u2019Austerlitz. Des bus de substitution seront mis en place. Du mercredi\u00a012 au vendredi 28\u00a0novembre \u00e0 partir de 23h30 du lundi au vendredi, le trafic sera interrompu de Javel vers Saint-Quentin en Yvelines (travaux). Le trafic sera interrompu entre Paris Austerlitz et Juvisy via Choisy le Roi d\u00e8s 23 heures. Jusqu\u2019au 28\u00a0novembre, du lundi au vendredi d\u00e8s 23 heures, le trafic sera interrompu entre Pont de Rungis A\u00e9roport d\u2019Orly et Gare d\u2019Austerlitz. Jusqu\u2019au 28\u00a0novembre, du lundi au vendredi \u00e0 partir de 23 heures, le trafic sera interrompu entre Avenue Henri Martin et Pontoise. Dimanche 23\u00a0novembre, \u00e0 partir de 23h45, le trafic sera interrompu entre Saint-Martin d\u2019\u00c9tampes et Gare d\u2019Austerlitz, et entre Dourdan la For\u00eat et Gare d\u2019Austerlitz. Des bus de substitution seront mis en place. Jusqu\u2019au 11\u00a0janvier, l\u2019arr\u00eat ne sera pas desservi \u00e0 Issy vers Dourdan la For\u00eat, Saint-Martin d\u2019\u00c9tampes et Massy \u2013 Palaiseau (travaux). Samedi 22\u00a0novembre, le trafic sera interrompu entre Juvisy et Dourdan Juvisy et Saint-Martin d\u2019Etampes jusqu\u2019\u00e0 17 heures.<\/li>\n<li>RER D\u00a0: samedi\u00a022 et dimanche 23\u00a0novembre, le trafic sera interrompu entre Combs-la-Ville \u2013 Quincy et Melun. Jusqu\u2019au 28\u00a0novembre, du lundi au vendredi d\u00e8s 23h35, le trafic sera interrompu entre Combs-la-Ville \u2013 Quincy et Melun. Des bus de remplacement sont mis en place. Jusqu\u2019au 14\u00a0d\u00e9cembre, du lundi au vendredi \u00e0 partir de 23h20, le trafic sera interrompu entre Gare du Nord et Creil (travaux). En semaine de 23h15 \u00e0 4h40. du lundi 10\u00a0novembre au vendredi 21\u00a0novembre, le trafic sera interrompu entre Paris Gare de Lyon et Paris Gare du Nord. Du lundi\u00a017 au vendredi 21\u00a0novembre, d\u00e8s 23h35, le trafic sera interrompu entre Combs-la-Ville \u2013 Quincy et Melun. En semaine de 22h30 \u00e0 fin de service, du lundi 06 octobre au vendredi 12\u00a0d\u00e9cembre, les gares entre Paris Gare de Lyon et Villeneuve Saint-Georges ne seront pas desservies. En semaine d\u00e8s 23h35 du 13\u00a0octobre au vendredi 28\u00a0novembre, le trafic sera interrompu entre Paris Gare du Nord et Creil. Des bus de substitution seront mis en place, avec desserte des gares interm\u00e9diaires (travaux). Samedi\u00a022 et dimanche 23\u00a0novembre, d\u00e8s 22h50, le trafic sera interrompu entre Paris <a href=\"https:\/\/www.20minutes.fr\/dossier\/gare_de_lyon\" class=\"c-link c-link--is-underlined\" target=\"_blank\" rel=\"noopener\">Gare de Lyon<\/a> et Creil.<\/li>\n<li>RER E\u00a0: jusqu\u2019au vendredi 21\u00a0novembre, d\u00e8s 21h55, le trafic sera interrompu entre Nanterre-la-Folie et Villiers-sur-Marne et entre Nanterre-la-Folie et Tournan (travaux). Dimanche 23\u00a0novembre, le trafic sera interrompu entre Nanterre-La-Folie et Villiers-sur-Marne\/Tournan (travaux). Samedi 22\u00a0novembre jusqu\u2019au dimanche 23\u00a0novembre \u00e0 19 heures, un train sur deux circule entre Nanterre-la-Folie et Chelles Gournay, et entre Nanterre-la-Folie et Villiers-sur-Marne (travaux).<\/li>\n<\/ul>\n<p>Transilien<\/p>\n<ul>\n<li>Ligne J\u00a0: du lundi\u00a017 au vendredi 21\u00a0novembre, les deux derniers trains au d\u00e9part de Paris Saint-Lazare et \u00e0 destination de Mantes la Jolie via Conflans Sainte-Honorine sont terminus en gare de Issou Porcheville. D\u00e8s 22h50 du lundi au vendredi, le trafic sera interrompu entre <a href=\"https:\/\/www.20minutes.fr\/dossier\/argenteuil\" class=\"c-link c-link--is-underlined\" target=\"_blank\" rel=\"noopener\">Argenteuil<\/a> et Ermont Eaubonne. Les gares de Bois Colombes, Colombes et Le Stade ne seront pas desservies.<\/li>\n<li>Ligne K\u00a0: samedi\u00a022 et dimanche 23\u00a0novembre, le trafic sera interrompu entre Gare du Nord et Mitry \u2013 Claye. En semaine de soir\u00e9e jusqu\u2019au samedi matin, du lundi 19\u00a0mai au samedi 20\u00a0d\u00e9cembre, le trafic sera interrompu entre <a href=\"https:\/\/www.20minutes.fr\/dossier\/gare_du_nord\" class=\"c-link c-link--is-underlined\" target=\"_blank\" rel=\"noopener\">Gare du Nord<\/a> et Cr\u00e9py-en-Valois.<\/li>\n<li>Ligne L\u00a0: samedi\u00a022 et dimanche 23\u00a0novembre, le trafic sera interrompu entre B\u00e9con les Bruy\u00e8res et Nanterre Universit\u00e9 et entre B\u00e9con les Bruy\u00e8res et Maisons-Laffitte.<\/li>\n<li>Ligne N\u00a0: du lundi 03 au vendredi 28\u00a0novembre, le trafic sera interrompu de Paris Montparnasse vers Mantes-la-Jolie. Dernier train de Paris Montparnasse vers Mantes-la-Jolie\u00a0: 20h50. Des bus de substitution seront mis en place, avec desserte des gares interm\u00e9diaires.<\/li>\n<li>Ligne P\u00a0: samedi et dimanche, le trafic sera interrompu entre Paris Est et Meaux et entre Paris Est et Ch\u00e2teau-Thierry. Il en va de m\u00eame entre Paris Est et Meaux, entre Paris Est et Ch\u00e2teau-Thierry et entre <a href=\"https:\/\/www.20minutes.fr\/dossier\/meaux\" class=\"c-link c-link--is-underlined\" target=\"_blank\" rel=\"noopener\">Meaux<\/a> et La Fert\u00e9 \u2013 Milon. Du lundi\u00a017 au vendredi 21\u00a0novembre, le trafic sera interrompu entre Paris Est et Ch\u00e2teau-Thierry. Des bus de substitution seront mis en place, avec desserte des gares interm\u00e9diaires (travaux). En semaine d\u00e8s 21h45, du lundi\u00a03 au vendredi 21\u00a0novembre, le trafic sera interrompu entre Paris Est et Provins. D\u00e8s 21h30, le trafic sera interrompu jusqu\u2019au vendredi 19\u00a0d\u00e9cembre, en semaine, entre Paris Est et Coulommiers. Du 22\u00a0novembre au 23\u00a0novembre, le week-end, le trafic est interrompu entre Gare de l\u2019Est et Ch\u00e2teau-Thierry. Des bus de substitution seront mis en place.<\/li>\n<li>Ligne R\u00a0: du lundi 03 au vendredi 30\u00a0novembre, les trains de la ligne R sont directs <a href=\"https:\/\/www.20minutes.fr\/dossier\/corbeil-essonnes\" class=\"c-link c-link--is-underlined\" target=\"_blank\" rel=\"noopener\">Corbeil-Essonnes<\/a>. Les trains \u00e0 destination de Montereau sont directs Champagne sur Seine (travaux) d\u00e8s 23h35. En semaine de 22h30 \u00e0 05h30, du lundi\u00a017 au vendredi 21\u00a0novembre, le trafic sera interrompu entre <a href=\"https:\/\/www.20minutes.fr\/dossier\/melun\" class=\"c-link c-link--is-underlined\" target=\"_blank\" rel=\"noopener\">Melun<\/a> et Montereau via H\u00e9ricy.<\/li>\n<\/ul>\n<p>Tramway<\/p>\n<ul>\n<li>T1\u00a0: le trafic sera interrompu entre <a href=\"https:\/\/www.20minutes.fr\/dossier\/asnieres\" class=\"c-link c-link--is-underlined\" target=\"_blank\" rel=\"noopener\">Asni\u00e8res<\/a> \u2013 Quatre Routes et Gare de Saint-Denis et perturb\u00e9 sur le reste de la ligne (d\u00e9gradation par un tiers \u00e0 L\u2019\u00cele-Saint-Denis). Reprise des circulations envisag\u00e9e \u00e0 l\u2019\u00e9t\u00e9\u00a02026.<\/li>\n<li>T2\u00a0: jusqu\u2019\u00e0 fin f\u00e9vrier\u00a02026, le trafic sera interrompu entre Porte de Versailles et Suzanne Lenglen (travaux)<\/li>\n<li>Pour rejoindre la Porte de Versailles, depuis Suzanne Lenglen, rejoignez \u00e0 pied la station Balard du T3a.<\/li>\n<li>T4\u00a0: du lundi 10\u00a0novembre au vendredi 28\u00a0novembre, sauf les week-end, le trafic sera interrompu sur toute la ligne \u00e0 partir de 21h15. Des bus de substitution seront mis en place (travaux).<\/li>\n<li>T13\u00a0: du samedi\u00a022 au dimanche 23\u00a0novembre, le trafic sera interrompu sur l\u2019ensemble de la ligne \u00e0 partir de 20 heures.<\/li>\n<li>T14\u00a0: du vendredi 21\u00a0novembre d\u00e8s 22h jusqu\u2019au dimanche 23\u00a0novembre 17h, le trafic sera interrompu sur toute la ligne<\/li>\n<\/ul>\n","protected":false},"excerpt":{"rendered":"Si vous devez vous d\u00e9placer en transports en commun du 17 au 23\u00a0novembre, consultez d\u2019abord les perturbations RATP&hellip;\n","protected":false},"author":2,"featured_media":538999,"comment_status":"","ping_status":"","sticky":false,"template":"","format":"standard","meta":{"footnotes":""},"categories":[1592],"tags":[1111,11,1936,1777,674,1011,27,3314,662,12,626,625,1306,25,1937,1945,2215,2216],"class_list":{"0":"post-538998","1":"post","2":"type-post","3":"status-publish","4":"format-standard","5":"has-post-thumbnail","7":"category-ile-de-france","8":"tag-actu","9":"tag-actualites","10":"tag-essonne","11":"tag-eu","12":"tag-europe","13":"tag-fr","14":"tag-france","15":"tag-hauts-de-seine","16":"tag-ile-de-france","17":"tag-news","18":"tag-paris","19":"tag-ratp","20":"tag-regions","21":"tag-republique-francaise","22":"tag-seine-et-marne","23":"tag-seine-saint-denis","24":"tag-sncf","25":"tag-transports-en-commun"},"share_on_mastodon":{"url":"https:\/\/pubeurope.com\/@fr\/115561708057812405","error":""},"_links":{"self":[{"href":"https:\/\/www.europesays.com\/fr\/wp-json\/wp\/v2\/posts\/538998","targetHints":{"allow":["GET"]}}],"collection":[{"href":"https:\/\/www.europesays.com\/fr\/wp-json\/wp\/v2\/posts"}],"about":[{"href":"https:\/\/www.europesays.com\/fr\/wp-json\/wp\/v2\/types\/post"}],"author":[{"embeddable":true,"href":"https:\/\/www.europesays.com\/fr\/wp-json\/wp\/v2\/users\/2"}],"replies":[{"embeddable":true,"href":"https:\/\/www.europesays.com\/fr\/wp-json\/wp\/v2\/comments?post=538998"}],"version-history":[{"count":0,"href":"https:\/\/www.europesays.com\/fr\/wp-json\/wp\/v2\/posts\/538998\/revisions"}],"wp:featuredmedia":[{"embeddable":true,"href":"https:\/\/www.europesays.com\/fr\/wp-json\/wp\/v2\/media\/538999"}],"wp:attachment":[{"href":"https:\/\/www.europesays.com\/fr\/wp-json\/wp\/v2\/media?parent=538998"}],"wp:term":[{"taxonomy":"category","embeddable":true,"href":"https:\/\/www.europesays.com\/fr\/wp-json\/wp\/v2\/categories?post=538998"},{"taxonomy":"post_tag","embeddable":true,"href":"https:\/\/www.europesays.com\/fr\/wp-json\/wp\/v2\/tags?post=538998"}],"curies":[{"name":"wp","href":"https:\/\/api.w.org\/{rel}","templated":true}]}}