{"id":539000,"date":"2025-11-16T22:21:23","date_gmt":"2025-11-16T22:21:23","guid":{"rendered":"https:\/\/www.europesays.com\/fr\/539000\/"},"modified":"2025-11-16T22:21:23","modified_gmt":"2025-11-16T22:21:23","slug":"liberation-de-camilo-castro-qui-sont-les-2-000-francais-encore-emprisonnes-a-letranger-en-2025","status":"publish","type":"post","link":"https:\/\/www.europesays.com\/fr\/539000\/","title":{"rendered":"Lib\u00e9ration de Camilo Castro\u00a0: qui sont les 2\u00a0000 Fran\u00e7ais encore emprisonn\u00e9s \u00e0 l\u2019\u00e9tranger en 2025\u00a0?"},"content":{"rendered":"<p class=\"paragraph text_align_left lp-f-body-02\">\u00ab Vive la libert\u00e9 \u00bb. Camilo Castro, un Fran\u00e7ais d\u00e9tenu au Venezuela depuis juin, <a href=\"https:\/\/www.leparisien.fr\/faits-divers\/prof-de-yoga-vie-austere-qui-est-camilo-castro-ce-francais-de-40-ans-arrete-au-venezuela-sans-motif-21-08-2025-7PXJNUPDIVH3HH35DJXX3RHDCM.php\" target=\"_blank\" rel=\"noreferrer noopener\">est rentr\u00e9 dimanche en France<\/a>, au lendemain de sa lib\u00e9ration, visiblement \u00e9mu et \u00e9prouv\u00e9. Ce professeur de yoga de 41 ans <a href=\"https:\/\/www.leparisien.fr\/politique\/le-francais-camilo-castro-detenu-au-venezuela-est-libre-annonce-emmanuel-macron-16-11-2025-CPJIF55FNZDNPPCYGEZMQJHFDI.php\" target=\"_blank\" rel=\"noreferrer noopener\">a atterri dans l\u2019apr\u00e8s-midi \u00e0 l\u2019a\u00e9roport parisien d\u2019Orly<\/a>, accueilli par le chef de la diplomatie fran\u00e7aise Jean-No\u00ebl Barrot.<\/p>\n<p class=\"paragraph text_align_left lp-f-body-02\">\u00ab Vive la libert\u00e9, vive l\u2019\u00e9galit\u00e9 et vive la fraternit\u00e9. Puissent tous les \u00eatres sur cette terre vivre libre de toute souffrance \u00bb, a-t-il d\u00e9clar\u00e9, des sanglots dans la voix, au c\u00f4t\u00e9 de sa famille. Ce d\u00e9sormais ex-prisonnier fran\u00e7ais est le symbole de la gestion par la France de ses milliers de ressortissants emprisonn\u00e9s \u00e0 travers le monde.<\/p>\n<p class=\"paragraph text_align_left lp-f-body-02\">Ces derni\u00e8res semaines, la France a obtenu des succ\u00e8s diplomatiques sur certains cas m\u00e9diatiques, <a href=\"https:\/\/www.leparisien.fr\/international\/iran\/immense-soulagement-jacques-paris-et-cecile-kohler-la-fin-dun-cauchemar-iranien-de-plus-de-trois-ans-04-11-2025-BJFC3AUBLJGBNEGC5C7KNY43ZU.php\" target=\"_blank\" rel=\"noreferrer noopener\">comme C\u00e9cile Kohler et Jacques Paris en Iran<\/a> ou encore <a href=\"https:\/\/www.leparisien.fr\/politique\/je-suis-costaud-tu-sais-boualem-sansal-va-plutot-bien-et-sera-a-paris-aujourdhui-ou-demain-selon-kamel-daoud-14-11-2025-ZQ57VVEYARAIHGAR3274YDTZNA.php\" target=\"_blank\" rel=\"noreferrer noopener\">Boualem Sansal en Alg\u00e9rie<\/a>, mais la r\u00e9alit\u00e9 du moment en cache une autre moins r\u00e9jouissante, mais pas pour autant moins sous les radars du Quai d\u2019Orsay.<\/p>\n<p class=\"paragraph text_align_left lp-f-body-02\">Le cas <a href=\"https:\/\/www.leparisien.fr\/international\/une-issue-heureuse-la-grace-de-boualem-sansal-relance-lespoir-pour-christophe-gleizes-incarcere-en-algerie-14-11-2025-KVU5T6WKCRH2JF4WDVOFL5OGRY.php\" target=\"_blank\" rel=\"noreferrer noopener\">du journaliste fran\u00e7ais Christophe Gleize<\/a> pourrait voir lui aussi une issue positive. La justice alg\u00e9rienne a condamn\u00e9 en mars ce journaliste fran\u00e7ais de 36 ans \u00e0 sept ans de prison pour un reportage. Ses proches veulent croire que la lib\u00e9ration de l\u2019\u00e9crivain franco-alg\u00e9rien amorce un tournant dans son dossier.<\/p>\n<p class=\"lp-card-podcast-highlighting__title  lp-f-subtitle-05\">[2\/2] Mus\u00e9e Marmottan\u00a0: le vol spectaculaire d\u2019un chef-d\u2019\u0153uvre de Monet<\/p>\n<p class=\"lp-card-podcast-highlighting__description lp-f-ui-05\">Crime story raconte chaque semaine les grandes affaires criminelles.<\/p>\n<p><a class=\"lp-card-podcast-highlighting__call-to-action\" data-page-type=\"HP\" data-block-name=\"podcast-highlight\">\u00c9couter<\/a><\/p>\n<p class=\"paragraph text_align_left lp-f-body-02\">Un rapport \u00ab sur la situation des Fran\u00e7ais \u00e9tablis hors de France 2024 \u00bb d\u00e9taille la r\u00e9alit\u00e9 crue des prisonniers fran\u00e7ais hors de France.<\/p>\n<p>Plus de 2 000 prisonniers fran\u00e7ais \u00e0 l\u2019\u00e9tranger<\/p>\n<p class=\"paragraph text_align_left lp-f-body-02\">En 2023, ce ne sont pas moins de 2 297 Fran\u00e7ais d\u00e9tenus \u00e0 l\u2019\u00e9tranger, dont environ 11 % de femmes, \u00ab qui ont \u00e9t\u00e9 port\u00e9s \u00e0 la connaissance des services du minist\u00e8re des Affaires \u00e9trang\u00e8res \u00bb. \u00ab Il convient de pr\u00e9ciser que ces chiffres doivent \u00eatre pris avec pr\u00e9caution dans la mesure o\u00f9 dans de nombreux pays, notamment frontaliers, les Fran\u00e7ais arr\u00eat\u00e9s ou incarc\u00e9r\u00e9s ne souhaitent pas n\u00e9cessairement se faire conna\u00eetre des services du minist\u00e8re ou b\u00e9n\u00e9ficier de la protection consulaire \u00bb, pr\u00e9cise toutefois le Quai d\u2019Orsay dans ce rapport.<\/p>\n<p class=\"paragraph text_align_left lp-f-body-02\">\u00ab De la m\u00eame fa\u00e7on, les d\u00e9tenus ne mentionnent pas toujours les motifs de leur d\u00e9tention, qui peuvent par cons\u00e9quent rester inconnus des autorit\u00e9s fran\u00e7aises d\u00e8s lors que les autorit\u00e9s locales n\u2019ont pas d\u2019obligation de les leur communiquer \u00bb, explique encore ce rapport.<\/p>\n<p class=\"paragraph text_align_left lp-f-body-02\">Selon le rapport consolid\u00e9, la majorit\u00e9 des d\u00e9tenus Fran\u00e7ais \u00e0 l\u2019\u00e9tranger est localis\u00e9e dans l\u2019Union europ\u00e9enne et en Europe occidentale (50 % du total), en particulier dans les pays frontaliers (un tiers du total g\u00e9n\u00e9ral). On trouve ensuite l\u2019Afrique du Nord (16 %), puis l\u2019Asie et l\u2019Oc\u00e9anie, les Am\u00e9riques et l\u2019Afrique subsaharienne (8 \u00e0 9 % du total chacune) comme r\u00e9gions \u00ab accueillant \u00bb des Fran\u00e7ais en prison.<\/p>\n<p>Des prisonniers ou des \u00ab otages \u00bb<\/p>\n<p class=\"paragraph text_align_left lp-f-body-02\">Sur les huit premiers mois de l\u2019ann\u00e9e 2024, 2 071 cas de Fran\u00e7ais d\u00e9tenus \u00e0 l\u2019\u00e9tranger ont \u00e9t\u00e9 port\u00e9s \u00e0 la connaissance des services du minist\u00e8re des Affaires \u00e9trang\u00e8res. \u00c0 la date du 1er septembre 2024, ils avaient connaissance de 1 658 Fran\u00e7ais effectivement incarc\u00e9r\u00e9s, <a href=\"https:\/\/www.senat.fr\/questions\/base\/2024\/qSEQ241000854.html#:~:text=Comme%20indiqu%C3%A9%20dans%20le%20rapport,s&#039;%C3%A9levait%20%C3%A0%202%20297.\" target=\"_blank\" rel=\"noreferrer noopener\">pr\u00e9cise une autre r\u00e9ponse du MAE au S\u00e9nat, cette fois-ci fin 2024<\/a>.<\/p>\n<p class=\"paragraph text_align_left lp-f-body-02\">\u00ab 2 300 compatriotes d\u00e9tenus \u00e0 l\u2019\u00e9tranger b\u00e9n\u00e9ficient de l\u2019accompagnement des services consulaires du minist\u00e8re des Affaires \u00e9trang\u00e8res. Certains d\u2019entre eux sont d\u00e9tenus arbitrairement, retenus otages ou pire encore ; alors, la diplomatie fran\u00e7aise tout enti\u00e8re se mobilise pour obtenir leur lib\u00e9ration \u00bb, pr\u00e9cisait en juillet Jean-No\u00ebl Barrot \u00e0 l\u2019Assembl\u00e9e nationale, apr\u00e8s <a href=\"https:\/\/questions.assemblee-nationale.fr\/q17\/17-849QG.htm\" target=\"_blank\" rel=\"noreferrer noopener\">une question de sa maintenant coll\u00e8gue ministre Na\u00efma Moutchou, alors simple d\u00e9put\u00e9e<\/a>.<\/p>\n<p class=\"paragraph text_align_left lp-f-body-02\">\u00ab C\u2019est ainsi qu\u2019avec un immense soulagement, nous avons accueilli, il y a quelques mois, la nouvelle de la lib\u00e9ration de notre compatriote <a href=\"https:\/\/www.leparisien.fr\/international\/israel\/il-buvait-de-leau-de-mer-le-frere-de-lex-otage-franco-israelien-ofer-kalderon-raconte-ses-conditions-de-detention-16-02-2025-IOFI5ZLP5FF7DKXFIYM3TN63KA.php\" target=\"_blank\" rel=\"noreferrer noopener\">Ofer Kalderon<\/a>, apr\u00e8s 424 jours pass\u00e9s dans l\u2019enfer des tunnels de Gaza. C\u2019est avec le m\u00eame soulagement que nous avons appris la lib\u00e9ration d\u2019<a href=\"https:\/\/www.leparisien.fr\/international\/il-voulait-parcourir-le-monde-qui-est-olivier-grondeau-le-troisieme-otage-francais-retenu-en-iran-13-01-2025-SHFP3NSNQVDXHCTZ7FZTBVGUNI.php\" target=\"_blank\" rel=\"noreferrer noopener\">Olivier Grondeau<\/a>, apr\u00e8s 887 jours pass\u00e9s dans des prisons iraniennes, ou celle de <a href=\"https:\/\/www.leparisien.fr\/international\/emprisonne-pour-un-graffiti-dans-le-metro-un-francais-gracie-en-azerbaidjan-26-05-2025-QQAQANLTKVHBDIBS65V6WCMFBA.php\" target=\"_blank\" rel=\"noreferrer noopener\">Th\u00e9o Clerc<\/a>, apr\u00e8s 422 jours de d\u00e9tention en Azerba\u00efdjan \u00bb, rappelait-il encore \u00e0 l\u2019\u00e9poque, citant les cas les plus m\u00e9diatiques.<\/p>\n<p>Encore quatre condamn\u00e9s \u00e0 mort aux destins incertains<\/p>\n<p class=\"paragraph text_align_left lp-f-body-02\">Le rapport soulignait aussi que quatre Fran\u00e7ais sont toujours condamn\u00e9s \u00e0 la peine capitale dans le monde, apr\u00e8s le retour le 4 f\u00e9vrier 2025, <a href=\"https:\/\/www.leparisien.fr\/faits-divers\/serge-atlaoui-a-assez-souffert-christiane-taubira-et-jacques-toubon-signataires-dune-lettre-ouverte-a-emmanuel-macron-28-05-2025-E4B2T4TNSRHQTGQWDAP2SH452I.php\" target=\"_blank\" rel=\"noreferrer noopener\">du Fran\u00e7ais Serge Atlaoui en France<\/a>. Ce dernier avait pass\u00e9 pr\u00e8s de 18 ans dans les couloirs de la mort indon\u00e9siens apr\u00e8s avoir \u00e9t\u00e9 condamn\u00e9 \u00e0 mort pour trafic de drogue en mai 2007. Le 12 f\u00e9vrier 2025, la justice fran\u00e7aise a commu\u00e9 la peine de mort prononc\u00e9e contre Serge Atlaoui en Indon\u00e9sie en 30 ans de r\u00e9clusion. <a href=\"https:\/\/www.leparisien.fr\/faits-divers\/serge-atlaoui-ex-condamne-a-mort-en-indonesie-va-sortir-de-prison-ce-vendredi-annonce-sa-femme-18-07-2025-WJHGNTOIDJDYZDVCHL6O756PVQ.php\" target=\"_blank\" rel=\"noreferrer noopener\">La justice fran\u00e7aise a valid\u00e9 le 18 juillet la lib\u00e9ration conditionnelle<\/a> de l\u2019ex-condamn\u00e9 \u00e0 mort, qui a retrouv\u00e9 une libert\u00e9 longtemps esp\u00e9r\u00e9e.<\/p>\n<p class=\"paragraph text_align_left lp-f-body-02\">Au rang de ces Fran\u00e7ais, on trouve Chan Thao Phoumy, condamn\u00e9 \u00e0 mort pour fabrication, transport, contrebande et trafic de m\u00e9thamph\u00e9tamine par le tribunal de Canton en Chine. Arr\u00eat\u00e9 en 2005, il serait en d\u00e9tention depuis 19 ans dont 14 ans sous le coup d\u2019une condamnation \u00e0 mort, alors que peu d\u2019informations sortent de l\u2019Empire du Milieu.<\/p>\n<p class=\"paragraph text_align_left lp-f-body-02\">Nora Lalam est, elle, incarc\u00e9r\u00e9e dans une prison alg\u00e9rienne. Un grand flou persiste sur les causes de son arrestation et sur son \u00e9ventuelle double nationalit\u00e9. Nul ne sait si elle est toujours en vie. Elle est en d\u00e9tention depuis plus de 19 ans.<\/p>\n<p class=\"paragraph text_align_left lp-f-body-02\">Par ailleurs St\u00e9phane A\u00eft Idir et Redouane Hamadi, binationaux, arr\u00eat\u00e9s en 1994, sont condamn\u00e9s \u00e0 mort au Maroc pour terrorisme. Ils ont \u00e9t\u00e9 <a href=\"https:\/\/www.leparisien.fr\/archives\/les-attentats-de-2003-avaient-fait-45-morts-08-07-2007-2008191464.php\" target=\"_blank\" rel=\"noreferrer noopener\">reconnus coupables d\u2019avoir perp\u00e9tr\u00e9 l\u2019attentat du 24 ao\u00fbt 1994 \u00e0 Marrakech<\/a> et sont incarc\u00e9r\u00e9s depuis 30 ans, dont 29 ans dans le couloir de la mort.<\/p>\n","protected":false},"excerpt":{"rendered":"\u00ab Vive la libert\u00e9 \u00bb. Camilo Castro, un Fran\u00e7ais d\u00e9tenu au Venezuela depuis juin, est rentr\u00e9 dimanche en&hellip;\n","protected":false},"author":2,"featured_media":539001,"comment_status":"","ping_status":"","sticky":false,"template":"","format":"standard","meta":{"footnotes":""},"categories":[1888],"tags":[1111,1928,11,1927,1777,674,118,1011,27,12,1926,626,1925,25,2955],"class_list":{"0":"post-539000","1":"post","2":"type-post","3":"status-publish","4":"format-standard","5":"has-post-thumbnail","7":"category-paris","8":"tag-actu","9":"tag-actu-paris","10":"tag-actualites","11":"tag-actualites-paris","12":"tag-eu","13":"tag-europe","14":"tag-faits-divers","15":"tag-fr","16":"tag-france","17":"tag-news","18":"tag-news-paris","19":"tag-paris","20":"tag-paris-news","21":"tag-republique-francaise","22":"tag-videos"},"share_on_mastodon":{"url":"https:\/\/pubeurope.com\/@fr\/115561711919660790","error":""},"_links":{"self":[{"href":"https:\/\/www.europesays.com\/fr\/wp-json\/wp\/v2\/posts\/539000","targetHints":{"allow":["GET"]}}],"collection":[{"href":"https:\/\/www.europesays.com\/fr\/wp-json\/wp\/v2\/posts"}],"about":[{"href":"https:\/\/www.europesays.com\/fr\/wp-json\/wp\/v2\/types\/post"}],"author":[{"embeddable":true,"href":"https:\/\/www.europesays.com\/fr\/wp-json\/wp\/v2\/users\/2"}],"replies":[{"embeddable":true,"href":"https:\/\/www.europesays.com\/fr\/wp-json\/wp\/v2\/comments?post=539000"}],"version-history":[{"count":0,"href":"https:\/\/www.europesays.com\/fr\/wp-json\/wp\/v2\/posts\/539000\/revisions"}],"wp:featuredmedia":[{"embeddable":true,"href":"https:\/\/www.europesays.com\/fr\/wp-json\/wp\/v2\/media\/539001"}],"wp:attachment":[{"href":"https:\/\/www.europesays.com\/fr\/wp-json\/wp\/v2\/media?parent=539000"}],"wp:term":[{"taxonomy":"category","embeddable":true,"href":"https:\/\/www.europesays.com\/fr\/wp-json\/wp\/v2\/categories?post=539000"},{"taxonomy":"post_tag","embeddable":true,"href":"https:\/\/www.europesays.com\/fr\/wp-json\/wp\/v2\/tags?post=539000"}],"curies":[{"name":"wp","href":"https:\/\/api.w.org\/{rel}","templated":true}]}}