{"id":539002,"date":"2025-11-16T22:22:13","date_gmt":"2025-11-16T22:22:13","guid":{"rendered":"https:\/\/www.europesays.com\/fr\/539002\/"},"modified":"2025-11-16T22:22:13","modified_gmt":"2025-11-16T22:22:13","slug":"paris-et-ile-de-france-quelles-perturbations-prevoir-pour-la-ratp-et-la-sncf-cette-semaine-2","status":"publish","type":"post","link":"https:\/\/www.europesays.com\/fr\/539002\/","title":{"rendered":"Paris et \u00cele-de-France : Quelles perturbations pr\u00e9voir pour la RATP et la SNCF cette semaine ?"},"content":{"rendered":"<p class=\"mb-4 text-lg md:leading-8 break-words\"><strong>TRANSPORTS &#8211; Du 17 au 23 novembre, plusieurs changements sont \u00e0 prendre en compte sur les lignes parisiennes et franciliennes. Faisons le point<\/strong><\/p>\n<p class=\"mb-4 text-lg md:leading-8 break-words\">Si vous devez vous d\u00e9placer en transports en commun du 17 au 23 novembre, consultez d\u2019abord les perturbations RATP et SNCF. Voici les perturbations attendues sur les lignes de Paris et en \u00cele-de-France cette semaine.<\/p>\n<p>M\u00e9tro<\/p>\n<ul class=\"mb-4\">\n<li class=\"ml-4 list-disc\">\n<p class=\"mb-4 text-lg md:leading-8 break-words\">Ligne 14 : Le 23 novembre jusqu\u2019\u00e0 14 heures, le trafic est interrompu sur toute la ligne (travaux). Des bus de substitution seront mis en place sur Gare de Lyon \u2013 Olympiades.<\/p>\n<\/li>\n<\/ul>\n<p>RER<\/p>\n<ul class=\"mb-4\">\n<li class=\"ml-4 list-disc\">\n<p class=\"mb-4 text-lg md:leading-8 break-words\">RER A : Jusqu\u2019au 19 d\u00e9cembre, du lundi au vendredi \u00e0 partir de 21h50, le trafic sera interrompu entre Cergy \u2013 Le Haut et Maisons-Laffitte (travaux). Jusqu\u2019au 13 d\u00e9cembre, du mardi au samedi jusqu\u2019\u00e0 05h10, le trafic sera interrompu de Cergy \u2013 Le Haut \u00e0 Maisons-Laffitte (travaux). Jusqu\u2019au 30 novembre, le week-end, les trains \u00e0 destination de <a href=\"https:\/\/www.20minutes.fr\/dossier\/poissy?at_medium=RSS%20feed&amp;at_campaign=ynews&amp;utm_source=yahoo&amp;utm_medium=rss&amp;utm_campaign=news_feed&amp;utm_content=in_article_link\" rel=\"nofollow noopener\" target=\"_blank\" data-ylk=\"slk:Poissy;elm:context_link;itc:0;sec:content-canvas\" class=\"link \">Poissy<\/a> desservent \u00e9galement Cergy \u2013 Le Haut (allongement du temps de parcours entre Ach\u00e8res \u2013 Ville et Cergy \u2013 Le Haut) en raison de travaux.<\/p>\n<\/li>\n<li class=\"ml-4 list-disc\">\n<p class=\"mb-4 text-lg md:leading-8 break-words\"><a href=\"https:\/\/www.20minutes.fr\/dossier\/rer_b?at_medium=RSS%20feed&amp;at_campaign=ynews&amp;utm_source=yahoo&amp;utm_medium=rss&amp;utm_campaign=news_feed&amp;utm_content=in_article_link\" rel=\"nofollow noopener\" target=\"_blank\" data-ylk=\"slk:RER B;elm:context_link;itc:0;sec:content-canvas\" class=\"link \">RER B<\/a> : samedi 22 et dimanche 23 novembre, d\u00e8s 23 heures, le trafic sera interrompu entre <a href=\"https:\/\/www.20minutes.fr\/economie\/aulnay\/?at_medium=RSS%20feed&amp;at_campaign=ynews&amp;utm_source=yahoo&amp;utm_medium=rss&amp;utm_campaign=news_feed&amp;utm_content=in_article_link\" rel=\"nofollow noopener\" target=\"_blank\" data-ylk=\"slk:Aulnay-sous-Bois;elm:context_link;itc:0;sec:content-canvas\" class=\"link \">Aulnay-sous-Bois<\/a> et A\u00e9roport Charles de Gaulle 2 \u2013 TGV (travaux). Des bus de substitution seront mis en place. Du 17 novembre au 12 d\u00e9cembre, du lundi au vendredi d\u00e8s 22h45, le trafic est interrompu entre Gare du Nord et A\u00e9roport Charles de Gaulle 2 \u2013 TGV \u2022 Mitry \u2013 Claye (travaux)<\/p>\n<\/li>\n<\/ul>\n<p>Publicit\u00e9<\/p>\n<p>Publicit\u00e9<\/p>\n<p>Publicit\u00e9<\/p>\n<p>Publicit\u00e9<\/p>\n<p class=\"mb-4 text-lg md:leading-8 break-words\">RER C : du lundi 17 au vendredi 21 novembre, d\u00e8s 23h30, le trafic sera interrompu entre Saint-Martin d\u2019\u00c9tampes et Gare d\u2019Austerlitz, et entre Dourdan la For\u00eat et Gare d\u2019Austerlitz. Des bus de substitution seront mis en place. Du mercredi 12 (&#8230;)<\/p>\n<p class=\"mb-4 text-lg md:leading-8 break-words\"><a href=\"https:\/\/www.20minutes.fr\/paris\/4185915-20251116-paris-ile-france-perturbations-prevoir-ratp-sncf-semaine?at_medium=RSS%20feed&amp;at_campaign=ynews&amp;utm_source=yahoo&amp;utm_medium=rss&amp;utm_campaign=news_feed&amp;utm_content=read_more_link&quot;\" rel=\"nofollow noopener\" target=\"_blank\" data-ylk=\"slk:Lire la suite sur 20minutes;elm:context_link;itc:0;sec:content-canvas\" class=\"link \">Lire la suite sur 20minutes<\/a><\/p>\n<p>\u00c0 lire aussi :<br \/><a href=\"https:\/\/www.20minutes.fr\/faits_divers\/4185692-20251114-paris-coup-feu-gare-montparnasse-police-tire-homme-exhibait-couteau?at_medium=RSS%20feed&amp;at_campaign=ynews&amp;utm_source=yahoo&amp;utm_medium=rss&amp;utm_campaign=news_feed&amp;utm_content=related_content_link\" rel=\"nofollow noopener\" target=\"_blank\" data-ylk=\"slk:Paris : Deux bless\u00e9s en gare Montparnasse apr\u00e8s que la police a tir\u00e9 sur un homme qui brandissait un couteau;elm:context_link;itc:0;sec:content-canvas\" class=\"link \">Paris : Deux bless\u00e9s en gare Montparnasse apr\u00e8s que la police a tir\u00e9 sur un homme qui brandissait un couteau<\/a><br \/><a href=\"https:\/\/www.20minutes.fr\/societe\/4185410-20251113-haute-vienne-territoire-ignore-trace-futur-tgv-bordeaux-lyon?at_medium=RSS%20feed&amp;at_campaign=ynews&amp;utm_source=yahoo&amp;utm_medium=rss&amp;utm_campaign=news_feed&amp;utm_content=related_content_link\" rel=\"nofollow noopener\" target=\"_blank\" data-ylk=\"slk:Haute-Vienne : Le territoire ignor\u00e9 par le trac\u00e9 du futur TGV Bordeaux-Lyon ?;elm:context_link;itc:0;sec:content-canvas\" class=\"link \">Haute-Vienne : Le territoire ignor\u00e9 par le trac\u00e9 du futur TGV Bordeaux-Lyon ?<\/a><\/p>\n","protected":false},"excerpt":{"rendered":"TRANSPORTS &#8211; Du 17 au 23 novembre, plusieurs changements sont \u00e0 prendre en compte sur les lignes parisiennes&hellip;\n","protected":false},"author":2,"featured_media":539003,"comment_status":"","ping_status":"","sticky":false,"template":"","format":"standard","meta":{"footnotes":""},"categories":[1888],"tags":[1111,1928,11,1927,4191,1777,674,1011,27,12,1926,626,1925,25,2216],"class_list":{"0":"post-539002","1":"post","2":"type-post","3":"status-publish","4":"format-standard","5":"has-post-thumbnail","7":"category-paris","8":"tag-actu","9":"tag-actu-paris","10":"tag-actualites","11":"tag-actualites-paris","12":"tag-aeroport-charles-de-gaulle","13":"tag-eu","14":"tag-europe","15":"tag-fr","16":"tag-france","17":"tag-news","18":"tag-news-paris","19":"tag-paris","20":"tag-paris-news","21":"tag-republique-francaise","22":"tag-transports-en-commun"},"share_on_mastodon":{"url":"https:\/\/pubeurope.com\/@fr\/115561715836482925","error":""},"_links":{"self":[{"href":"https:\/\/www.europesays.com\/fr\/wp-json\/wp\/v2\/posts\/539002","targetHints":{"allow":["GET"]}}],"collection":[{"href":"https:\/\/www.europesays.com\/fr\/wp-json\/wp\/v2\/posts"}],"about":[{"href":"https:\/\/www.europesays.com\/fr\/wp-json\/wp\/v2\/types\/post"}],"author":[{"embeddable":true,"href":"https:\/\/www.europesays.com\/fr\/wp-json\/wp\/v2\/users\/2"}],"replies":[{"embeddable":true,"href":"https:\/\/www.europesays.com\/fr\/wp-json\/wp\/v2\/comments?post=539002"}],"version-history":[{"count":0,"href":"https:\/\/www.europesays.com\/fr\/wp-json\/wp\/v2\/posts\/539002\/revisions"}],"wp:featuredmedia":[{"embeddable":true,"href":"https:\/\/www.europesays.com\/fr\/wp-json\/wp\/v2\/media\/539003"}],"wp:attachment":[{"href":"https:\/\/www.europesays.com\/fr\/wp-json\/wp\/v2\/media?parent=539002"}],"wp:term":[{"taxonomy":"category","embeddable":true,"href":"https:\/\/www.europesays.com\/fr\/wp-json\/wp\/v2\/categories?post=539002"},{"taxonomy":"post_tag","embeddable":true,"href":"https:\/\/www.europesays.com\/fr\/wp-json\/wp\/v2\/tags?post=539002"}],"curies":[{"name":"wp","href":"https:\/\/api.w.org\/{rel}","templated":true}]}}