{"id":539008,"date":"2025-11-16T22:25:15","date_gmt":"2025-11-16T22:25:15","guid":{"rendered":"https:\/\/www.europesays.com\/fr\/539008\/"},"modified":"2025-11-16T22:25:15","modified_gmt":"2025-11-16T22:25:15","slug":"zelensky-affirme-travailler-a-un-echange-de-prisonniers-avec-la-russie","status":"publish","type":"post","link":"https:\/\/www.europesays.com\/fr\/539008\/","title":{"rendered":"Zelensky affirme travailler \u00e0 un \u00e9change de prisonniers avec la Russie"},"content":{"rendered":"<p>\u00abNous comptons sur la reprise des \u00e9changes de prisonniers de guerre, a \u00e9crit M. Zelensky sur X. De nombreuses r\u00e9unions, n\u00e9gociations et appels sont en cours \u00e0 cette fin.\u00bb<\/p>\n<p>Russem Umerov, secr\u00e9taire du Conseil national de s\u00e9curit\u00e9 et de d\u00e9fense ukrainien, a d\u00e9clar\u00e9 samedi avoir tenu des consultations, sous l&rsquo;\u00e9gide de la Turquie et des \u00c9mirats arabes unis, sur la reprise des \u00e9changes.<\/p>\n<p>Il a indiqu\u00e9 que les parties s&rsquo;\u00e9taient entendues pour activer les accords d&rsquo;\u00e9change de prisonniers conclus \u00e0 Istanbul afin de lib\u00e9rer 1200 Ukrainiens. Moscou n&rsquo;a pas imm\u00e9diatement r\u00e9agi.<\/p>\n<p>Les accords d&rsquo;Istanbul font r\u00e9f\u00e9rence aux protocoles d&rsquo;\u00e9change de prisonniers \u00e9tablis sous l&rsquo;\u00e9gide de la Turquie en 2022, qui fixent les r\u00e8gles des \u00e9changes importants et coordonn\u00e9s. Depuis lors, la Russie et l&rsquo;Ukraine ont proc\u00e9d\u00e9 \u00e0 des \u00e9changes de milliers de prisonniers, bien que ces \u00e9changes aient \u00e9t\u00e9 sporadiques.\u00a0<\/p>\n<p><b>\u00c0 VOIR \u00c9GALEMENT |\u00a0<a href=\"https:\/\/www.noovo.info\/video\/monde-sous-tension-comprendre-la-guerre-russie-ukraine.html\" target=\"_self\" rel=\"nofollow noopener\">Monde sous tension: comprendre la guerre Russie-Ukraine<\/a><\/b><\/p>\n<p>\u00a0<\/p>\n<p>M. Umerov a indiqu\u00e9 que des consultations techniques se tiendraient prochainement afin de finaliser les d\u00e9tails proc\u00e9duraux et organisationnels, exprimant l&rsquo;espoir que les Ukrainiens de retour au pays puissent \u00abc\u00e9l\u00e9brer le Nouvel An et No\u00ebl chez eux, en famille, aupr\u00e8s de leurs proches\u00bb.<\/p>\n<p>Par ailleurs, des frappes de drones russes ont endommag\u00e9 des infrastructures \u00e9nerg\u00e9tiques dans la nuit de dimanche \u00e0 lundi dans la r\u00e9gion d&rsquo;Odessa, en Ukraine, a indiqu\u00e9 le Service national des situations d&rsquo;urgence ukrainien. Une centrale solaire figure parmi les sites touch\u00e9s.<\/p>\n<p>L&rsquo;Ukraine tente d\u00e9sesp\u00e9r\u00e9ment de repousser les attaques a\u00e9riennes russes incessantes qui ont provoqu\u00e9 des coupures de courant tournantes \u00e0 travers le pays, \u00e0 l&rsquo;approche de l&rsquo;hiver.<\/p>\n<p>Ces frappes combin\u00e9es de missiles et de drones contre le r\u00e9seau \u00e9lectrique co\u00efncident avec les efforts de l&rsquo;Ukraine pour contenir l&rsquo;offensive russe sur le terrain visant \u00e0 s&#8217;emparer de Pokrovsk, bastion de l&rsquo;est du pays.<\/p>\n<p>La Russie a tir\u00e9 un total de 176 drones et un missile dans la nuit de dimanche \u00e0 lundi, a d\u00e9clar\u00e9 l&rsquo;arm\u00e9e de l&rsquo;air ukrainienne dimanche, ajoutant que les forces ukrainiennes avaient abattu ou neutralis\u00e9 139 drones.<\/p>\n<p>Les forces ukrainiennes ont frapp\u00e9 une importante raffinerie de p\u00e9trole dans la r\u00e9gion russe de Samara, ainsi qu&rsquo;un entrep\u00f4t de drones destin\u00e9s \u00e0 l&rsquo;unit\u00e9 d&rsquo;\u00e9lite Rubicon, dans la r\u00e9gion de Donetsk, partiellement occup\u00e9e par la Russie, a annonc\u00e9 dimanche l&rsquo;\u00e9tat-major ukrainien. Les autorit\u00e9s russes n&rsquo;ont pas imm\u00e9diatement confirm\u00e9 ces attaques.<\/p>\n<p>Depuis des mois, les frappes de drones ukrainiens \u00e0 longue port\u00e9e contre les raffineries russes visent \u00e0 priver Moscou des revenus p\u00e9troliers n\u00e9cessaires \u00e0 la poursuite de la guerre.<\/p>\n<p>\n                \u00a0<\/p>\n<p>Le minist\u00e8re russe de la D\u00e9fense a d\u00e9clar\u00e9 dimanche que ses forces avaient abattu 57 drones ukrainiens au cours de la nuit.<\/p>\n","protected":false},"excerpt":{"rendered":"\u00abNous comptons sur la reprise des \u00e9changes de prisonniers de guerre, a \u00e9crit M. Zelensky sur X. De&hellip;\n","protected":false},"author":2,"featured_media":539009,"comment_status":"","ping_status":"","sticky":false,"template":"","format":"standard","meta":{"footnotes":""},"categories":[1591],"tags":[11,1887,12,1885,1886,132],"class_list":{"0":"post-539008","1":"post","2":"type-post","3":"status-publish","4":"format-standard","5":"has-post-thumbnail","7":"category-russie","8":"tag-actualites","9":"tag-federation-de-russie","10":"tag-news","11":"tag-russia","12":"tag-russian-federation","13":"tag-russie"},"share_on_mastodon":{"url":"https:\/\/pubeurope.com\/@fr\/115561727594764158","error":""},"_links":{"self":[{"href":"https:\/\/www.europesays.com\/fr\/wp-json\/wp\/v2\/posts\/539008","targetHints":{"allow":["GET"]}}],"collection":[{"href":"https:\/\/www.europesays.com\/fr\/wp-json\/wp\/v2\/posts"}],"about":[{"href":"https:\/\/www.europesays.com\/fr\/wp-json\/wp\/v2\/types\/post"}],"author":[{"embeddable":true,"href":"https:\/\/www.europesays.com\/fr\/wp-json\/wp\/v2\/users\/2"}],"replies":[{"embeddable":true,"href":"https:\/\/www.europesays.com\/fr\/wp-json\/wp\/v2\/comments?post=539008"}],"version-history":[{"count":0,"href":"https:\/\/www.europesays.com\/fr\/wp-json\/wp\/v2\/posts\/539008\/revisions"}],"wp:featuredmedia":[{"embeddable":true,"href":"https:\/\/www.europesays.com\/fr\/wp-json\/wp\/v2\/media\/539009"}],"wp:attachment":[{"href":"https:\/\/www.europesays.com\/fr\/wp-json\/wp\/v2\/media?parent=539008"}],"wp:term":[{"taxonomy":"category","embeddable":true,"href":"https:\/\/www.europesays.com\/fr\/wp-json\/wp\/v2\/categories?post=539008"},{"taxonomy":"post_tag","embeddable":true,"href":"https:\/\/www.europesays.com\/fr\/wp-json\/wp\/v2\/tags?post=539008"}],"curies":[{"name":"wp","href":"https:\/\/api.w.org\/{rel}","templated":true}]}}