{"id":539015,"date":"2025-11-16T22:29:22","date_gmt":"2025-11-16T22:29:22","guid":{"rendered":"https:\/\/www.europesays.com\/fr\/539015\/"},"modified":"2025-11-16T22:29:22","modified_gmt":"2025-11-16T22:29:22","slug":"deux-bombes-datant-de-la-seconde-guerre-mondiale-desamorcees","status":"publish","type":"post","link":"https:\/\/www.europesays.com\/fr\/539015\/","title":{"rendered":"Deux bombes datant de la Seconde guerre mondiale d\u00e9samorc\u00e9es"},"content":{"rendered":"<ol class=\"breadcrumb\">\n<li class=\"breadcrumb-item\">\n            <a href=\"https:\/\/fr.hespress.com\" rel=\"nofollow noopener\" target=\"_blank\"><br \/>\n                Hespress Fran\u00e7ais \u2013 Actualit\u00e9s du Maroc            <\/a>\n        <\/li>\n<li class=\"breadcrumb-item\">\n                                <a href=\"https:\/\/fr.hespress.com\/monde\" rel=\"nofollow noopener\" target=\"_blank\"><br \/>\n                        Monde                    <\/a>\n                    <\/li>\n<\/ol>\n<p>            <img width=\"800\" height=\"533\" src=\"https:\/\/www.europesays.com\/fr\/wp-content\/uploads\/2025\/11\/berlin-bombe-e1560595036784-900x600.jpg\" class=\"attachment-medium size-medium wp-post-image\" alt=\"Allemagne: Deux bombes datant de la Seconde guerre mondiale d\u00e9samorc\u00e9es\" loading=\"eager\" decoding=\"async\" fetchpriority=\"high\"  \/>                        <\/p>\n<p>                    <a href=\"https:\/\/fr.hespress.com\/author\/hespressfr\" title=\"Articles par Hespress FR\" rel=\"author nofollow noopener\" target=\"_blank\">Hespress FR<\/a>dimanche 16 novembre 2025 &#8211; 22:10        <\/p>\n<p><strong>Deux bombes a\u00e9riennes de la Seconde Guerre mondiale ont \u00e9t\u00e9 d\u00e9samorc\u00e9es en Allemagne, entra\u00eenant l\u2019\u00e9vacuation de plusieurs milliers de personnes \u00e0 Kiel et \u00e0 Nuremberg, selon les autorit\u00e9s locales. \u00c0 Kiel, environ 1.750 personnes ont d\u00fb quitter leurs logements samedi pour permettre la neutralisation d\u2019une bombe am\u00e9ricaine de 500 kilos, d\u00e9couverte \u00e0 trois m\u00e8tres de profondeur lors de l\u2019analyse de photos a\u00e9riennes historiques.<\/strong><\/p>\n<p>\u00c0 Nuremberg, une bombe de 450 kilos mise au jour lors de travaux d\u2019excavation a \u00e9t\u00e9 d\u00e9samorc\u00e9e apr\u00e8s l\u2019\u00e9vacuation de 21.000 habitants, avec la mobilisation de 1.500 membres des diff\u00e9rents corps de s\u00e9curit\u00e9 et de secours.<\/p>\n<p>Ces deux op\u00e9rations ont entra\u00een\u00e9 la suspension temporaire du trafic ferroviaire dans les deux villes, ainsi que des perturbations du trafic routier dans les zones avoisinantes pendant plusieurs heures.<\/p>\n<p>La semaine derni\u00e8re, quatre engins explosifs datant de la Seconde Guerre mondiale ont \u00e9t\u00e9 d\u00e9samorc\u00e9s \u00e0 Osnabr\u00fcck, en Basse-Saxe, dans le nord-ouest de l\u2019Allemagne, entra\u00eenant l\u2019\u00e9vacuation d\u2019environ 14.000 personnes dans un rayon d\u2019un kilom\u00e8tre.<\/p>\n<p>        <a class=\"tag_post_tag\" href=\"https:\/\/fr.hespress.com\/tag\/allemagne\" title=\"Allemagne\" rel=\"nofollow noopener\" target=\"_blank\">Allemagne<\/a> <a class=\"tag_post_tag\" href=\"https:\/\/fr.hespress.com\/tag\/bombe\" title=\"Bombe\" rel=\"nofollow noopener\" target=\"_blank\">Bombe<\/a> <a class=\"tag_post_tag\" href=\"https:\/\/fr.hespress.com\/tag\/guerre-mondiale\" title=\"Guerre Mondiale\" rel=\"nofollow noopener\" target=\"_blank\">Guerre Mondiale<\/a>    <\/p>\n<p>    Newsletter<\/p>\n<p class=\"description\">\n        Abonnez-vous pour recevoir les derni\u00e8res nouvelles    <\/p>\n<p>\n            S&rsquo;inscrire\n        <\/p>\n<p>Veuillez v\u00e9rifier l&#8217;email  <\/p>\n<p>Pour terminer le processus d&rsquo;abonnement .. Suivez les \u00e9tapes mentionn\u00e9es dans l&#8217;email de confirmation d&rsquo;abonnement. <\/p>\n<p>Cet email ne peut pas \u00eatre ajout\u00e9 \u00e0 cette liste. Veuillez saisir une adresse email diff\u00e9rente.&gt;<\/p>\n","protected":false},"excerpt":{"rendered":"Hespress Fran\u00e7ais \u2013 Actualit\u00e9s du Maroc Monde Hespress FRdimanche 16 novembre 2025 &#8211; 22:10 Deux bombes a\u00e9riennes de&hellip;\n","protected":false},"author":2,"featured_media":539016,"comment_status":"","ping_status":"","sticky":false,"template":"","format":"standard","meta":{"footnotes":""},"categories":[1587],"tags":[11,672,1804,1805,1803,1777,674,1801,12,1802],"class_list":{"0":"post-539015","1":"post","2":"type-post","3":"status-publish","4":"format-standard","5":"has-post-thumbnail","7":"category-allemagne","8":"tag-actualites","9":"tag-allemagne","10":"tag-bundesrepublik-deutschland","11":"tag-de","12":"tag-deutschland","13":"tag-eu","14":"tag-europe","15":"tag-germany","16":"tag-news","17":"tag-republique-federale-dallemagne"},"share_on_mastodon":{"url":"https:\/\/pubeurope.com\/@fr\/115561743617360638","error":""},"_links":{"self":[{"href":"https:\/\/www.europesays.com\/fr\/wp-json\/wp\/v2\/posts\/539015","targetHints":{"allow":["GET"]}}],"collection":[{"href":"https:\/\/www.europesays.com\/fr\/wp-json\/wp\/v2\/posts"}],"about":[{"href":"https:\/\/www.europesays.com\/fr\/wp-json\/wp\/v2\/types\/post"}],"author":[{"embeddable":true,"href":"https:\/\/www.europesays.com\/fr\/wp-json\/wp\/v2\/users\/2"}],"replies":[{"embeddable":true,"href":"https:\/\/www.europesays.com\/fr\/wp-json\/wp\/v2\/comments?post=539015"}],"version-history":[{"count":0,"href":"https:\/\/www.europesays.com\/fr\/wp-json\/wp\/v2\/posts\/539015\/revisions"}],"wp:featuredmedia":[{"embeddable":true,"href":"https:\/\/www.europesays.com\/fr\/wp-json\/wp\/v2\/media\/539016"}],"wp:attachment":[{"href":"https:\/\/www.europesays.com\/fr\/wp-json\/wp\/v2\/media?parent=539015"}],"wp:term":[{"taxonomy":"category","embeddable":true,"href":"https:\/\/www.europesays.com\/fr\/wp-json\/wp\/v2\/categories?post=539015"},{"taxonomy":"post_tag","embeddable":true,"href":"https:\/\/www.europesays.com\/fr\/wp-json\/wp\/v2\/tags?post=539015"}],"curies":[{"name":"wp","href":"https:\/\/api.w.org\/{rel}","templated":true}]}}