{"id":539019,"date":"2025-11-16T22:32:15","date_gmt":"2025-11-16T22:32:15","guid":{"rendered":"https:\/\/www.europesays.com\/fr\/539019\/"},"modified":"2025-11-16T22:32:15","modified_gmt":"2025-11-16T22:32:15","slug":"les-trois-raisons-de-dire-oui-aux-bilaterales-iii","status":"publish","type":"post","link":"https:\/\/www.europesays.com\/fr\/539019\/","title":{"rendered":"Les trois raisons de dire oui aux bilat\u00e9rales III"},"content":{"rendered":"<p>Il y a exactement 25\u00a0ans, le peuple suisse pl\u00e9biscitait les bilat\u00e9rales I par 67,2% de oui. Les bases de la voie bilat\u00e9rale entre la Suisse et l\u2019Union europ\u00e9enne (UE) \u00e9taient pos\u00e9es. Aujourd\u2019hui, cette voie sur mesure conna\u00eet une nouvelle \u00e9tape majeure\u00a0avec le paraphe par le Conseil f\u00e9d\u00e9ral des accords n\u00e9goci\u00e9s entre Berne et Bruxelles en 2024, plus connus sous le nom de \u00abbilat\u00e9rales III\u00bb.<\/p>\n<p>G\u00e9n\u00e9rant plus de 38\u00a0000 emplois \u00e0 haute valeur ajout\u00e9e et contribuant \u00e0 hauteur de 12,9% du PIB et de 23% aux recettes fiscales, le secteur financier joue un r\u00f4le de moteur \u00e9conomique \u00e0 Gen\u00e8ve. Le Conseil d\u2019Etat genevois l\u2019a d\u2019ailleurs soulign\u00e9 dans sa \u00abStrat\u00e9gie \u00e9conomique 2035\u00bb publi\u00e9e fin ao\u00fbt.<\/p>\n","protected":false},"excerpt":{"rendered":"Il y a exactement 25\u00a0ans, le peuple suisse pl\u00e9biscitait les bilat\u00e9rales I par 67,2% de oui. Les bases&hellip;\n","protected":false},"author":2,"featured_media":539020,"comment_status":"","ping_status":"","sticky":false,"template":"","format":"standard","meta":{"footnotes":""},"categories":[1586],"tags":[11,33,12113,1777,674,1779,1011,27,12,301,25,1778,364],"class_list":{"0":"post-539019","1":"post","2":"type-post","3":"status-publish","4":"format-standard","5":"has-post-thumbnail","7":"category-europe","8":"tag-actualites","9":"tag-economie","10":"tag-economie-suisse","11":"tag-eu","12":"tag-europe","13":"tag-european-union","14":"tag-fr","15":"tag-france","16":"tag-news","17":"tag-premium","18":"tag-republique-francaise","19":"tag-ue","20":"tag-union-europeenne"},"share_on_mastodon":{"url":"https:\/\/pubeurope.com\/@fr\/115561755135691783","error":""},"_links":{"self":[{"href":"https:\/\/www.europesays.com\/fr\/wp-json\/wp\/v2\/posts\/539019","targetHints":{"allow":["GET"]}}],"collection":[{"href":"https:\/\/www.europesays.com\/fr\/wp-json\/wp\/v2\/posts"}],"about":[{"href":"https:\/\/www.europesays.com\/fr\/wp-json\/wp\/v2\/types\/post"}],"author":[{"embeddable":true,"href":"https:\/\/www.europesays.com\/fr\/wp-json\/wp\/v2\/users\/2"}],"replies":[{"embeddable":true,"href":"https:\/\/www.europesays.com\/fr\/wp-json\/wp\/v2\/comments?post=539019"}],"version-history":[{"count":0,"href":"https:\/\/www.europesays.com\/fr\/wp-json\/wp\/v2\/posts\/539019\/revisions"}],"wp:featuredmedia":[{"embeddable":true,"href":"https:\/\/www.europesays.com\/fr\/wp-json\/wp\/v2\/media\/539020"}],"wp:attachment":[{"href":"https:\/\/www.europesays.com\/fr\/wp-json\/wp\/v2\/media?parent=539019"}],"wp:term":[{"taxonomy":"category","embeddable":true,"href":"https:\/\/www.europesays.com\/fr\/wp-json\/wp\/v2\/categories?post=539019"},{"taxonomy":"post_tag","embeddable":true,"href":"https:\/\/www.europesays.com\/fr\/wp-json\/wp\/v2\/tags?post=539019"}],"curies":[{"name":"wp","href":"https:\/\/api.w.org\/{rel}","templated":true}]}}