{"id":539026,"date":"2025-11-16T22:38:11","date_gmt":"2025-11-16T22:38:11","guid":{"rendered":"https:\/\/www.europesays.com\/fr\/539026\/"},"modified":"2025-11-16T22:38:11","modified_gmt":"2025-11-16T22:38:11","slug":"brive-en-crise-darricarrere-sur-le-depart-3-noms-tres-connus-du-top-14-pressentis-pour-le-remplacer","status":"publish","type":"post","link":"https:\/\/www.europesays.com\/fr\/539026\/","title":{"rendered":"Brive en crise : Darricarr\u00e8re sur le d\u00e9part, 3 noms tr\u00e8s connus du Top 14 pressentis pour le remplacer !"},"content":{"rendered":"<p>Apr\u00e8s une nouvelle d\u00e9faite inqui\u00e9tante \u00e0 B\u00e9ziers, les dirigeants du CA Brive s\u2019appr\u00eatent \u00e0 vivre une soir\u00e9e d\u00e9cisive.<\/p>\n<p>En effet, un conseil d\u2019administration est pr\u00e9vu ce lundi, et il pourrait marquer un tournant important dans la saison corr\u00e9zienne.<\/p>\n<p>Selon les informations de <a href=\"https:\/\/www.rugbyrama.fr\/2025\/11\/16\/transferts-pro-d2-brive-david-darricarrere-vers-la-sortie-plusieurs-successeurs-evoques-13055655.php\" rel=\"nofollow noopener\" target=\"_blank\">Midi Olympique<\/a>, des changements forts sont d\u00e9sormais envisag\u00e9s au sein du staff.<\/p>\n<p><strong>Un d\u00e9but de saison loin des ambitions<\/strong><\/p>\n<p>On ne s\u2019attendait pas \u00e0 voir Brive \u00e0 ce niveau-l\u00e0. Avec seulement quatre victoires en onze journ\u00e9es, le club v\u00e9g\u00e8te \u00e0 la 8\u1d49 place de Pro D2, \u00e0 douze points du leader Colomiers. Un classement tr\u00e8s loin des objectifs de remont\u00e9e en Top 14 fix\u00e9s cet \u00e9t\u00e9. Les dirigeants, d\u00e9j\u00e0 secou\u00e9s il y a deux semaines apr\u00e8s la d\u00e9route \u00e0 Provence Rugby, ne veulent plus perdre de temps.<\/p>\n<p>\u00c0 ce moment-l\u00e0, la position du manager David Darricarr\u00e8re \u00e9tait d\u00e9j\u00e0 extr\u00eamement fragile. Malgr\u00e9 une large victoire contre Mont-de-Marsan, la rechute \u00e0 B\u00e9ziers a raviv\u00e9 les doutes. Et m\u00eame si le technicien a prolong\u00e9 jusqu\u2019en 2028, il pourrait \u00eatre \u00e9cart\u00e9 d\u00e8s ce lundi soir.<\/p>\n<p><strong>Plusieurs sc\u00e9narios pr\u00eats \u00e0 \u00eatre activ\u00e9s<\/strong><\/p>\n<p>Si Brive d\u00e9cide de changer d\u2019orientation, plusieurs pistes sont d\u00e9j\u00e0 identifi\u00e9es.<\/p>\n<p>Midi Olympique fait le point sur les dossiers chauds du moment.<\/p>\n<p><strong>\u27a1\ufe0f Le retour de Pierre-Henry Broncan<\/strong><\/p>\n<p>Directeur du rugby depuis l\u2019\u00e9t\u00e9, Broncan n\u2019a plus de r\u00f4le direct avec le groupe professionnel\u2026 mais il reste une option cr\u00e9dible. Il conna\u00eet l\u2019effectif, qu\u2019il avait emmen\u00e9 en demi-finale de Pro D2 la saison derni\u00e8re. L\u2019id\u00e9e serait de le remettre \u00e0 la t\u00eate de l\u2019\u00e9quipe jusqu\u2019\u00e0 la fin de la saison.<\/p>\n<p>Mais cela n\u00e9cessiterait de composer un staff compl\u00e9mentaire. Plusieurs noms circulent pour l\u2019accompagner, notamment Philippe Carbonneau, Thomas Laranjeira ou encore R\u00e9gis Lespinas. Une solution interne, mais qui aurait le m\u00e9rite d\u2019\u00eatre rapide \u00e0 d\u00e9ployer.<\/p>\n<p><strong>\u27a1\ufe0f La piste Franck Az\u00e9ma<\/strong><\/p>\n<p>Libre depuis son d\u00e9part de Perpignan, Az\u00e9ma est appr\u00e9ci\u00e9 par une partie du club et repr\u00e9senterait un choix fort pour pr\u00e9parer l\u2019avenir. Son arriv\u00e9e co\u00fbterait davantage, mais apporterait une vraie exp\u00e9rience. Une option s\u00e9rieusement envisag\u00e9e, notamment en vue de la saison prochaine.<\/p>\n<p><strong>\u27a1\ufe0f Une surprise : Joe El-Abd<\/strong><\/p>\n<p>Dernier nom dans les tuyaux : Joe El-Abd, ancien manager d\u2019Oyonnax, actuellement responsable de la d\u00e9fense du XV d\u2019Angleterre. Son profil plait, mais il ne serait disponible qu\u2019\u00e0 partir de l\u2019\u00e9t\u00e9. Brive pourrait donc opter pour une solution transitoire jusqu\u2019\u00e0 la fin de la saison.<\/p>\n<p><strong>Une soir\u00e9e qui pourrait tout changer<\/strong><\/p>\n<p>Quoi qu\u2019il arrive, le statu quo semble d\u00e9sormais difficilement tenable. Le CAB, deuxi\u00e8me budget de Pro D2, ne peut se permettre une saison blanche alors que la mont\u00e9e a \u00e9t\u00e9 annonc\u00e9e comme prioritaire.<\/p>\n<p>L\u2019avenir du staff, et peut-\u00eatre plus largement la feuille de route du club, pourrait basculer dans les prochaines heures.<\/p>\n<p><strong>Affaire \u00e0 suivre\u2026<\/strong><\/p>\n","protected":false},"excerpt":{"rendered":"Apr\u00e8s une nouvelle d\u00e9faite inqui\u00e9tante \u00e0 B\u00e9ziers, les dirigeants du CA Brive s\u2019appr\u00eatent \u00e0 vivre une soir\u00e9e d\u00e9cisive.&hellip;\n","protected":false},"author":2,"featured_media":539027,"comment_status":"","ping_status":"","sticky":false,"template":"","format":"standard","meta":{"footnotes":""},"categories":[1416],"tags":[1011,27,479,1468,60],"class_list":{"0":"post-539026","1":"post","2":"type-post","3":"status-publish","4":"format-standard","5":"has-post-thumbnail","7":"category-rugby","8":"tag-fr","9":"tag-france","10":"tag-rugby","11":"tag-rugby-football","12":"tag-sports"},"share_on_mastodon":{"url":"https:\/\/pubeurope.com\/@fr\/115561778682078313","error":""},"_links":{"self":[{"href":"https:\/\/www.europesays.com\/fr\/wp-json\/wp\/v2\/posts\/539026","targetHints":{"allow":["GET"]}}],"collection":[{"href":"https:\/\/www.europesays.com\/fr\/wp-json\/wp\/v2\/posts"}],"about":[{"href":"https:\/\/www.europesays.com\/fr\/wp-json\/wp\/v2\/types\/post"}],"author":[{"embeddable":true,"href":"https:\/\/www.europesays.com\/fr\/wp-json\/wp\/v2\/users\/2"}],"replies":[{"embeddable":true,"href":"https:\/\/www.europesays.com\/fr\/wp-json\/wp\/v2\/comments?post=539026"}],"version-history":[{"count":0,"href":"https:\/\/www.europesays.com\/fr\/wp-json\/wp\/v2\/posts\/539026\/revisions"}],"wp:featuredmedia":[{"embeddable":true,"href":"https:\/\/www.europesays.com\/fr\/wp-json\/wp\/v2\/media\/539027"}],"wp:attachment":[{"href":"https:\/\/www.europesays.com\/fr\/wp-json\/wp\/v2\/media?parent=539026"}],"wp:term":[{"taxonomy":"category","embeddable":true,"href":"https:\/\/www.europesays.com\/fr\/wp-json\/wp\/v2\/categories?post=539026"},{"taxonomy":"post_tag","embeddable":true,"href":"https:\/\/www.europesays.com\/fr\/wp-json\/wp\/v2\/tags?post=539026"}],"curies":[{"name":"wp","href":"https:\/\/api.w.org\/{rel}","templated":true}]}}