{"id":539028,"date":"2025-11-16T22:39:12","date_gmt":"2025-11-16T22:39:12","guid":{"rendered":"https:\/\/www.europesays.com\/fr\/539028\/"},"modified":"2025-11-16T22:39:12","modified_gmt":"2025-11-16T22:39:12","slug":"billie-jean-king-cup-lannee-folle-de-lequipe-belge-je-suis-confiant-pour-le-futur","status":"publish","type":"post","link":"https:\/\/www.europesays.com\/fr\/539028\/","title":{"rendered":"Billie Jean King Cup \u2013 L&rsquo;ann\u00e9e folle de l&rsquo;\u00e9quipe belge\u00a0: \u00ab\u00a0Je suis confiant pour le futur\u00a0\u00bb"},"content":{"rendered":"<p class=\"ap-StoryElement ap-StoryElement--mb ap-StoryText\">Entam\u00e9e en Lituanie dans l&rsquo;anonymat de la Division 1 Europe-Afrique, en avril, avec des victoires contre la Hongrie, la Gr\u00e8ce puis la France, la saison de l&rsquo;\u00e9quipe belge de Billie Jean King Cup s&rsquo;est termin\u00e9e en apoth\u00e9ose. Engag\u00e9e dans les playoffs pour une promotion vers les qualifications du groupe mondial de l&rsquo;\u00e9dition 2026, avec un retour des matchs \u00e0 domicile ou \u00e0 l&rsquo;ext\u00e9rieur, la formation de Wim Fissette a cr\u00e9\u00e9 l&rsquo;exploit dans la banlieue de Munich. Il y a d&rsquo;abord eu un miracle, samedi, avec un succ\u00e8s 2-1 contre la Turquie o\u00f9 le duo Costoulas-Kempen \u00e9carta, dans le double d\u00e9cisif, deux balles de matchs synonymes d&rsquo;\u00e9limination en cas de transformation. Puis, ce dimanche, face au favori du groupe F, l&rsquo;Allemagne, les jeunes Jeline Vandromme, qui f\u00eatait ses 18 ans pour l&rsquo;occasion, et Hanne Vandewinkel, d\u00e9j\u00e0 victorieuse d&rsquo;un simple contre la Turquie, prouv\u00e8rent tout leur sang-froid et leur talent pour dominer des adversaires mieux class\u00e9es.<\/p>\n<p class=\"ap-StoryElement ap-StoryElement--mb ap-StoryText\">\u00ab\u00a0J&rsquo;ai dit \u00e0 Hanne (WTA 125) qu&rsquo;elle \u00e9tait pr\u00eate pour entrer en 2026 dans le top 100, expliquait Wim Fissette. J&rsquo;ai vu chez elle un excellent niveau pendant toute la semaine et lors de ses deux victoires. Je trouve que lors des derniers mois elle a connu une belle progression au niveau de son tennis mais aussi de son mental. Elle sait comment elle veut jouer et elle reste fid\u00e8le \u00e0 ses id\u00e9es. Je pense m\u00eame qu&rsquo;elle sera top 100 avant Roland-Garros. Jeline, align\u00e9e ce dimanche dans un stade plein qui supportait son adversaire, s&rsquo;est montr\u00e9e tr\u00e8s stable au niveau de la gestion de ses \u00e9motions.\u00a0\u00bb<\/p>\n<blockquote class=\"ap-StoryQuote ap-StoryQuote--pullquote\"><p>guillement<\/p>\n<p class=\"ap-StoryQuote-text\">Hanne va entrer dans le top 100 avant Roland-Garros.<\/p>\n<\/blockquote>\n<p class=\"ap-StoryElement ap-StoryElement--mb ap-StoryText\">Sans Elise Mertens qui continue de repousser ses s\u00e9lections et Greet Minnen diminu\u00e9e physiquement, le capitaine de Yellow Aces a fait confiance \u00e0 sa jeune garde avec Jeline Vandromme (18 ans), Hanne Vandewinkel (21 ans) et Sofia Costoulas (20 ans), sans oublier la sp\u00e9cialiste du double, plus exp\u00e9riment\u00e9e, Magali Kempen (27 ans).<\/p>\n<p class=\"ap-StoryElement ap-StoryElement--mb ap-StoryText\">\u00ab\u00a0On poss\u00e8de une \u00e9quipe encore tr\u00e8s jeune mais les joueuses ont bien g\u00e9r\u00e9 les \u00e9v\u00e9nements m\u00eame si Sofia est pass\u00e9e \u00e0 c\u00f4t\u00e9 de son simple contre la Turquie. Mais elle est parvenue \u00e0 se remobiliser pour le double. En fait, le niveau de jeu de Hanne, Jeline et Sofia est tr\u00e8s proche et \u00e9tait tr\u00e8s \u00e9lev\u00e9 cette semaine. Ce qui m&rsquo;a donn\u00e9 plusieurs options avec des filles capables de battre des joueuses du top 100. Je suis confiant pour le futur.\u00a0\u00bb<\/p>\n<p><a href=\"https:\/\/www.dhnet.be\/sports\/tennis\/2025\/11\/16\/steve-darcis-ouvre-sa-boite-a-souvenirs-ma-fierte-avoir-toujours-joue-pour-mon-pays-quitte-a-mettre-ma-carriere-entre-parentheses-video-ZBS43B2ZZVDXTFGHFIUUTZW7J4\/\" target=\"_self\" class=\"ap-StoryInterstitialLink ap-StoryElement ap-StoryElement--mb\" rel=\"noopener\">Steve Darcis se livre avant la phase finale de la Coupe Davis.<\/a><\/p>\n<p>Pour acc\u00e9der \u00e0 cet article, veuillez vous connecter au r\u00e9seau internet.<\/p>\n","protected":false},"excerpt":{"rendered":"Entam\u00e9e en Lituanie dans l&rsquo;anonymat de la Division 1 Europe-Afrique, en avril, avec des victoires contre la Hongrie,&hellip;\n","protected":false},"author":2,"featured_media":539029,"comment_status":"","ping_status":"","sticky":false,"template":"","format":"standard","meta":{"footnotes":""},"categories":[1415],"tags":[1011,27,4171,60,1467],"class_list":{"0":"post-539028","1":"post","2":"type-post","3":"status-publish","4":"format-standard","5":"has-post-thumbnail","7":"category-tennis","8":"tag-fr","9":"tag-france","10":"tag-roland-garros","11":"tag-sports","12":"tag-tennis"},"share_on_mastodon":{"url":"https:\/\/pubeurope.com\/@fr\/115561782537760127","error":""},"_links":{"self":[{"href":"https:\/\/www.europesays.com\/fr\/wp-json\/wp\/v2\/posts\/539028","targetHints":{"allow":["GET"]}}],"collection":[{"href":"https:\/\/www.europesays.com\/fr\/wp-json\/wp\/v2\/posts"}],"about":[{"href":"https:\/\/www.europesays.com\/fr\/wp-json\/wp\/v2\/types\/post"}],"author":[{"embeddable":true,"href":"https:\/\/www.europesays.com\/fr\/wp-json\/wp\/v2\/users\/2"}],"replies":[{"embeddable":true,"href":"https:\/\/www.europesays.com\/fr\/wp-json\/wp\/v2\/comments?post=539028"}],"version-history":[{"count":0,"href":"https:\/\/www.europesays.com\/fr\/wp-json\/wp\/v2\/posts\/539028\/revisions"}],"wp:featuredmedia":[{"embeddable":true,"href":"https:\/\/www.europesays.com\/fr\/wp-json\/wp\/v2\/media\/539029"}],"wp:attachment":[{"href":"https:\/\/www.europesays.com\/fr\/wp-json\/wp\/v2\/media?parent=539028"}],"wp:term":[{"taxonomy":"category","embeddable":true,"href":"https:\/\/www.europesays.com\/fr\/wp-json\/wp\/v2\/categories?post=539028"},{"taxonomy":"post_tag","embeddable":true,"href":"https:\/\/www.europesays.com\/fr\/wp-json\/wp\/v2\/tags?post=539028"}],"curies":[{"name":"wp","href":"https:\/\/api.w.org\/{rel}","templated":true}]}}