{"id":539030,"date":"2025-11-16T22:43:15","date_gmt":"2025-11-16T22:43:15","guid":{"rendered":"https:\/\/www.europesays.com\/fr\/539030\/"},"modified":"2025-11-16T22:43:15","modified_gmt":"2025-11-16T22:43:15","slug":"voici-quand-mathieu-van-der-poel-va-reprendre-le-cyclo-cross-on-le-verra-quelque-part","status":"publish","type":"post","link":"https:\/\/www.europesays.com\/fr\/539030\/","title":{"rendered":"Voici quand Mathieu van der Poel va reprendre le cyclo-cross: \u00ab\u00a0on le verra quelque part\u00a0\u00bb"},"content":{"rendered":"<p class=\"ap-StoryElement ap-StoryElement--mb ap-StoryText\">Mathieu van der Poel fera son retour en cyclo-cross cette saison, avec une reprise programm\u00e9e durant la p\u00e9riode intense des f\u00eates de fin d&rsquo;ann\u00e9e.<\/p>\n<p class=\"ap-StoryElement ap-StoryElement--mb ap-StoryText\">L&rsquo;information a \u00e9t\u00e9 confirm\u00e9e dimanche par Christoph Roodhooft, manager de l&rsquo;\u00e9quipe Alpecin-Deceuninck, au micro de Sporza.<\/p>\n<p class=\"ap-StoryElement ap-StoryElement--mb ap-StoryText\">Depuis un moment d\u00e9j\u00e0, les supporters attendent des pr\u00e9cisions concernant la rentr\u00e9e hivernale du champion du monde. Aucune date officielle n&rsquo;avait pour l&rsquo;instant \u00e9t\u00e9 annonc\u00e9e : le programme complet de van der Poel ne sera d\u00e9voil\u00e9 qu&rsquo;au moment de la pr\u00e9sentation du parcours des Championnats du monde 2026, pr\u00e9vue \u00e0 Hulst, en Z\u00e9lande.<\/p>\n","protected":false},"excerpt":{"rendered":"Mathieu van der Poel fera son retour en cyclo-cross cette saison, avec une reprise programm\u00e9e durant la p\u00e9riode&hellip;\n","protected":false},"author":2,"featured_media":539031,"comment_status":"","ping_status":"","sticky":false,"template":"","format":"standard","meta":{"footnotes":""},"categories":[1411],"tags":[65780,58126,32905,3362,3500,1152,1154,207,6609,1011,27,7188,65781,65782,1160,1165,1166,65783,65784,517,60,212,65785,35391,65786,65787,1172,28],"class_list":{"0":"post-539030","1":"post","2":"type-post","3":"status-publish","4":"format-standard","5":"has-post-thumbnail","7":"category-cyclisme","8":"tag-gregoryvg_photography","9":"tag-58126","10":"tag-32905","11":"tag-champion","12":"tag-championship","13":"tag-ciclismo","14":"tag-cycling","15":"tag-cyclisme","16":"tag-ecosse","17":"tag-fr","18":"tag-france","19":"tag-glasgow","20":"tag-gregory-van-gansen","21":"tag-gvg","22":"tag-koers","23":"tag-radfahren","24":"tag-radsport","25":"tag-schotland","26":"tag-scotland","27":"tag-sport","28":"tag-sports","29":"tag-uci","30":"tag-uci-road-world-championships","31":"tag-wc","32":"tag-wereldkampioen","33":"tag-wereldkampioenschap","34":"tag-wielrennen","35":"tag-world"},"share_on_mastodon":{"url":"https:\/\/pubeurope.com\/@fr\/115561798587338669","error":""},"_links":{"self":[{"href":"https:\/\/www.europesays.com\/fr\/wp-json\/wp\/v2\/posts\/539030","targetHints":{"allow":["GET"]}}],"collection":[{"href":"https:\/\/www.europesays.com\/fr\/wp-json\/wp\/v2\/posts"}],"about":[{"href":"https:\/\/www.europesays.com\/fr\/wp-json\/wp\/v2\/types\/post"}],"author":[{"embeddable":true,"href":"https:\/\/www.europesays.com\/fr\/wp-json\/wp\/v2\/users\/2"}],"replies":[{"embeddable":true,"href":"https:\/\/www.europesays.com\/fr\/wp-json\/wp\/v2\/comments?post=539030"}],"version-history":[{"count":0,"href":"https:\/\/www.europesays.com\/fr\/wp-json\/wp\/v2\/posts\/539030\/revisions"}],"wp:featuredmedia":[{"embeddable":true,"href":"https:\/\/www.europesays.com\/fr\/wp-json\/wp\/v2\/media\/539031"}],"wp:attachment":[{"href":"https:\/\/www.europesays.com\/fr\/wp-json\/wp\/v2\/media?parent=539030"}],"wp:term":[{"taxonomy":"category","embeddable":true,"href":"https:\/\/www.europesays.com\/fr\/wp-json\/wp\/v2\/categories?post=539030"},{"taxonomy":"post_tag","embeddable":true,"href":"https:\/\/www.europesays.com\/fr\/wp-json\/wp\/v2\/tags?post=539030"}],"curies":[{"name":"wp","href":"https:\/\/api.w.org\/{rel}","templated":true}]}}