{"id":539034,"date":"2025-11-16T22:45:22","date_gmt":"2025-11-16T22:45:22","guid":{"rendered":"https:\/\/www.europesays.com\/fr\/539034\/"},"modified":"2025-11-16T22:45:22","modified_gmt":"2025-11-16T22:45:22","slug":"matt-pokora-le-seul-endroit-quon-ces-mots-qui-ont-cause-un-seisme-devastateur-pour-le-chanteur","status":"publish","type":"post","link":"https:\/\/www.europesays.com\/fr\/539034\/","title":{"rendered":"Matt Pokora : \u00ab\u00a0Le seul endroit qu&rsquo;on&#8230;\u00a0\u00bb, ces mots qui ont caus\u00e9 un s\u00e9isme d\u00e9vastateur pour le chanteur"},"content":{"rendered":"<p>R\u00e9v\u00e9l\u00e9 au grand public au d\u00e9but des ann\u00e9es 2000. Matt Pokora<br \/>\ns&rsquo;\u00e9tait tout d&rsquo;abord fait conna\u00eetre en participant au t\u00e9l\u00e9-crochet<br \/>\nculte de M6 baptis\u00e9 Popstars. <strong>Il avait d&rsquo;ailleurs<br \/>\nremport\u00e9 l&rsquo;\u00e9mission<\/strong> <a href=\"https:\/\/www.closermag.fr\/people\/boys-band-linkup-que-sont-devenus-lionel-et-otis-les-anciens-proches-de-m-pokora-3556428\" target=\"_blank\" rel=\"noopener\"><br \/>\naux c\u00f4t\u00e9s de ses acolytes Lionel Tim et Otis<\/a>. Ensemble, ils ont<br \/>\nconnu le succ\u00e8s en formant le groupe baptis\u00e9 Linkup. Par la suite,<br \/>\ncelui qui <a href=\"https:\/\/www.telestar.fr\/people\/matt-pokora-papa-sa-cherie-christina-milian-a-accouche-486469\" target=\"_blank\" rel=\"noopener\"><br \/>\npartage aujourd&rsquo;hui la vie de Christina Milian<\/a> s&rsquo;est lanc\u00e9 avec<br \/>\nsucc\u00e8s dans une carri\u00e8re en solo.<\/p>\n<p><a href=\"https:\/\/www.closermag.fr\/people\/matt-pokora-papa-depasse-son-avis-sans-concession-sur-ses-deux-enfants-3247637\" target=\"_blank\" rel=\"noopener\"><br \/>\nP\u00e8re de deux enfants baptis\u00e9s Isaiah et Kenna<\/a>. Matt Pokora sera<br \/>\nl&rsquo;un des invit\u00e9s de Fr\u00e9d\u00e9ric Lopez dans l&rsquo;\u00e9mission Un dimanche \u00e0 la<br \/>\ncampagne le dimanche 16 novembre 2025 sur France 2. \u00ab\u00a0Dans une<br \/>\nmaison ouverte \u00e0 l\u2019inattendu et aux visites surprises. Entre<br \/>\n\u00e9motion et fous rires, chacun d\u00e9voile le fil invisible de son<br \/>\nhistoire. Pour\u00a0<strong>un dimanche \u00e0 la campagne qui<br \/>\nne ressemble \u00e0 aucun autre<\/strong>\u00ab\u00a0, a notamment<br \/>\nindiqu\u00e9 la cha\u00eene publique dans un communiqu\u00e9.<\/p>\n<p>Le chanteur avait suscit\u00e9 la pol\u00e9mique en \u00e9voquant le transfert<br \/>\nde Mason Greewood \u00e0 l&rsquo;OM en 2024<\/p>\n<p>\u00ab\u00a0Une rencontre \u00e0 la fois d\u00e9tonante et pleine d\u2019\u00e9motions<br \/>\nentre trois g\u00e9n\u00e9rations et trois univers bien diff\u00e9rents. Quelque<br \/>\npart loin du tumulte, avec Fr\u00e9d\u00e9ric<br \/>\nLopez,\u00a0<strong>ils se sont retrouv\u00e9s le temps d\u2019un<br \/>\nweek-end.\u00a0<\/strong>Un moment hors du temps pour se<br \/>\nrencontrer et pour parler d\u2019amour, d\u2019amiti\u00e9, de la vie\u00a0\u00bb, a<br \/>\n\u00e9galement ajout\u00e9 France 2. Si Matt Pokora a conquis le c\u0153ur de<br \/>\nnombreux fans au fil des ann\u00e9es. Le chanteur a \u00e9galement suscit\u00e9 la<br \/>\npol\u00e9mique. Ce fut notamment le cas en 2024.<\/p>\n<p data-mrf-experience=\"IL_Ny59oL5pQfGJKk4ypjzPaw\">Cette ann\u00e9e-l\u00e0,<br \/>\nil avait \u00e9voqu\u00e9 la nouvelle recrue de l&rsquo;Olympique de Marseille,<br \/>\nMason Greenwood. Pour rappel, l&rsquo;ancien joueur de Manchester United<br \/>\navait \u00e9t\u00e9 <strong>accus\u00e9 de viol et d&rsquo;agression contre sa<br \/>\ncompagne<\/strong> en 2021. Avant que les charges ne soient<br \/>\nfinalement abandonn\u00e9es. \u00ab\u00a0Let&rsquo;s go ! Le seul endroit qu&rsquo;on<br \/>\njugera, c&rsquo;est le rectangle vert. Le reste, ce n&rsquo;est pas de notre<br \/>\nressort, sa r\u00e9demption, il la doit \u00e0 sa femme et ses proches, pas \u00e0<br \/>\nnous. Il est l\u00e0, on va le soutenir\u00a0\u00bb, avait alors \u00e9crit Matt<br \/>\nPokora sur X.<\/p>\n<p>Matt Pokora : \u00ab\u00a0Les interpr\u00e9tations faites ne<br \/>\nrefl\u00e8tent pas du tout ma pens\u00e9e\u00a0\u00bb<\/p>\n<p>Cibl\u00e9 par de<br \/>\nnombreuses critiques. Le chanteur avait \u00e9t\u00e9 contraint de pr\u00e9ciser<br \/>\nsa pens\u00e9e. \u00ab\u00a0J&rsquo;ai \u00e9t\u00e9 maladroit sur mon commentaire concernant<br \/>\nl&rsquo;arriv\u00e9e de Greenwood \u00e0 Marseille. Les interpr\u00e9tations faites ne<br \/>\nrefl\u00e8tent pas du tout ma pens\u00e9e. \u00c9videmment que je condamne<br \/>\nfermement et <strong>ne tiens pas \u00e0 banaliser toutes formes de<br \/>\nviolences faites aux femmes<\/strong>\u00ab\u00a0, avait-il tout d&rsquo;abord<br \/>\nsoulign\u00e9.<\/p>\n<p>\u00ab\u00a0Dans mon message, je disais simplement que <strong>ce n&rsquo;est<br \/>\npas \u00e0 nous de juger ce qu&rsquo;il se passe<\/strong> aujourd&rsquo;hui entre<br \/>\neux (entre Mason Greenwood et sa compagne, ndlr). Et de ne pas les<br \/>\nlaisser avancer sereinement dans ce chemin de reconstruction avec<br \/>\n(leur) petite fille au milieu\u00a0\u00bb, avait ensuite conclu Matt<br \/>\nPokora.<\/p>\n","protected":false},"excerpt":{"rendered":"R\u00e9v\u00e9l\u00e9 au grand public au d\u00e9but des ann\u00e9es 2000. Matt Pokora s&rsquo;\u00e9tait tout d&rsquo;abord fait conna\u00eetre en participant&hellip;\n","protected":false},"author":2,"featured_media":539035,"comment_status":"","ping_status":"","sticky":false,"template":"","format":"standard","meta":{"footnotes":""},"categories":[1359],"tags":[58,59,1011,27,2886,973],"class_list":{"0":"post-539034","1":"post","2":"type-post","3":"status-publish","4":"format-standard","5":"has-post-thumbnail","7":"category-people","8":"tag-divertissement","9":"tag-entertainment","10":"tag-fr","11":"tag-france","12":"tag-matt-pokora","13":"tag-people"},"share_on_mastodon":{"url":"https:\/\/pubeurope.com\/@fr\/115561806357483855","error":""},"_links":{"self":[{"href":"https:\/\/www.europesays.com\/fr\/wp-json\/wp\/v2\/posts\/539034","targetHints":{"allow":["GET"]}}],"collection":[{"href":"https:\/\/www.europesays.com\/fr\/wp-json\/wp\/v2\/posts"}],"about":[{"href":"https:\/\/www.europesays.com\/fr\/wp-json\/wp\/v2\/types\/post"}],"author":[{"embeddable":true,"href":"https:\/\/www.europesays.com\/fr\/wp-json\/wp\/v2\/users\/2"}],"replies":[{"embeddable":true,"href":"https:\/\/www.europesays.com\/fr\/wp-json\/wp\/v2\/comments?post=539034"}],"version-history":[{"count":0,"href":"https:\/\/www.europesays.com\/fr\/wp-json\/wp\/v2\/posts\/539034\/revisions"}],"wp:featuredmedia":[{"embeddable":true,"href":"https:\/\/www.europesays.com\/fr\/wp-json\/wp\/v2\/media\/539035"}],"wp:attachment":[{"href":"https:\/\/www.europesays.com\/fr\/wp-json\/wp\/v2\/media?parent=539034"}],"wp:term":[{"taxonomy":"category","embeddable":true,"href":"https:\/\/www.europesays.com\/fr\/wp-json\/wp\/v2\/categories?post=539034"},{"taxonomy":"post_tag","embeddable":true,"href":"https:\/\/www.europesays.com\/fr\/wp-json\/wp\/v2\/tags?post=539034"}],"curies":[{"name":"wp","href":"https:\/\/api.w.org\/{rel}","templated":true}]}}