{"id":539036,"date":"2025-11-16T22:46:24","date_gmt":"2025-11-16T22:46:24","guid":{"rendered":"https:\/\/www.europesays.com\/fr\/539036\/"},"modified":"2025-11-16T22:46:24","modified_gmt":"2025-11-16T22:46:24","slug":"cest-la-chose-la-plus-aboutie-de-ma-vie","status":"publish","type":"post","link":"https:\/\/www.europesays.com\/fr\/539036\/","title":{"rendered":"\u00ab C&rsquo;est la chose la plus aboutie de ma vie \u00bb"},"content":{"rendered":"<p>                    Par<br \/>\n        <strong><br \/>\n            <a href=\"https:\/\/actu.fr\/auteur\/delphine-revol\" title=\"Consulter tous les articles de Delphine Revol\" target=\"_blank\" rel=\"noopener\">Delphine Revol<\/a><br \/>\n                    <\/strong><\/p>\n<p>        Publi\u00e9 le<\/p>\n<p>            16 nov. 2025 \u00e0 12h12        <\/p>\n<p>Qui ne conna\u00eet pas le travail de <b>Mascarade <\/b>(Alexandre Delaunay \u00e0 la ville) n\u2019est pas havrais. Ou n\u2019est jamais venu au\u00a0<a href=\"https:\/\/actu.fr\/normandie\/le-havre_76351\" target=\"_blank\" rel=\"noopener\">Havre<\/a>. Ancien <b>street-artiste,<\/b> le peintre de 36\u00a0ans, qui s\u00e9vit depuis plusieurs ann\u00e9es sur toiles dans son atelier, a immortalis\u00e9 son travail \u00e0 l\u2019entr\u00e9e de ville de Sainte-Adresse sur une b\u00e2che murale g\u00e9ante, et aussi <strong>sur l\u2019int\u00e9gralit\u00e9 d\u2019un bus urbain Lia.<\/strong> Excusez du peu. Sa patte artistique lui est singuli\u00e8re\u2009: du rouge, du bleu, du vert, du jaune\u2026 et des traits noirs \u00e9pais. Mais derri\u00e8re cette palette de couleurs gaies se cache un homme sensible, qui a eu besoin de retranscrire sa vie et ses \u00e9motions par les mots.<\/p>\n<p class=\" wall-content\">\u00ab\u2009Je fais beaucoup d\u2019interviews, de vid\u00e9os sur les r\u00e9seaux sociaux o\u00f9 je parle de moi mais l\u00e0 j\u2019avais besoin d\u2019un temps long pour m\u2019exprimer.\u2009\u00bb Ainsi est venue l\u2019id\u00e9e du livre. Sans pr\u00e9m\u00e9ditation aucune.<\/p>\n<p>Un an d\u2019\u00e9criture et de travail sur soi<\/p>\n<p class=\" wall-content\">C\u2019est en rencontrant<b> Catherine Le Gall,<\/b> biographe, il y a deux ans, dans le contexte d\u2019une expo \u00e0 La R\u00e9union, que s\u2019est install\u00e9e une confiance de travail propice aux \u00e9changes intimes. \u00ab\u2009Au d\u00e9part, j\u2019avais pour projet de faire un livre de photos de mes \u0153uvres avec un peu de texte qui les accompagne.\u2009\u00bb<\/p>\n<p class=\" wall-content\">Mais au fil du temps pass\u00e9 avec celle qui deviendra officiellement le prolongement de sa plume, <b>Alexandre Delaunay<\/b> se rend compte qu\u2019il a beaucoup \u00e0 raconter. \u00c0 partir des notes prises \u00e0 chaque moment important de sa vie sur son t\u00e9l\u00e9phone et de ses s\u00e9ances de psy en parall\u00e8le, plein de choses ressortent\u2009: \u00ab\u2009Tout se m\u00e9lange un peu, mais j\u2019ai compris par exemple l\u2019amn\u00e9sie que j\u2019ai eue \u00e0 l\u2019\u00e2ge de 8 ans. J\u2019ai eu envie de faire une \u00e9dition qui soit accessible au plus grand nombre, finalement sans photo du tout\u2009\u00bb.<\/p>\n<p class=\" wall-content\">Apr\u00e8s<b> un an d\u2019\u00e9criture et de travail intense sur soi<\/b>, en d\u00e9coule<b> un livre de 104 pages<\/b>, sans illustration, mais fluide \u00e0 la lecture, qui sera vendu \u00e0 partir du 22 novembre 2025 au tarif public de 14 euros. \u00ab\u2009C\u2019est la chose la plus aboutie de ma vie\u2009!\u2009\u00bb, assure l\u2019artiste, \u00e9mu par la sortie de ce qui lui aura accapar\u00e9 l\u2019esprit pendant des mois, et qu\u2019il aura v\u00e9cu comme \u00ab\u2009une th\u00e9rapie\u2009\u00bb.<\/p>\n<p>\u00ab\u2009Mascarade c\u2019est facile, Alexandre c\u2019est plus gal\u00e8re\u2009\u00bb<br \/>\n    <img   decoding=\"async\" loading=\"lazy\" class=\"size-large\" src=\"https:\/\/www.europesays.com\/fr\/wp-content\/uploads\/2025\/11\/a71518ce5fe86ab1518ce5fe88f151v-764x640.jpg\" alt=\"toile mascarade\" width=\"764\" height=\"640\"\/><br \/>\n    \u00ab\u2009Cet amour\u2009\u00bb Jacques Pr\u00e9vert \u2013 Acrylique sur toile, 60x80cm \u00a9Photo transmise<\/p>\n<p class=\" wall-content\">Dans cet ouvrage accessible, Mascarade raconte ses <b>souvenirs d\u2019enfance, <\/b>son obsession d\u00e9vorante pour la compagnie <a href=\"https:\/\/actu.fr\/normandie\/le-havre_76351\/en-direct-suivez-defile-geants-royal-luxe-havre-500-ans-7-8-9-juillet-2017_9328815.html\" target=\"_blank\" rel=\"noopener\">Royal de Luxe,<\/a> sa passion premi\u00e8re pour le th\u00e9\u00e2tre, et ses difficult\u00e9s scolaires\u2009: \u00ab\u2009J\u2019avais comme un voile blanc devant les yeux \u00e0 l\u2019\u00e9cole\u2009\u00bb. Au fil des pages, le lecteur grandit avec le petit Alexandre, jusqu\u2019\u00e0 son adolescence et la d\u00e9couverte du graffiti, \u00ab\u2009qui m\u2019a donn\u00e9 confiance en moi\u2009\u00bb, alors m\u00eame que l\u2019artiste confesse ses difficult\u00e9s dans les relations sociales\u2009: \u00ab\u2009Mascarade c\u2019est facile, Alexandre c\u2019est un peu plus gal\u00e8re\u2009\u00bb.<\/p>\n<p>Votre r\u00e9gion, votre actu !<\/p>\n<p>Recevez chaque jour les infos qui comptent pour vous.<\/p>\n<p>\t<a href=\"https:\/\/actu.fr\/newsletter\" class=\"ac-btn ac-btn--corner ac-btn--medium ac-btn--blue800\" target=\"_blank\" rel=\"noopener\">S&rsquo;incrire<\/a><\/p>\n<p class=\" wall-content\">De ses addictions \u00e0 la drogue, en passant par ses <b>\u00e9checs scolaires<\/b>, mais aussi le r\u00e9cit d\u2019un traumatisme v\u00e9cu au commissariat de police en 2012, son amour pour sa ville natale et son architecture, les fans de l\u2019artiste vont d\u00e9couvrir l\u2019\u00eatre \u00e0 fleur de peau qui se cache derri\u00e8re ce blase, Mascarade. Pour mieux comprendre son \u0153uvre, mieux percevoir la sensibilit\u00e9 de l\u2019artiste quand il graffe un dessin dans la rue, quand il peint un tableau, une fresque, ou quand il colle <b>Super Mascarade<\/b> sur le Volcan, le livre est \u00e9clairant. Il met en lumi\u00e8re le cheminement artistique qui tend vers la notori\u00e9t\u00e9, des trottoirs de sa ville natale, jusqu\u2019aux expos dans les quatre coins du monde\u2009: Mascarade ouvre grand les portes de son histoire personnelle\u2026<\/p>\n<p>Mascarade d\u00e9dicacera son livre samedi 22\u00a0novembre 2025 \u00e0 16\u2009h, \u00e0 la libraire la Galerne, 148 rue Victor Hugo, Le\u00a0Havre.<\/p>\n<p>Suivez l\u2019actualit\u00e9 du\u00a0Havre sur <a href=\"https:\/\/www.whatsapp.com\/channel\/0029VaFqJYE8aKvLBwVrEe0o\" target=\"_blank\" rel=\"noopener\">notre cha\u00eene WhatsApp<\/a> et sur <a href=\"https:\/\/www.tiktok.com\/@76actu.fr?lang=fr\" target=\"_blank\" rel=\"noopener\">notre compte TikTok<\/a><\/p>\n<p class=\" wall-content\">Personnalisez votre actualit\u00e9 en ajoutant vos villes et m\u00e9dias en favori avec <a href=\"https:\/\/moncompte.actu.fr\" title=\"D\u00e9couvez Mon Actu\" rel=\"nofollow noopener\" data-trk=\"{&quot;cta&quot;:{&quot;action&quot;:&quot;https:\\\/\\\/moncompte.actu.fr&quot;,&quot;category&quot;:&quot;mon compte&quot;,&quot;from&quot;:&quot;article footer&quot;,&quot;name&quot;:&quot;Mon actu&quot;,&quot;type&quot;:&quot;cta&quot;}}\" target=\"_blank\">Mon Actu<\/a>.<\/p>\n<p>                    <script async src=\"\/\/www.tiktok.com\/embed.js\"><\/script><\/p>\n","protected":false},"excerpt":{"rendered":"Par Delphine Revol Publi\u00e9 le 16 nov. 2025 \u00e0 12h12 Qui ne conna\u00eet pas le travail de Mascarade&hellip;\n","protected":false},"author":2,"featured_media":539037,"comment_status":"","ping_status":"","sticky":false,"template":"","format":"standard","meta":{"footnotes":""},"categories":[1358],"tags":[1348,1384,1385,1386,58,59,1011,27,1380,1652,7189],"class_list":{"0":"post-539036","1":"post","2":"type-post","3":"status-publish","4":"format-standard","5":"has-post-thumbnail","7":"category-arts-et-design","8":"tag-arts","9":"tag-arts-and-design","10":"tag-arts-et-design","11":"tag-design","12":"tag-divertissement","13":"tag-entertainment","14":"tag-fr","15":"tag-france","16":"tag-livres","17":"tag-loisirs-culture","18":"tag-street-art"},"share_on_mastodon":{"url":"https:\/\/pubeurope.com\/@fr\/115561810352160958","error":""},"_links":{"self":[{"href":"https:\/\/www.europesays.com\/fr\/wp-json\/wp\/v2\/posts\/539036","targetHints":{"allow":["GET"]}}],"collection":[{"href":"https:\/\/www.europesays.com\/fr\/wp-json\/wp\/v2\/posts"}],"about":[{"href":"https:\/\/www.europesays.com\/fr\/wp-json\/wp\/v2\/types\/post"}],"author":[{"embeddable":true,"href":"https:\/\/www.europesays.com\/fr\/wp-json\/wp\/v2\/users\/2"}],"replies":[{"embeddable":true,"href":"https:\/\/www.europesays.com\/fr\/wp-json\/wp\/v2\/comments?post=539036"}],"version-history":[{"count":0,"href":"https:\/\/www.europesays.com\/fr\/wp-json\/wp\/v2\/posts\/539036\/revisions"}],"wp:featuredmedia":[{"embeddable":true,"href":"https:\/\/www.europesays.com\/fr\/wp-json\/wp\/v2\/media\/539037"}],"wp:attachment":[{"href":"https:\/\/www.europesays.com\/fr\/wp-json\/wp\/v2\/media?parent=539036"}],"wp:term":[{"taxonomy":"category","embeddable":true,"href":"https:\/\/www.europesays.com\/fr\/wp-json\/wp\/v2\/categories?post=539036"},{"taxonomy":"post_tag","embeddable":true,"href":"https:\/\/www.europesays.com\/fr\/wp-json\/wp\/v2\/tags?post=539036"}],"curies":[{"name":"wp","href":"https:\/\/api.w.org\/{rel}","templated":true}]}}