{"id":539038,"date":"2025-11-16T22:48:29","date_gmt":"2025-11-16T22:48:29","guid":{"rendered":"https:\/\/www.europesays.com\/fr\/539038\/"},"modified":"2025-11-16T22:48:29","modified_gmt":"2025-11-16T22:48:29","slug":"bastiaan-star-academy-stresse-pour-les-nominations-apres-une-sortie-de-route-pendant-son-evaluation-surprise","status":"publish","type":"post","link":"https:\/\/www.europesays.com\/fr\/539038\/","title":{"rendered":"Bastiaan (Star Academy) stress\u00e9 pour les nominations apr\u00e8s \u00ab\u00a0une sortie de route\u00a0\u00bb pendant son \u00e9valuation surprise"},"content":{"rendered":"<p>Dans le live de la Star Academy du dimanche 16 novembre sur TF1+, Baastian a pass\u00e9 son \u00e9valuation surprise. Apr\u00e8s son passage, l&rsquo;\u00e9l\u00e8ve s&rsquo;est inqui\u00e9t\u00e9 pour les nominations \u00e0 cause d&rsquo;une sortie de route pendant sa prestation.<\/p>\n<p>Que la semaine des surprises commence ! Ce dimanche 16 novembre, les \u00e9l\u00e8ves de <a href=\"https:\/\/www.programme-tv.net\/news\/tv\/388521-star-academy-2025-date-de-diffusion-professeurs-casting-toutes-les-infos-sur-la-nouvelle-saison\/\" data-api-deeplink=\"teleloisirs:\/\/news\/388521\" target=\"_blank\" rel=\"noopener\">la saison 13 de la Star Academy<\/a> ont attaqu\u00e9 leur journ\u00e9e avec le d\u00e9brief de Marl\u00e8ne Schaff. La professeure d&rsquo;expression sc\u00e9nique est revenue sur les prestations du prime des anciens. \u00ab\u00a0C&rsquo;est dans le top 3 de mes primes pr\u00e9f\u00e9r\u00e9s depuis que j&rsquo;ai commenc\u00e9 \u00e0 bosser sur la Star Academy\u00a0\u00bb, a-t-elle avou\u00e9. Si l&rsquo;experte a \u00e9t\u00e9 particuli\u00e8rement touch\u00e9e par ce prime, cela ne l&rsquo;a pas emp\u00each\u00e9 de recadrer certains \u00e9l\u00e8ves dont <a href=\"https:\/\/www.programme-tv.net\/news\/tv\/392116-j-etais-a-ca-de-partir-marlene-schaff-alerte-ambre-star-academy-2025-apres-un-decrochage-lors-de-son-duo-avec-marine-au-prime\/\" data-api-deeplink=\"teleloisirs:\/\/news\/392116\" target=\"_blank\" rel=\"noopener\">Ambre<\/a> et <a href=\"https:\/\/www.programme-tv.net\/news\/tv\/392117-ca-magace-melissa-star-academy-2025-tres-emue-apres-des-remarques-de-marlene-schaff-sur-son-attitude-en-groupe\/\" data-api-deeplink=\"teleloisirs:\/\/news\/392117\" target=\"_blank\" rel=\"noopener\">M\u00e9lissa<\/a> qui ont fait des faux pas sur sc\u00e8ne. C&rsquo;est ensuite <a href=\"https:\/\/www.programme-tv.net\/biographie\/113127-goldman-michael\/\" data-link-people=\"5a3a480e-6215-4ac5-9166-24c775b347bc\" target=\"_blank\" rel=\"noopener\">Michael Goldman<\/a> qui s&rsquo;est rendu au ch\u00e2teau. Le directeur a annonc\u00e9<a href=\"https:\/\/www.programme-tv.net\/news\/tv\/392122-star-academy-2025-surprise-michael-goldman-annonce-que-tous-les-eleves-ne-passeront-finalement-pas-leur-evaluation-ce-dimanche-16-novembre\/\" data-api-deeplink=\"teleloisirs:\/\/news\/392122\" target=\"_blank\" rel=\"noopener\"> les \u00e9valuations surprises<\/a>, un choc pour les \u00e9l\u00e8ves. Anouk, L\u00e9ane, L\u00e9a, Bastiaan, Ambre et Jeanne ont tir\u00e9 une chanson au sort et ont eu une heure pour se pr\u00e9senter devant les professeurs. Bastiaan a pioch\u00e9 Toutes les machines ont un c\u0153ur de Ma\u00eblle et a stress\u00e9 concernant les nominations apr\u00e8s son \u00e9valuation.<\/p>\n<p>                        Bastiaan  (Star Academy) stress\u00e9 apr\u00e8s son \u00e9valuation surprise, il se confie<\/p>\n<p>Apr\u00e8s son \u00e9valuation surprise dans le live de TF1+, Bastiaan a partag\u00e9 son inqui\u00e9tude \u00e0 ses camarades. \u00ab\u00a0C&rsquo;\u00e9tait bien ?\u00a0\u00bb, a-t-il demand\u00e9 avant d&rsquo;\u00e9num\u00e9rer ses erreurs :<b> \u00ab\u00a0J&rsquo;ai oubli\u00e9 de les regarder. Je les ai regard\u00e9s \u00e0 la fin [&#8230;] Il y avait une sortie de route&#8230; \u00c7a s&rsquo;est senti ou pas ?\u00a0\u00bb <\/b>Face \u00e0 ses doutes, Victor lui a confirm\u00e9 que \u00ab\u00a0l&rsquo;h\u00e9sitation s&rsquo;est vue\u00a0\u00bb mais que l&rsquo;ensemble de sa prestation \u00e9tait \u00ab\u00a0encore mieux qu&rsquo;en r\u00e9p\u00e9tition\u00a0\u00bb. \u00ab\u00a0Moi, je n&rsquo;ai pas remarqu\u00e9\u00a0\u00bb, a nuanc\u00e9 Anouk avant de lui d\u00e9voiler ce qu&rsquo;elle a moins appr\u00e9ci\u00e9 dans sa performance : \u00ab\u00a0Le seul truc que je me suis dit, mais vraiment le seul&#8230; C&rsquo;\u00e9tait hyper intense en m\u00eame temps. C&rsquo;est quand tu as dit &lsquo;mon c\u0153ur est si fragile&rsquo;, d&rsquo;un c\u00f4t\u00e9, c&rsquo;\u00e9tait puissant mais d&rsquo;un c\u00f4t\u00e9, tu souriais.\u00a0\u00bb Reste \u00e0 savoir s&rsquo;il \u00e9chappera aux nominations&#8230;<\/p>\n<p>            Ema (Star Academy) explique pourquoi elle a d\u00e9cid\u00e9 de quitter le ch\u00e2teau<\/p>\n<p>\u00c0 l&rsquo;issue du prime des anciens, <a href=\"https:\/\/www.programme-tv.net\/news\/tv\/392090-pourquoi-ema-a-t-elle-vraiment-decide-de-quitter-la-star-academy-2025-elle-sexplique\/\" data-api-deeplink=\"teleloisirs:\/\/news\/392090\" target=\"_blank\" rel=\"noopener\">Ema a d\u00e9cid\u00e9 de quitter le ch\u00e2teau<\/a> et a c\u00e9d\u00e9 sa place \u00e0 L\u00e9ane. Un choix qu&rsquo;elle a ensuite expliqu\u00e9. \u00ab\u00a0J\u2019y avais d\u00e9j\u00e0 pens\u00e9\u00a0\u00bb, a avou\u00e9 l&rsquo;\u00e9l\u00e8ve avant de confier : \u00ab\u00a0J\u2019ai eu deux chances, j\u2019ai d\u00e9j\u00e0 \u00e9t\u00e9 sauv\u00e9e deux fois par les \u00e9l\u00e8ves, et au bout d\u2019un moment, L\u00e9ane aussi, elle m\u00e9rite. C\u2019\u00e9tait sa premi\u00e8re nomination, et j\u2019avais envie d\u2019\u00eatre juste.\u00a0\u00bb Un abandon qui lui a permis de partir \u00ab\u00a0la t\u00eate haute\u00a0\u00bb.<\/p>\n","protected":false},"excerpt":{"rendered":"Dans le live de la Star Academy du dimanche 16 novembre sur TF1+, Baastian a pass\u00e9 son \u00e9valuation&hellip;\n","protected":false},"author":2,"featured_media":539039,"comment_status":"","ping_status":"","sticky":false,"template":"","format":"standard","meta":{"footnotes":""},"categories":[1356],"tags":[65788,244,58,59,1011,27,64696,64698,64694,64695,5095,64699,64697,252,199,2175,1364],"class_list":{"0":"post-539038","1":"post","2":"type-post","3":"status-publish","4":"format-standard","5":"has-post-thumbnail","7":"category-television","8":"tag-bastiaan-star-academy-2025","9":"tag-commentaire","10":"tag-divertissement","11":"tag-entertainment","12":"tag-fr","13":"tag-france","14":"tag-la-quotidienne-25112022-173000-tf1","15":"tag-la-quotidienne-su00e9rie-52118294","16":"tag-la-quotidienne-1100832954","17":"tag-la-quotidienne-1100860641","18":"tag-star-academy","19":"tag-star-academy-le-prime-9790195","20":"tag-star-academy-1100807804","21":"tag-television","22":"tag-tf1","23":"tag-tl-story","24":"tag-tv"},"share_on_mastodon":{"url":"https:\/\/pubeurope.com\/@fr\/115561818237399016","error":""},"_links":{"self":[{"href":"https:\/\/www.europesays.com\/fr\/wp-json\/wp\/v2\/posts\/539038","targetHints":{"allow":["GET"]}}],"collection":[{"href":"https:\/\/www.europesays.com\/fr\/wp-json\/wp\/v2\/posts"}],"about":[{"href":"https:\/\/www.europesays.com\/fr\/wp-json\/wp\/v2\/types\/post"}],"author":[{"embeddable":true,"href":"https:\/\/www.europesays.com\/fr\/wp-json\/wp\/v2\/users\/2"}],"replies":[{"embeddable":true,"href":"https:\/\/www.europesays.com\/fr\/wp-json\/wp\/v2\/comments?post=539038"}],"version-history":[{"count":0,"href":"https:\/\/www.europesays.com\/fr\/wp-json\/wp\/v2\/posts\/539038\/revisions"}],"wp:featuredmedia":[{"embeddable":true,"href":"https:\/\/www.europesays.com\/fr\/wp-json\/wp\/v2\/media\/539039"}],"wp:attachment":[{"href":"https:\/\/www.europesays.com\/fr\/wp-json\/wp\/v2\/media?parent=539038"}],"wp:term":[{"taxonomy":"category","embeddable":true,"href":"https:\/\/www.europesays.com\/fr\/wp-json\/wp\/v2\/categories?post=539038"},{"taxonomy":"post_tag","embeddable":true,"href":"https:\/\/www.europesays.com\/fr\/wp-json\/wp\/v2\/tags?post=539038"}],"curies":[{"name":"wp","href":"https:\/\/api.w.org\/{rel}","templated":true}]}}