{"id":539048,"date":"2025-11-16T22:53:16","date_gmt":"2025-11-16T22:53:16","guid":{"rendered":"https:\/\/www.europesays.com\/fr\/539048\/"},"modified":"2025-11-16T22:53:16","modified_gmt":"2025-11-16T22:53:16","slug":"leila-bekhti-difficile-de-me-taire-sa-reaction-choc-apres-un-evenement-lourd-de-sens","status":"publish","type":"post","link":"https:\/\/www.europesays.com\/fr\/539048\/","title":{"rendered":"Le\u00efla Bekhti : \u00ab\u00a0difficile de me taire\u00a0\u00bb, sa r\u00e9action choc apr\u00e8s un \u00e9v\u00e9nement lourd de sens"},"content":{"rendered":"<p>Sorti au cin\u00e9ma en 2019. <a href=\"https:\/\/www.telestar.fr\/culture\/la-lutte-des-classes-pourquoi-le-film-a-t-il-ete-accuse-de-plagiat-812314\" target=\"_blank\" rel=\"noopener\"><br \/>\nLe film baptis\u00e9 La lutte des classes<\/a>, <strong>r\u00e9alis\u00e9<br \/>\npar Michel Leclerc<\/strong>, sera diffus\u00e9 le dimanche 16 novembre<br \/>\n2025, \u00e0 partir de 21h05 sur France 2. Port\u00e9 par Le\u00efla Bekhti,<br \/>\n<a href=\"https:\/\/www.closermag.fr\/people\/edouard-baer-est-il-en-couple-3439324\" target=\"_blank\" rel=\"noopener\"><br \/>\nEdouard Baer<\/a> et Ramzy Bedia. Ce long-m\u00e9trage met en sc\u00e8ne un<br \/>\ncouple r\u00e9sidant dans la ville de Bagnolet en Seine Saint-Denis.<\/p>\n<p>Sofia, incarn\u00e9e \u00e0 l&rsquo;\u00e9cran par Le\u00efla Bekhti, est avocate. Tandis<br \/>\nque Paul, interpr\u00e9t\u00e9 par Edouard Baer, est le batteur du groupe de<br \/>\npunk rock Amadeus 77. <strong>Leurs caract\u00e8res s&rsquo;opposent<br \/>\n\u00e9galement.<\/strong> Car elle est plut\u00f4t du genre rang\u00e9. Alors que<br \/>\nson compagnon a toujours gard\u00e9 ses convictions anarchistes. Leur<br \/>\nfils Corentin, surnomm\u00e9 Coco, jou\u00e9 par le jeune Tom L\u00e9vy, fr\u00e9quente<br \/>\nl&rsquo;\u00e9cole publique la plus proche de chez eux.<\/p>\n<p>L&rsquo;\u00e9pouse de Tahar Rahim avait pouss\u00e9 un gros coup de gueule en<br \/>\n2019 sur Instagram<\/p>\n<p>Il voit ses copains de classe quitter l&rsquo;\u00e9cole primaire publique<br \/>\npour l&rsquo;\u00e9tablissement priv\u00e9 attenant. <strong>Au nom d&rsquo;une \u00e9ducation<br \/>\nsuppos\u00e9e meilleure.<\/strong> Les parents se trouvent tiraill\u00e9s face<br \/>\nau dilemme entre le respect de la carte scolaire au nom de leurs<br \/>\nid\u00e9aux de mixit\u00e9 sociale. Et l&rsquo;envie du recours \u00e0 une \u00e9cole<br \/>\npriv\u00e9e.<\/p>\n<p>Il s&rsquo;agit du premier r\u00f4le au cin\u00e9ma de Tom L\u00e9vy, qui fut choisi<br \/>\npar Michel Leclerc au terme d&rsquo;un grand casting. \u00ab\u00a0Il<br \/>\nest fils de profs, ses parents connaissent par coeur la<br \/>\nprobl\u00e9matique du film. <strong>Et lui comprenait tout de mon<br \/>\nprojet<\/strong>\u00ab\u00a0, a notamment soulign\u00e9 le cin\u00e9aste. De son<br \/>\nc\u00f4t\u00e9, Le\u00efla Bekhti avait fait parler d&rsquo;elle quelques mois apr\u00e8s la<br \/>\nsortie du film cette ann\u00e9e-l\u00e0. En fait, <a href=\"https:\/\/www.closermag.fr\/people\/tahar-rahim-ma-vie-est-la-tienne-pour-son-anniversaire-leila-bekhti-lui-fait-une-tendre-declaration-3561073\" target=\"_blank\" rel=\"noopener\"><br \/>\nl&rsquo;\u00e9pouse de l&rsquo;acteur Tahar Rahim<\/a> avait donn\u00e9 son avis sur le<br \/>\nvoile dans un message publi\u00e9 sur Instagram.<\/p>\n<blockquote class=\"instagram-media\" style=\"background: #ffffff;border: 0;margin: 1px;width: 100%;padding: 0;max-width: 500px;\" data-instgrm-permalink=\"https:\/\/www.instagram.com\/p\/B3-cpkYo-qi\/?utm_source=ig_embed\" data-instgrm-version=\"14\"\/><p>\nLe\u00efla Bekhti : \u00ab\u00a0Je suis effar\u00e9e par la<br \/>\nhaine et le rejet de l&rsquo;autre qui se propagent dans la soci\u00e9t\u00e9\u00a0\u00bb<\/p>\n<p>\u00ab\u00a0<strong>Je n&rsquo;ai pas pour habitude de m&rsquo;exprimer sur les<br \/>\nsujets de soci\u00e9t\u00e9.<\/strong> Ni de commenter less pol\u00e9miques.<br \/>\nPeut-\u00eatre que je ne sais pas. Peut-\u00eatre que je consid\u00e8re que ce<br \/>\nn&rsquo;est pas mon meilleur r\u00f4le. Seulement, il m&rsquo;est difficile de me<br \/>\ntaire au milieu de cette atmosph\u00e8re pesante. Je suis effar\u00e9e par la<br \/>\nhaine et le rejet de l&rsquo;autre qui se propagent dans la<br \/>\nsoci\u00e9t\u00e9\u00a0\u00bb, avait premi\u00e8rement \u00e9crit Le\u00efla Bekhti.<\/p>\n<p>\u00ab\u00a0Je ne veux plus que des femmes soient rejet\u00e9es. Parce<br \/>\nqu&rsquo;elles portent un voile ou non. Que des hommes soient regard\u00e9<br \/>\navec<br \/>m\u00e9fiance \u00e0 cause de leur nom, de leur foi, de leur couleur de<br \/>\npeau. <strong>Je n&rsquo;ai pas forcement la solution.<\/strong> On pourra<br \/>\nme taxer de na\u00efvet\u00e9. Mais n&rsquo;en d\u00e9plaise aux porteurs de haine, la<br \/>\nvoie du vivre ensemble existe. \u00c0 nous de la propager\u00a0\u00bb, avait<br \/>\nensuite ajout\u00e9 la com\u00e9dienne.<\/p>\n<p><script async src=\"\/\/www.instagram.com\/embed.js\"><\/script><\/p>\n","protected":false},"excerpt":{"rendered":"Sorti au cin\u00e9ma en 2019. Le film baptis\u00e9 La lutte des classes, r\u00e9alis\u00e9 par Michel Leclerc, sera diffus\u00e9&hellip;\n","protected":false},"author":2,"featured_media":539049,"comment_status":"","ping_status":"","sticky":false,"template":"","format":"standard","meta":{"footnotes":""},"categories":[8],"tags":[58,59,1011,27,7410],"class_list":{"0":"post-539048","1":"post","2":"type-post","3":"status-publish","4":"format-standard","5":"has-post-thumbnail","7":"category-divertissement","8":"tag-divertissement","9":"tag-entertainment","10":"tag-fr","11":"tag-france","12":"tag-leila-bekhti"},"share_on_mastodon":{"url":"https:\/\/pubeurope.com\/@fr\/115561837859329015","error":""},"_links":{"self":[{"href":"https:\/\/www.europesays.com\/fr\/wp-json\/wp\/v2\/posts\/539048","targetHints":{"allow":["GET"]}}],"collection":[{"href":"https:\/\/www.europesays.com\/fr\/wp-json\/wp\/v2\/posts"}],"about":[{"href":"https:\/\/www.europesays.com\/fr\/wp-json\/wp\/v2\/types\/post"}],"author":[{"embeddable":true,"href":"https:\/\/www.europesays.com\/fr\/wp-json\/wp\/v2\/users\/2"}],"replies":[{"embeddable":true,"href":"https:\/\/www.europesays.com\/fr\/wp-json\/wp\/v2\/comments?post=539048"}],"version-history":[{"count":0,"href":"https:\/\/www.europesays.com\/fr\/wp-json\/wp\/v2\/posts\/539048\/revisions"}],"wp:featuredmedia":[{"embeddable":true,"href":"https:\/\/www.europesays.com\/fr\/wp-json\/wp\/v2\/media\/539049"}],"wp:attachment":[{"href":"https:\/\/www.europesays.com\/fr\/wp-json\/wp\/v2\/media?parent=539048"}],"wp:term":[{"taxonomy":"category","embeddable":true,"href":"https:\/\/www.europesays.com\/fr\/wp-json\/wp\/v2\/categories?post=539048"},{"taxonomy":"post_tag","embeddable":true,"href":"https:\/\/www.europesays.com\/fr\/wp-json\/wp\/v2\/tags?post=539048"}],"curies":[{"name":"wp","href":"https:\/\/api.w.org\/{rel}","templated":true}]}}