{"id":539050,"date":"2025-11-16T22:54:31","date_gmt":"2025-11-16T22:54:31","guid":{"rendered":"https:\/\/www.europesays.com\/fr\/539050\/"},"modified":"2025-11-16T22:54:31","modified_gmt":"2025-11-16T22:54:31","slug":"ce-recent-tv-oled-samsung-65-pouces-dope-a-lia-perd-300-e-en-plein-pre-black-friday-frandroid","status":"publish","type":"post","link":"https:\/\/www.europesays.com\/fr\/539050\/","title":{"rendered":"Ce r\u00e9cent TV OLED Samsung 65 pouces dop\u00e9 \u00e0 l&rsquo;IA perd 300 \u20ac en plein pr\u00e9-Black Friday \u2014 Frandroid"},"content":{"rendered":"<p>Lanc\u00e9 cette ann\u00e9e, le TV Samsung TQ65S92FA cumule les atouts : dalle OLED 4K, IA int\u00e9gr\u00e9e, fonctions gaming compl\u00e8tes\u2026 Un mod\u00e8le qu\u2019on recommande encore plus quand il est affich\u00e9 \u00e0 1 499 euros au lieu de 1 799 euros chez Boulanger, comme en ce pr\u00e9-Black Friday. <\/p>\n<p><a target=\"_blank\" href=\"https:\/\/images.frandroid.com\/wp-content\/uploads\/2025\/11\/samsung-tq65s92fa-black-friday-2025.jpg\" class=\"article-content__figure\" rel=\"noopener\"><img fetchpriority=\"high\" decoding=\"async\" loading=\"eager\" width=\"1200\" height=\"675\" src=\"https:\/\/www.europesays.com\/fr\/wp-content\/uploads\/2025\/11\/samsung-tq65s92fa-black-friday-2025.jpg\" alt=\"\" class=\"wp-image-2867405 wp-image wp-image\"  \/><\/a><\/p>\n<p>Le Samsung TQ65S92FA fait partie de ces TV polyvalents qui peuvent convaincre aussi bien les amateurs de cin\u00e9ma que les passionn\u00e9s de gaming. Dalle OLED 4K qui rend chaque contenu plus bluffant visuellement, ports HDMI 2.1 compatibles 4K@144 Hz qui permettent de jouer avec une fluidit\u00e9 exemplaire\u2026 Bref, un mod\u00e8le que l\u2019on peut qualifier d\u2019attractif, et c\u2019est encore plus le cas quand il est <a href=\"https:\/\/shop.frandroid.com\/mcz34shp\" target=\"_blank\" rel=\"noreferrer noopener affiliate nofollow\" data-gtm=\"{&quot;event&quot;:&quot;afficlic&quot;,&quot;nom_marchand&quot;:&quot;boulanger&quot;,&quot;nom_produit&quot;:&quot;inconnu&quot;,&quot;categorie_produit&quot;:&quot;inconnu&quot;,&quot;module_produit&quot;:&quot;editolink&quot;,&quot;position_marchand&quot;:0,&quot;texte&quot;:&quot;affiche-a-300-euros&quot;,&quot;offer_url&quot;:&quot;https:\/\/shop.frandroid.com\/mcz34shp&quot;,&quot;zone&quot;:&quot;contenu-page&quot;}\">affich\u00e9 \u00e0 -300 euros<\/a> pendant le <a href=\"https:\/\/www.frandroid.com\/bons-plans\/2864479_la-periode-du-black-friday-regorge-de-bons-plans-mais-voici-le-top-50-des-meilleures-offres\" target=\"_blank\" rel=\"noopener\">pr\u00e9-Black Friday<\/a>.<\/p>\n<p>Les points forts du Samsung TQ65S92FA<\/p>\n<ul class=\"wp-block-list\">\n<li>Une dalle OLED 4K de 65 pouces + 100 Hz<\/li>\n<li>Compatible HDR10+ et HLG<\/li>\n<li>Quatre ports HDMI 2.1 compatibles 4K@144 Hz<\/li>\n<li>L\u2019intelligence artificielle int\u00e9gr\u00e9e<\/li>\n<\/ul>\n<p>Auparavant propos\u00e9 \u00e0 1 799 euros, le TV Samsung TQ65S92FA 2025 est aujourd\u2019hui <a href=\"https:\/\/shop.frandroid.com\/mcz34shp\" target=\"_blank\" rel=\"noreferrer noopener affiliate nofollow\" data-gtm=\"{&quot;event&quot;:&quot;afficlic&quot;,&quot;nom_marchand&quot;:&quot;boulanger&quot;,&quot;nom_produit&quot;:&quot;inconnu&quot;,&quot;categorie_produit&quot;:&quot;inconnu&quot;,&quot;module_produit&quot;:&quot;editolink&quot;,&quot;position_marchand&quot;:0,&quot;texte&quot;:&quot;disponible-en-promotion-a-1-499-euros-chez-boulanger&quot;,&quot;offer_url&quot;:&quot;https:\/\/shop.frandroid.com\/mcz34shp&quot;,&quot;zone&quot;:&quot;contenu-page&quot;}\">disponible en promotion \u00e0 1 499 euros chez Boulanger<\/a>.<\/p>\n<p>                <img decoding=\"async\" width=\"1152\" height=\"470\" loading=\"lazy\" alt=\"Fond d\u2019e\u0301cran \u2013 C89K v3\" title=\"Fond d\u2019e\u0301cran \u2013 C89K v3\" class=\"is-radiusless placeholder-default wp-image\" src=\"https:\/\/www.europesays.com\/fr\/wp-content\/uploads\/2025\/11\/fond-decran-c89k-v3-3.jpg\" \/>            <\/p>\n<p>\n                    Le top du Mini LED \u00e0 moins de 1 000 euros                <\/p>\n<p class=\"has-text-weight-medium is-size-6 is-line-height-normal\">\n                    Not\u00e9 9\/10 par la r\u00e9daction de Frandroid, le t\u00e9l\u00e9viseur TCL C89K est \u00ab une valeur s\u00fbre pour qui cherche un t\u00e9l\u00e9viseur Mini LED polyvalent, performant et durable \u00bb. Pour le Black Friday, la version 65 pouces du C89K profite de 200 \u20ac de remise.                <\/p>\n<p>Un TV avec plein d\u2019IA dedans <\/p>\n<p>Avec son design fin et \u00e9pur\u00e9, avec des bordures quasi invisibles, le TV Samsung TQ65S92FA parvient \u00e0 favoriser l\u2019immersion. On peut ainsi davantage profiter de son grand \u00e9cran OLED 4K (3 840 x 2 160 pixels) de 65 pouces, qui offre sans surprise des contrastes infinis, des noirs profonds et des couleurs bien vives. Cette dalle supporte aussi les formats\u00a0<a href=\"https:\/\/www.frandroid.com\/comment-faire\/563762_hdr10-hdr10-hlg-et-dolby-vision-quelles-differences-entre-les-standards-hdr\" target=\"_blank\" rel=\"noopener\">HDR10+ et HLG<\/a> et peut donc d\u2019afficher des images plus d\u00e9taill\u00e9es, y compris dans ses zones sombres. En revanche, et c\u2019est une habitude chez Samsung, le Dolby Vision est ici absent. Le TV embarque par ailleurs le processeur NQ4 AI Gen3, qui se charge notamment l\u2019upscaling\u00a0des contenus jusqu\u2019en 4K gr\u00e2ce \u00e0 l\u2019intelligence artificielle et de l\u2019optimisation de chaque image et son. <\/p>\n<p>Notez d\u2019ailleurs que l\u2019IA est partout, ici : avec Samsung Vision AI Companion, vous profitez d\u2019un assistant qui peut r\u00e9pondre \u00e0 vos questions sur une sc\u00e8ne particuli\u00e8re d\u2019un film et m\u00eame vous trouver un restaurant qui vous livrera vos pizzas pour votre soir\u00e9e cin\u00e9 \u00e0 la maison. Une fonction Live Translate est \u00e9galement pr\u00e9sente pour traduire instantan\u00e9ment vos sous-titres, de m\u00eame que l\u2019Adaptive Sound Pro, qui permet au processeur de reconna\u00eetre les dialogues et musique de fond \u00e0 l\u2019\u00e9cran pour optimiser leur rendu en fonction de l\u2019acoustique votre pi\u00e8ce. En somme, Samsung veut vous simplifier la vie et minimiser le nombre de r\u00e9glages \u00e0 faire pour chaque t\u00e2che.<\/p>\n<p>Les gamers n\u2019ont pas \u00e9t\u00e9 oubli\u00e9s<\/p>\n<p>Un TV vraiment complet doit aujourd\u2019hui proposer une pl\u00e9thore de fonctions gaming. C\u2019est bien le cas ici et la marque n\u2019a pas fait les choses \u00e0 moiti\u00e9 : dalle rafra\u00eechie nativement \u00e0 100 Hz, ports HDMI 2.1 autorisant la 4K@120Hz, technologie Motion Xcelerator 144 Hz permettant de jouer sans saccade jusqu\u2019en 4K@144Hz, ALLM et VRR pr\u00e9sents, FreeSync Premium Pro int\u00e9gr\u00e9\u2026 Bref, tout pour b\u00e9n\u00e9ficier d\u2019une fluidit\u00e9 exemplaire et d\u2019un gameplay bien stable. Ajoutons \u00e0 cela la pr\u00e9sence du Gaming Hub, qui regorge d\u2019applications de cloud gaming pour le plus grand plaisir des joueurs qui n\u2019ont pas de console. Et puisqu\u2019il n\u2019y a jamais assez d\u2019IA, l\u2019AI Auto Game Mode permet au TV de s\u2019adapter \u00e0 chaque type de jeu.<\/p>\n<p>C\u00f4t\u00e9 audio, les technologies Q-Symphony et Objet Tracking Sound sont l\u00e0 pour enrichir l\u2019exp\u00e9rience, de m\u00eame que la compatibilit\u00e9 avec le Dolby Atmos. Enfin, le TV Samsung est anim\u00e9 par One UI Tizen, qui prend en charge les mises \u00e0 jour de l\u2019OS pendant les sept prochaines ann\u00e9es. Notez aussi que ce mod\u00e8le s\u2019accompagne d\u2019un hub SmartThings qui vous permet de contr\u00f4ler vos objets connect\u00e9s tr\u00e8s facilement.<\/p>\n<p class=\"shortcode-container see-more\">\n    \u00c0 lire aussi : <br \/><a href=\"https:\/\/www.frandroid.com\/guide-dachat\/679063_quelles-sont-les-meilleures-tv-oled-en-2020-notre-selection\" target=\"_blank\" rel=\"noopener\">Quels sont les meilleurs TV Oled en 2025\u2009?<\/a>\n<\/p>\n<p>Pr\u00e9-Black Friday et Singles Day (11.11) : pour ne rien rater des offres<\/p>\n<p>Le v\u00e9ritable Black Friday ne commencera que le 28 novembre prochain, mais les e-commer\u00e7ants ont d\u00e9j\u00e0 partag\u00e9 des offres en avance lors d\u2019une sorte d\u2019avant-premi\u00e8re du vendredi noir. En ce moment, il y a m\u00eame le Singles Day, ou 11.11, pour faire encore plus de bonnes affaires. Une aubaine si vous voulez anticiper vos achats de fin d\u2019ann\u00e9e.<\/p>\n<p>Si vous n\u2019avez pas trouv\u00e9 votre bonheur dans les s\u00e9lections pr\u00e9c\u00e9demment cit\u00e9es, voici ce qu\u2019il vous reste \u00e0 faire : <\/p>\n<ul class=\"wp-block-list\">\n<li>Suivez notre compte X\u00a0<a href=\"https:\/\/twitter.com\/FrandroidPromos\" target=\"_blank\" rel=\"noreferrer noopener\">@FrandroidPromos<\/a> uniquement d\u00e9di\u00e9 aux bons plans (pensez \u00e0 activer la cloche pour recevoir les notifications en temps r\u00e9el)<\/li>\n<li><a href=\"https:\/\/whatsapp.com\/channel\/0029VabYxm5LI8YhSlD8xc05\" target=\"_blank\" rel=\"noreferrer noopener\">Rejoignez notre canal WhatsApp<\/a> pour recevoir une fois par jour un condens\u00e9 des meilleures offres<\/li>\n<li>T\u00e9l\u00e9chargez notre <a href=\"https:\/\/www.frandroid.com\/telecharger\/apps\/frandroid\" target=\"_blank\" rel=\"noreferrer noopener\">application Frandroid<\/a> (disponible sur iOS et Android) pour activer les notifications de la cat\u00e9gorie \u00ab Bons Plans \u00bb et ainsi recevoir en temps r\u00e9el les nouveaux articles li\u00e9s au Black Friday 2025 at au Singles Day (11.11)<\/li>\n<li>Abonnez-vous \u00e0 notre newsletter pour \u00eatre s\u00fbr de recevoir les offres en avant-premi\u00e8re (pas plus d\u2019un mail par jour, d\u00e9sinscription en 1 clic, aucune diffusion \u00e0 des tiers) :<\/li>\n<\/ul>\n<p class=\"newsletter-form__title is-size-6 is-size-7-mobile is-uppercase has-text-good-deals has-text-weight-semibold mb-4 px-5\">Frandroid Bons plans<\/p>\n<p class=\"has-text-centered-tablet newsletter-form__subtitle is-size-4 has-text-weight-bold has-text-primary column is-9-tablet is-10-mobile\">\n                C\u2019est enregistr\u00e9 ! Surveillez votre bo\u00eete aux lettres, vous allez entendre parler de nous\u00a0!\n            <\/p>\n<p class=\"newsletter-form__subtitle is-size-4 has-text-weight-bold has-text-gradient-pink\">Ne manquez aucun bon plan avec notre newsletter<\/p>\n<p class=\"is-size-7\">\n                Les donn\u00e9es transmises par le biais de ce formulaire sont destin\u00e9es \u00e0 Humanoid,<br \/>\n                soci\u00e9t\u00e9 \u00e9ditrice du site Frandroid en sa qualit\u00e9 de responsable de traitement.<br \/>\n                Elles ne seront en aucun cas c\u00e9d\u00e9es \u00e0 des tiers. Ces donn\u00e9es sont trait\u00e9es sous r\u00e9serve d\u2019obtention de<br \/>\n                votre consentement pour vous envoyer par e-mail des actualit\u00e9s et informations relatives aux contenus<br \/>\n                \u00e9ditoriaux publi\u00e9s sur Frandroid. Vous pouvez vous opposer \u00e0 tout moment \u00e0 ces e-mails<br \/>\n                en cliquant sur les liens de d\u00e9sinscriptions pr\u00e9sents dans chacun d\u2019eux. Pour plus d\u2019informations, vous<br \/>\n                pouvez consulter l\u2019int\u00e9gralit\u00e9 de notre <a href=\"https:\/\/www.frandroid.com\/politique-donnees-personnelles\" target=\"_blank\" rel=\"noopener\"><br \/>\n                politique de traitement de vos donn\u00e9es personnelles<\/a>.<br \/>\n                Vous disposez d\u2019un droit d\u2019acc\u00e8s, de rectification, d\u2019effacement, de limitation, de portabilit\u00e9 et<br \/>\n                d\u2019opposition pour motif l\u00e9gitime aux donn\u00e9es personnelles vous concernant. Pour exercer l\u2019un de ces droits,<br \/>\n                merci d\u2019effectuer votre demande via notre <a href=\"https:\/\/www.frandroid.com\/contact\/#RGPD\" target=\"_blank\" rel=\"noopener\">formulaire<br \/>\n                de demandes d\u2019exercices de droits d\u00e9di\u00e9<\/a>.\n            <\/p>\n<p>Rejoignez-nous de 17 \u00e0 19h, un mercredi sur deux, pour l\u2019\u00e9mission <strong>UNLOCK<\/strong> produite par <strong>Frandroid<\/strong> et <strong>Numerama<\/strong> ! Actus tech, interviews, astuces et analyses\u2026 On se retrouve <a href=\"https:\/\/www.twitch.tv\/frandroidlive\" target=\"_blank\" rel=\"noopener\">en direct sur Twitch<\/a> ou en rediffusion <a href=\"https:\/\/www.youtube.com\/@unlocktalk\" target=\"_blank\" rel=\"noopener\">sur YouTube<\/a> !<\/p>\n<p>            <script async src=\"https:\/\/platform.twitter.com\/widgets.js\" charset=\"utf-8\"><\/script><\/p>\n","protected":false},"excerpt":{"rendered":"Lanc\u00e9 cette ann\u00e9e, le TV Samsung TQ65S92FA cumule les atouts : dalle OLED 4K, IA int\u00e9gr\u00e9e, fonctions gaming&hellip;\n","protected":false},"author":2,"featured_media":539051,"comment_status":"","ping_status":"","sticky":false,"template":"","format":"standard","meta":{"footnotes":""},"categories":[7],"tags":[62374,3042,1011,27,43,40,41,39,42,44],"class_list":{"0":"post-539050","1":"post","2":"type-post","3":"status-publish","4":"format-standard","5":"has-post-thumbnail","7":"category-sciences-et-technologies","8":"tag-black-friday-2025","9":"tag-bons-plans-boulanger","10":"tag-fr","11":"tag-france","12":"tag-science","13":"tag-science-and-technology","14":"tag-sciences","15":"tag-sciences-et-technologies","16":"tag-technologies","17":"tag-technology"},"share_on_mastodon":{"url":"https:\/\/pubeurope.com\/@fr\/115561842270328775","error":""},"_links":{"self":[{"href":"https:\/\/www.europesays.com\/fr\/wp-json\/wp\/v2\/posts\/539050","targetHints":{"allow":["GET"]}}],"collection":[{"href":"https:\/\/www.europesays.com\/fr\/wp-json\/wp\/v2\/posts"}],"about":[{"href":"https:\/\/www.europesays.com\/fr\/wp-json\/wp\/v2\/types\/post"}],"author":[{"embeddable":true,"href":"https:\/\/www.europesays.com\/fr\/wp-json\/wp\/v2\/users\/2"}],"replies":[{"embeddable":true,"href":"https:\/\/www.europesays.com\/fr\/wp-json\/wp\/v2\/comments?post=539050"}],"version-history":[{"count":0,"href":"https:\/\/www.europesays.com\/fr\/wp-json\/wp\/v2\/posts\/539050\/revisions"}],"wp:featuredmedia":[{"embeddable":true,"href":"https:\/\/www.europesays.com\/fr\/wp-json\/wp\/v2\/media\/539051"}],"wp:attachment":[{"href":"https:\/\/www.europesays.com\/fr\/wp-json\/wp\/v2\/media?parent=539050"}],"wp:term":[{"taxonomy":"category","embeddable":true,"href":"https:\/\/www.europesays.com\/fr\/wp-json\/wp\/v2\/categories?post=539050"},{"taxonomy":"post_tag","embeddable":true,"href":"https:\/\/www.europesays.com\/fr\/wp-json\/wp\/v2\/tags?post=539050"}],"curies":[{"name":"wp","href":"https:\/\/api.w.org\/{rel}","templated":true}]}}