{"id":539052,"date":"2025-11-16T22:55:15","date_gmt":"2025-11-16T22:55:15","guid":{"rendered":"https:\/\/www.europesays.com\/fr\/539052\/"},"modified":"2025-11-16T22:55:15","modified_gmt":"2025-11-16T22:55:15","slug":"humour-le-dessin-du-jour-lamerique-de-tous-les-exces-lest-republicain","status":"publish","type":"post","link":"https:\/\/www.europesays.com\/fr\/539052\/","title":{"rendered":"Humour. Le dessin du jour : l&#039;Am\u00e9rique de tous les exc\u00e8s &#8211; L&#039;Est R\u00e9publicain"},"content":{"rendered":"<ol>\n<li><a href=\"https:\/\/news.google.com\/rss\/articles\/CBMingFBVV95cUxPTmRfeWxQdmRXRXBvVHB4ank1ZGlwM2t4Rlhfc3BHM3JuRnZYMWJaRDZ1SXpfUDFlZ293R056eWQyTlJXQkVESzBrRzdQbWppMXowVUNLU2VaLXg5ZDRaWW9TMU5qcENGMjJfN2hGYTVCRTFERGNWaGt4UG9CV2xWbGRpZ3p3Nll4UG11RjhfakllaVBrQWhIUWh6S1VGdw?oc=5\" target=\"_blank\" rel=\"noopener\">Humour. Le dessin du jour : l&rsquo;Am\u00e9rique de tous les exc\u00e8s<\/a>&nbsp;&nbsp;L&rsquo;Est R\u00e9publicain<\/li>\n<li><a href=\"https:\/\/news.google.com\/rss\/articles\/CBMingFBVV95cUxOaFpoVVdiSV9Hbzh0Q05wUG14RFZ2RHhkS0dlaHZhLUU2aVR2ME9qdDl1T0U2R3pTYUppZHI4WVNUVEV1Zkdjbnl4OG4yTTNFX2F3eTNTR1lzd2JQNlJtYjFOQWNBbnV2bTBQMzJWeDl3bGZxTFlKQU9hclVOUUx0TUdrUmx5cUpaN3drVU9FcjcySm1JMmUxMDdrTU1TZw?oc=5\" target=\"_blank\" rel=\"noopener\">\u00c9tats-Unis : fin de la plus longue paralysie budg\u00e9taire<\/a>&nbsp;&nbsp;Arte.tv<\/li>\n<li><a href=\"https:\/\/news.google.com\/rss\/articles\/CBMi9AFBVV95cUxPZndCZURmS052LUtmTEJnaTdqaDUzMmdXWjJwS3NtbE9EVEQ0ZVVmNkc1cW9XUGtzMThTTTk2aXBHNnNiOUhvV2dPVFg2NkNTZ0trTng0NmhYdjFfU3d3Z0FVM0ZyOHB6YUtjU3cwOFREdnBvY01id3JtbkZtWmhFNXAtbzFLOEpvdi1PZEJHMEpBQVN6alJhQV9yYmNfVFZfSVFFcmlNSXk2c3BoN0kwQ014d0tJRjdiTlJLOXRWcjhIQ01SNHd3NjZsY0hMY0FsdEI1MjUtWGpMLWhhUUlwQ09FM2huNnpGcjNIQTNJV2RWTEtH?oc=5\" target=\"_blank\" rel=\"noopener\">Shutdown : pourquoi la \u00ab\u00a0grande victoire\u00a0\u00bb de Donald Trump pourrait finir par se retourner contre lui<\/a>&nbsp;&nbsp;L&rsquo;Express<\/li>\n<li><a href=\"https:\/\/news.google.com\/rss\/articles\/CBMiywFBVV95cUxQUGc3MmdBd0xUMTdTSGdqRjdabHQ4ZWtYdk0xeWQyM0tCYXlaZnU1ZGgySXU5WGdKU1Y5TnRMUWx1X2phUlJlTG4tUXo1ZS1VenRhVWVMUWQtOFhJTlRERHp3RVVycEM5YllsZ0hSM1FWc0xoVDF0LTBwamd4V2sza3lINDFQQ0RLbWlyVlpMbmhTSTZzS3J0S3NhTW5iVndiU1ZWQ3J2ZkE3Nk9XNS0yU243UV80VU0wRUdydjFBc1dETGFrV21Xd0pMaw?oc=5\" target=\"_blank\" rel=\"noopener\">Un shutdown record et une \u00e9conomie am\u00e9ricaine convalescente<\/a>&nbsp;&nbsp;Les Echos<\/li>\n<li><a href=\"https:\/\/news.google.com\/rss\/articles\/CBMiiAFBVV95cUxQc3B1MVR6VFptRG9kN0tSZzFTcndfQUFWWHNyVkNfYUZ3MVZaN1FnajZPMGYtc19lMlR1amY1dFROU3hyejFpX0pNVHZuaUhYTWxoOTF3Zy1tLXQyRkRTRFNxTG1leW1WMTlxaVNsS1BNNWZyVnlTZVN3Q0hEdUVRT2VBbm4wNHhf?oc=5\" target=\"_blank\" rel=\"noopener\">Le \u00ab shutdown \u00bb se termine en d\u00e9bandade pour les d\u00e9mocrates<\/a>&nbsp;&nbsp;Contrepoints<\/li>\n<\/ol>\n","protected":false},"excerpt":{"rendered":"Humour. Le dessin du jour : l&rsquo;Am\u00e9rique de tous les exc\u00e8s&nbsp;&nbsp;L&rsquo;Est R\u00e9publicain \u00c9tats-Unis : fin de la plus&hellip;\n","protected":false},"author":2,"featured_media":539053,"comment_status":"","ping_status":"","sticky":false,"template":"","format":"standard","meta":{"footnotes":""},"categories":[6],"tags":[35,65621,33,34,107,1011,27,329,316,273,104],"class_list":{"0":"post-539052","1":"post","2":"type-post","3":"status-publish","4":"format-standard","5":"has-post-thumbnail","7":"category-economie","8":"tag-business","9":"tag-dessin-du-jour","10":"tag-economie","11":"tag-economy","12":"tag-fil-info","13":"tag-fr","14":"tag-france","15":"tag-france-monde","16":"tag-politique","17":"tag-selection-de-la-redaction","18":"tag-societe"},"share_on_mastodon":{"url":"https:\/\/pubeurope.com\/@fr\/115561845517840596","error":""},"_links":{"self":[{"href":"https:\/\/www.europesays.com\/fr\/wp-json\/wp\/v2\/posts\/539052","targetHints":{"allow":["GET"]}}],"collection":[{"href":"https:\/\/www.europesays.com\/fr\/wp-json\/wp\/v2\/posts"}],"about":[{"href":"https:\/\/www.europesays.com\/fr\/wp-json\/wp\/v2\/types\/post"}],"author":[{"embeddable":true,"href":"https:\/\/www.europesays.com\/fr\/wp-json\/wp\/v2\/users\/2"}],"replies":[{"embeddable":true,"href":"https:\/\/www.europesays.com\/fr\/wp-json\/wp\/v2\/comments?post=539052"}],"version-history":[{"count":0,"href":"https:\/\/www.europesays.com\/fr\/wp-json\/wp\/v2\/posts\/539052\/revisions"}],"wp:featuredmedia":[{"embeddable":true,"href":"https:\/\/www.europesays.com\/fr\/wp-json\/wp\/v2\/media\/539053"}],"wp:attachment":[{"href":"https:\/\/www.europesays.com\/fr\/wp-json\/wp\/v2\/media?parent=539052"}],"wp:term":[{"taxonomy":"category","embeddable":true,"href":"https:\/\/www.europesays.com\/fr\/wp-json\/wp\/v2\/categories?post=539052"},{"taxonomy":"post_tag","embeddable":true,"href":"https:\/\/www.europesays.com\/fr\/wp-json\/wp\/v2\/tags?post=539052"}],"curies":[{"name":"wp","href":"https:\/\/api.w.org\/{rel}","templated":true}]}}