{"id":539057,"date":"2025-11-16T22:58:22","date_gmt":"2025-11-16T22:58:22","guid":{"rendered":"https:\/\/www.europesays.com\/fr\/539057\/"},"modified":"2025-11-16T22:58:22","modified_gmt":"2025-11-16T22:58:22","slug":"le-fondateur-du-samu-social-xavier-emmanuelli-est-decede-apres-un-malaise-probablement-cardiaque","status":"publish","type":"post","link":"https:\/\/www.europesays.com\/fr\/539057\/","title":{"rendered":"Le fondateur du Samu social, Xavier Emmanuelli, est d\u00e9c\u00e9d\u00e9 apr\u00e8s un malaise \u00ab\u00a0probablement cardiaque\u00a0\u00bb"},"content":{"rendered":"<p>Le fondateur et pr\u00e9sident d&rsquo;honneur du <a href=\"https:\/\/www.20minutes.fr\/dossier\/samu_social\" class=\"c-link c-link--is-underlined\" target=\"_blank\" rel=\"noopener\">Samu social<\/a>, Xavier Emmanuelli, est d\u00e9c\u00e9d\u00e9 ce dimanche, \u00e0 87 ans. Selon l&rsquo;organisation, il a succomb\u00e9 apr\u00e8s un malaise \u00ab\u00a0probablement cardiaque\u00a0\u00bb. Egalement cofondateur de M\u00e9decins sans fronti\u00e8res &#8211; organisation qui a re\u00e7u le <a href=\"https:\/\/www.20minutes.fr\/dossier\/prix_nobel_de_la_paix\" class=\"c-link c-link--is-underlined\" target=\"_blank\" rel=\"noopener\">prix Nobel de la paix<\/a> &#8211; Xavier Emmanuelli avait cr\u00e9\u00e9 en 1993 le <a href=\"https:\/\/www.20minutes.fr\/politique\/4185891-20251116-ministre-logement-veut-mettre-fin-logement-social-vie-proposition-va-faire-bondir\" target=\"_blank\" class=\"c-link c-link--is-underlined\" rel=\"noopener\">Samu social de Paris qui vient, entre autres, en aide aux personnes sans-abri<\/a> et en grande pr\u00e9carit\u00e9 et les oriente vers un lieu d&rsquo;h\u00e9bergement. Il avait ensuite cr\u00e9\u00e9 le Samu social international en 1998.<\/p>\n<p>Ancien secr\u00e9taire d&rsquo;Etat \u00e0 l&rsquo;Action humanitaire d&rsquo;urgence (1995-1997), m\u00e9decin anesth\u00e9siste-r\u00e9animateur de formation, Xavier Emmanuelli \u00ab\u00a0a marqu\u00e9 l&rsquo;histoire de la solidarit\u00e9 en France et dans le monde\u00a0\u00bb, souligne le Samu social international dans un communiqu\u00e9. L&rsquo;organisation a rendu \u00ab\u00a0hommage \u00e0 cette personnalit\u00e9 exceptionnelle pour son engagement sans faille au sein de l&rsquo;association qu&rsquo;il a pr\u00e9sid\u00e9e pendant plus de 25 ans et dont il a port\u00e9 toutes les batailles\u00a0\u00bb.<\/p>\n<p>\u00ab Nous sommes dans la peine \u00bb<\/p>\n<p>Dimanche, Xavier Emmanuelli \u00ab\u00a0a eu un malaise, probablement cardiaque\u00a0\u00bb et sa vie \u00ab\u00a0s&rsquo;est arr\u00eat\u00e9e brutalement\u00a0\u00bb, a pr\u00e9cis\u00e9 le pr\u00e9sident du Samu social international, Jacques Carles. \u00ab\u00a0Aujourd&rsquo;hui, nous sommes dans la peine\u00a0\u00bb, a-t-il ajout\u00e9.<\/p>\n","protected":false},"excerpt":{"rendered":"Le fondateur et pr\u00e9sident d&rsquo;honneur du Samu social, Xavier Emmanuelli, est d\u00e9c\u00e9d\u00e9 ce dimanche, \u00e0 87 ans. Selon&hellip;\n","protected":false},"author":2,"featured_media":539058,"comment_status":"","ping_status":"","sticky":false,"template":"","format":"standard","meta":{"footnotes":""},"categories":[2],"tags":[47,11,1011,27,12,50430,104,3400],"class_list":{"0":"post-539057","1":"post","2":"type-post","3":"status-publish","4":"format-standard","5":"has-post-thumbnail","7":"category-actualites","8":"tag-actualite","9":"tag-actualites","10":"tag-fr","11":"tag-france","12":"tag-news","13":"tag-samu-social","14":"tag-societe","15":"tag-solidarite"},"share_on_mastodon":{"url":"https:\/\/pubeurope.com\/@fr\/115561857352757948","error":""},"_links":{"self":[{"href":"https:\/\/www.europesays.com\/fr\/wp-json\/wp\/v2\/posts\/539057","targetHints":{"allow":["GET"]}}],"collection":[{"href":"https:\/\/www.europesays.com\/fr\/wp-json\/wp\/v2\/posts"}],"about":[{"href":"https:\/\/www.europesays.com\/fr\/wp-json\/wp\/v2\/types\/post"}],"author":[{"embeddable":true,"href":"https:\/\/www.europesays.com\/fr\/wp-json\/wp\/v2\/users\/2"}],"replies":[{"embeddable":true,"href":"https:\/\/www.europesays.com\/fr\/wp-json\/wp\/v2\/comments?post=539057"}],"version-history":[{"count":0,"href":"https:\/\/www.europesays.com\/fr\/wp-json\/wp\/v2\/posts\/539057\/revisions"}],"wp:featuredmedia":[{"embeddable":true,"href":"https:\/\/www.europesays.com\/fr\/wp-json\/wp\/v2\/media\/539058"}],"wp:attachment":[{"href":"https:\/\/www.europesays.com\/fr\/wp-json\/wp\/v2\/media?parent=539057"}],"wp:term":[{"taxonomy":"category","embeddable":true,"href":"https:\/\/www.europesays.com\/fr\/wp-json\/wp\/v2\/categories?post=539057"},{"taxonomy":"post_tag","embeddable":true,"href":"https:\/\/www.europesays.com\/fr\/wp-json\/wp\/v2\/tags?post=539057"}],"curies":[{"name":"wp","href":"https:\/\/api.w.org\/{rel}","templated":true}]}}