{"id":539059,"date":"2025-11-16T22:59:48","date_gmt":"2025-11-16T22:59:48","guid":{"rendered":"https:\/\/www.europesays.com\/fr\/539059\/"},"modified":"2025-11-16T22:59:48","modified_gmt":"2025-11-16T22:59:48","slug":"accidents-sur-la47-et-la72-dans-la-loire-circulation-difficile-ce-samedi-matin","status":"publish","type":"post","link":"https:\/\/www.europesays.com\/fr\/539059\/","title":{"rendered":"Accidents sur l&rsquo;A47 et l&rsquo;A72 dans la Loire : circulation difficile ce samedi matin\u00a0"},"content":{"rendered":"<p>Ce samedi 15 novembre au matin, deux collisions ont fortement perturb\u00e9 la circulation sur l&rsquo;A47 \u00e0 Rive-de-Gier et sur l&rsquo;A72 \u00e0 La Fouillouse. Plusieurs bless\u00e9s l\u00e9gers sont \u00e0 d\u00e9plorer.<\/p>\n<p>La matin\u00e9e a \u00e9t\u00e9 difficile pour les automobilistes dans la Loire. Un premier accident s&rsquo;est produit sur l&rsquo;<b>A47<\/b>, dans le sens <b>Saint-\u00c9tienne\/Lyon<\/b>, pr\u00e8s du tunnel de <b>Rive-de-Gier<\/b>.\u00a0<\/p>\n<p>D&rsquo;apr\u00e8s le <a class=\"url\" href=\"https:\/\/www.leprogres.fr\/faits-divers-justice\/2025\/11\/15\/accident-sur-l-a47-a-hauteur-de-rive-de-gier-plus-de-deux-kilometres-de-bouchons-ce-samedi-matin\" target=\"_blank\" rel=\"noopener\">Progr\u00e8s<\/a>, quatre v\u00e9hicules sont impliqu\u00e9s et quatre personnes ont \u00e9t\u00e9 l\u00e9g\u00e8rement bless\u00e9es. Les secours les ont prises en charge avant leur transfert \u00e0 l&rsquo;h\u00f4pital.\u00a0<\/p>\n<p>Cet accident a provoqu\u00e9 plus de deux kilom\u00e8tres de bouchons entre <b>Lorette et Rive-de-Gier<\/b>, avec des ralentissements dans les deux sens. La situation est d\u00e9sormais revenue \u00e0 la normale.\u00a0<\/p>\n<p>Autre accident sur l&rsquo;A72\u00a0<\/p>\n<p>Presque au m\u00eame moment, un autre accident est survenu sur l&rsquo;<b>A72<\/b>, \u00e0 hauteur de <b>La Fouillouse<\/b>, dans le sens <b>Clermont-Ferrand\/Saint-\u00c9tienne<\/b>.\u00a0<\/p>\n<p>Cinq v\u00e9hicules ont \u00e9t\u00e9 impliqu\u00e9s, faisant neuf victimes dont deux bless\u00e9s l\u00e9gers. D&rsquo;importants moyens de secours ont \u00e9t\u00e9 mobilis\u00e9s pour s\u00e9curiser la zone et \u00e9vacuer les v\u00e9hicules, avant une reprise progressive de la circulation.\u00a0<\/p>\n<p><img loading=\"lazy\" decoding=\"async\" src=\"https:\/\/www.europesays.com\/fr\/wp-content\/uploads\/2025\/11\/1763333987_921_img\" width=\"350\" height=\"200\" border=\"0\" title=\"Le camion s'est couch\u00c3\u00a9 sur les trois voies de circulation \u00c3\u00a0 hauteur de Salaise-sur-Sanne.\"\/><\/p>\n<p>\u25baTrafic<\/p>\n<p style=\"font-size: 22px;\"><b>[MAJ] Accident de poids lourd sur l&rsquo;A7 : fin de la coupure sur l&rsquo;autoroute<\/b><\/p>\n<p>L&rsquo;autoroute A7 a \u00e9t\u00e9 coup\u00e9e ce vendredi 14 novembre&#8230;<\/p>\n<p><\/p>\n","protected":false},"excerpt":{"rendered":"Ce samedi 15 novembre au matin, deux collisions ont fortement perturb\u00e9 la circulation sur l&rsquo;A47 \u00e0 Rive-de-Gier et&hellip;\n","protected":false},"author":2,"featured_media":539060,"comment_status":"","ping_status":"","sticky":false,"template":"","format":"standard","meta":{"footnotes":""},"categories":[9653],"tags":[15291,15290,3085,1111,11,2430,65789,9050,1777,674,1011,27,12296,18870,2428,12,25,15293,4001],"class_list":{"0":"post-539059","1":"post","2":"type-post","3":"status-publish","4":"format-standard","5":"has-post-thumbnail","7":"category-saint-etienne","8":"tag-a47","9":"tag-a72","10":"tag-accidents","11":"tag-actu","12":"tag-actualites","13":"tag-auvergne-rhone-alpes","14":"tag-blesss-lgers","15":"tag-clermont-ferrand","16":"tag-eu","17":"tag-europe","18":"tag-fr","19":"tag-france","20":"tag-la-fouillouse","21":"tag-lorette","22":"tag-lyon","23":"tag-news","24":"tag-republique-francaise","25":"tag-rive-de-gier","26":"tag-saint-etienne"},"share_on_mastodon":{"url":"https:\/\/pubeurope.com\/@fr\/115561865883361912","error":""},"_links":{"self":[{"href":"https:\/\/www.europesays.com\/fr\/wp-json\/wp\/v2\/posts\/539059","targetHints":{"allow":["GET"]}}],"collection":[{"href":"https:\/\/www.europesays.com\/fr\/wp-json\/wp\/v2\/posts"}],"about":[{"href":"https:\/\/www.europesays.com\/fr\/wp-json\/wp\/v2\/types\/post"}],"author":[{"embeddable":true,"href":"https:\/\/www.europesays.com\/fr\/wp-json\/wp\/v2\/users\/2"}],"replies":[{"embeddable":true,"href":"https:\/\/www.europesays.com\/fr\/wp-json\/wp\/v2\/comments?post=539059"}],"version-history":[{"count":0,"href":"https:\/\/www.europesays.com\/fr\/wp-json\/wp\/v2\/posts\/539059\/revisions"}],"wp:featuredmedia":[{"embeddable":true,"href":"https:\/\/www.europesays.com\/fr\/wp-json\/wp\/v2\/media\/539060"}],"wp:attachment":[{"href":"https:\/\/www.europesays.com\/fr\/wp-json\/wp\/v2\/media?parent=539059"}],"wp:term":[{"taxonomy":"category","embeddable":true,"href":"https:\/\/www.europesays.com\/fr\/wp-json\/wp\/v2\/categories?post=539059"},{"taxonomy":"post_tag","embeddable":true,"href":"https:\/\/www.europesays.com\/fr\/wp-json\/wp\/v2\/tags?post=539059"}],"curies":[{"name":"wp","href":"https:\/\/api.w.org\/{rel}","templated":true}]}}