{"id":539061,"date":"2025-11-16T23:01:45","date_gmt":"2025-11-16T23:01:45","guid":{"rendered":"https:\/\/www.europesays.com\/fr\/539061\/"},"modified":"2025-11-16T23:01:45","modified_gmt":"2025-11-16T23:01:45","slug":"coupe-de-france-revivez-en-video-lincroyable-ciseau-retourne-du-gardien-de-plouvorn-face-a-vitre","status":"publish","type":"post","link":"https:\/\/www.europesays.com\/fr\/539061\/","title":{"rendered":"Coupe de France\u00a0: revivez en vid\u00e9o l\u2019incroyable ciseau retourn\u00e9 du gardien de Plouvorn face \u00e0 Vitr\u00e9"},"content":{"rendered":"<p>Coupe de France (7e tour). AS Vitr\u00e9 (N3) &#8211; AG Plouvorn (R1) : 1-1 (3-4 aux tab)<\/p>\n<p>On jouait les derni\u00e8res minutes du temps r\u00e9glementaire lorsque l\u2019improbable s\u2019est produit. Sur un coup franc de la derni\u00e8re chance, le gardien de l\u2019AG Plouvorn, Aur\u00e9lien Deniel, monte aux avant-postes.<\/p>\n<p>Esseul\u00e9 dans la surface malgr\u00e9 les d\u00e9fenseurs vitr\u00e9ens, le portier se mue en h\u00e9ros d\u2019un soir, et d\u00e9coche un ciseau retourn\u00e9 qui termine dans le petit filet du gardien adverse.<\/p>\n<p><img decoding=\"async\" src=\"https:\/\/www.europesays.com\/fr\/wp-content\/uploads\/2025\/11\/691a4397ec3bbb17680260ae.1.jpeg\" width=\"480\" height=\"300\" class=\"web_golden_m\" loading=\"lazy\" alt=\"Aur\u00e9lien Deniel s\u2019est aussi montr\u00e9 d\u00e9cisif lors de la s\u00e9ance de tirs au but.\"\/>Aur\u00e9lien Deniel s\u2019est aussi montr\u00e9 d\u00e9cisif lors de la s\u00e9ance de tirs au but. (Photo Nicolas Cr\u00e9ach)<\/p>\n<p>Plouvorn \u00e9galise, direction les tirs au but ! La encore, Deniel se montre d\u00e9cisif en arr\u00eatant deux tirs au but. Plouvorn remporte la s\u00e9ance de tirs au but 4-3, \u00e9limine Vitr\u00e9 et file au 8e tour de la Coupe de France !<\/p>\n","protected":false},"excerpt":{"rendered":"Coupe de France (7e tour). AS Vitr\u00e9 (N3) &#8211; AG Plouvorn (R1) : 1-1 (3-4 aux tab) On&hellip;\n","protected":false},"author":2,"featured_media":539062,"comment_status":"","ping_status":"","sticky":false,"template":"","format":"standard","meta":{"footnotes":""},"categories":[9653],"tags":[328,1111,11,63774,2430,63775,83,1777,674,1011,27,12,25,4001],"class_list":{"0":"post-539061","1":"post","2":"type-post","3":"status-publish","4":"format-standard","5":"has-post-thumbnail","7":"category-saint-etienne","8":"tag-a-la-une","9":"tag-actu","10":"tag-actualites","11":"tag-amicale-sportive-vitre","12":"tag-auvergne-rhone-alpes","13":"tag-avant-garde-plouvorn","14":"tag-coupe-de-france","15":"tag-eu","16":"tag-europe","17":"tag-fr","18":"tag-france","19":"tag-news","20":"tag-republique-francaise","21":"tag-saint-etienne"},"share_on_mastodon":{"url":"https:\/\/pubeurope.com\/@fr\/115561869130833548","error":""},"_links":{"self":[{"href":"https:\/\/www.europesays.com\/fr\/wp-json\/wp\/v2\/posts\/539061","targetHints":{"allow":["GET"]}}],"collection":[{"href":"https:\/\/www.europesays.com\/fr\/wp-json\/wp\/v2\/posts"}],"about":[{"href":"https:\/\/www.europesays.com\/fr\/wp-json\/wp\/v2\/types\/post"}],"author":[{"embeddable":true,"href":"https:\/\/www.europesays.com\/fr\/wp-json\/wp\/v2\/users\/2"}],"replies":[{"embeddable":true,"href":"https:\/\/www.europesays.com\/fr\/wp-json\/wp\/v2\/comments?post=539061"}],"version-history":[{"count":0,"href":"https:\/\/www.europesays.com\/fr\/wp-json\/wp\/v2\/posts\/539061\/revisions"}],"wp:featuredmedia":[{"embeddable":true,"href":"https:\/\/www.europesays.com\/fr\/wp-json\/wp\/v2\/media\/539062"}],"wp:attachment":[{"href":"https:\/\/www.europesays.com\/fr\/wp-json\/wp\/v2\/media?parent=539061"}],"wp:term":[{"taxonomy":"category","embeddable":true,"href":"https:\/\/www.europesays.com\/fr\/wp-json\/wp\/v2\/categories?post=539061"},{"taxonomy":"post_tag","embeddable":true,"href":"https:\/\/www.europesays.com\/fr\/wp-json\/wp\/v2\/tags?post=539061"}],"curies":[{"name":"wp","href":"https:\/\/api.w.org\/{rel}","templated":true}]}}