{"id":539070,"date":"2025-11-16T23:10:36","date_gmt":"2025-11-16T23:10:36","guid":{"rendered":"https:\/\/www.europesays.com\/fr\/539070\/"},"modified":"2025-11-16T23:10:36","modified_gmt":"2025-11-16T23:10:36","slug":"le-fc-montceau-recevra-montpellier-ligue-2-au-8e-tour","status":"publish","type":"post","link":"https:\/\/www.europesays.com\/fr\/539070\/","title":{"rendered":"Le FC Montceau recevra Montpellier (Ligue 2) au 8e tour"},"content":{"rendered":"<p>Ce contenu est bloqu\u00e9 car vous n&rsquo;avez pas accept\u00e9 les cookies et autres traceurs.<\/p>\n<p>En cliquant sur \u00ab J\u2019accepte \u00bb, les cookies et autres traceurs seront d\u00e9pos\u00e9s et vous pourrez visualiser les contenus  (<a href=\"\" class=\"consentModule_policy\" target=\"_blank\" title=\"Consulter la politique de protection des donn\u00e9es du fournisseur\">plus d&rsquo;informations<\/a>).<\/p>\n<p>En cliquant sur \u00ab J\u2019accepte tous les cookies \u00bb, vous autorisez des d\u00e9p\u00f4ts de cookies et autres traceurs pour le stockage de vos donn\u00e9es sur nos sites et applications \u00e0 des fins de personnalisation et de ciblage publicitaire.<\/p>\n<p class=\"consentModule_secondaryText\">Vous gardez la possibilit\u00e9 de retirer votre consentement \u00e0 tout moment en consultant notre <a href=\"https:\/\/www.lejsl.com\/protection-des-donnees\" target=\"_blank\" title=\"Consulter notre politique de protection des donn\u00e9es\" rel=\"noopener\">politique de protection des donn\u00e9es<\/a>. <br \/>&#13;<br \/>\n            <a href=\"https:\/\/www.lejsl.com\/sport\/2025\/11\/16\/javascript:Didomi.notice.show()\" class=\"consentModule_cmp\" target=\"_blank\" rel=\"noopener\">G\u00e9rer mes choix<\/a>&#13;\n        <\/p>\n<p>&#13;<br \/>\n                        J&rsquo;accepte&#13;<br \/>\n            J&rsquo;accepte tous les cookies&#13;\n        <\/p>\n<p>C&rsquo;est la premi\u00e8re fois depuis dix ans que Montceau d\u00e9fiera un club pro aux Alouettes en Coupe de France. La derni\u00e8re fois que cela s&rsquo;est produit, c&rsquo;\u00e9tait lors de la saison 2014-15, le 13 novembre 2015 exactement, quand le club montcellien avait affront\u00e9 le FC Metz, alors en ligue 2, au 7e tour de l&rsquo;\u00e9preuve. Les Montcelliens avaient \u00e9t\u00e9 battus 3-1 \u00e0 l&rsquo;\u00e9poque.\u00a0<\/p>\n<p>Programm\u00e9 le samedi 29 novembre \u00e0 13h30\u00a0?<\/p>\n<p>Le match devrait bien avoir lieu au stade des Alouettes, mais vraisemblablement \u00ab\u00a0pas en nocturne, l&rsquo;\u00e9clairage de l&rsquo;enceinte montcellienne n&rsquo;\u00e9tant pas homologu\u00e9 pour la Ligue 2\u00a0\u00bb, nous a pr\u00e9cis\u00e9 Nicolas Fl\u00e8che, le copr\u00e9sident du FCMB qui attend une r\u00e9ponse d\u00e9finitive de la FFF \u00e0 ce sujet dans la semaine.<\/p>\n<p>Le jour et l&rsquo;heure de la rencontre restent ainsi \u00e0 d\u00e9finir. Le r\u00e8glement de la Coupe de France pr\u00e9voyant que \u00ab\u00a0pour les rencontres des 7e et 8e tours, les rencontres impliquant au moins une \u00e9quipe \u00e9voluant en Ligue 2 ou National 1 sont fix\u00e9es par d\u00e9faut le samedi \u00e0 14h pour le 7e tour et 13h30 pour le 8e tour.\u00a0\u00bb<\/p>\n","protected":false},"excerpt":{"rendered":"Ce contenu est bloqu\u00e9 car vous n&rsquo;avez pas accept\u00e9 les cookies et autres traceurs. En cliquant sur \u00ab&hellip;\n","protected":false},"author":2,"featured_media":539071,"comment_status":"","ping_status":"","sticky":false,"template":"","format":"standard","meta":{"footnotes":""},"categories":[9599],"tags":[1111,11,15922,12568,1777,674,65790,107,1701,1795,63,1011,27,12566,14000,2208,12,2680,25,6003,517],"class_list":{"0":"post-539070","1":"post","2":"type-post","3":"status-publish","4":"format-standard","5":"has-post-thumbnail","7":"category-montpellier","8":"tag-actu","9":"tag-actualites","10":"tag-coupe-de-france-de-football","11":"tag-edition-montceau-les-mines","12":"tag-eu","13":"tag-europe","14":"tag-fc-montceau","15":"tag-fil-info","16":"tag-fil-info-sport","17":"tag-fil-web","18":"tag-football","19":"tag-fr","20":"tag-france","21":"tag-montceau-les-mines","22":"tag-montceau-les-mines-bassin","23":"tag-montpellier","24":"tag-news","25":"tag-occitanie","26":"tag-republique-francaise","27":"tag-saone-et-loire","28":"tag-sport"},"share_on_mastodon":{"url":"https:\/\/pubeurope.com\/@fr\/115561904393100320","error":""},"_links":{"self":[{"href":"https:\/\/www.europesays.com\/fr\/wp-json\/wp\/v2\/posts\/539070","targetHints":{"allow":["GET"]}}],"collection":[{"href":"https:\/\/www.europesays.com\/fr\/wp-json\/wp\/v2\/posts"}],"about":[{"href":"https:\/\/www.europesays.com\/fr\/wp-json\/wp\/v2\/types\/post"}],"author":[{"embeddable":true,"href":"https:\/\/www.europesays.com\/fr\/wp-json\/wp\/v2\/users\/2"}],"replies":[{"embeddable":true,"href":"https:\/\/www.europesays.com\/fr\/wp-json\/wp\/v2\/comments?post=539070"}],"version-history":[{"count":0,"href":"https:\/\/www.europesays.com\/fr\/wp-json\/wp\/v2\/posts\/539070\/revisions"}],"wp:featuredmedia":[{"embeddable":true,"href":"https:\/\/www.europesays.com\/fr\/wp-json\/wp\/v2\/media\/539071"}],"wp:attachment":[{"href":"https:\/\/www.europesays.com\/fr\/wp-json\/wp\/v2\/media?parent=539070"}],"wp:term":[{"taxonomy":"category","embeddable":true,"href":"https:\/\/www.europesays.com\/fr\/wp-json\/wp\/v2\/categories?post=539070"},{"taxonomy":"post_tag","embeddable":true,"href":"https:\/\/www.europesays.com\/fr\/wp-json\/wp\/v2\/tags?post=539070"}],"curies":[{"name":"wp","href":"https:\/\/api.w.org\/{rel}","templated":true}]}}