{"id":539072,"date":"2025-11-16T23:12:53","date_gmt":"2025-11-16T23:12:53","guid":{"rendered":"https:\/\/www.europesays.com\/fr\/539072\/"},"modified":"2025-11-16T23:12:53","modified_gmt":"2025-11-16T23:12:53","slug":"seine-maritime-un-homme-echappe-aux-flammes-en-pleine-nuit-vingt-pompiers-mobilises","status":"publish","type":"post","link":"https:\/\/www.europesays.com\/fr\/539072\/","title":{"rendered":"Seine-Maritime. Un homme \u00e9chappe aux flammes en pleine nuit\u00a0: vingt pompiers mobilis\u00e9s"},"content":{"rendered":"<p melodystyle=\"texte\">Un feu d&rsquo;habitation s&rsquo;est d\u00e9clar\u00e9 dans la nuit du mercredi\u00a012 au jeudi 13\u00a0novembre, au lotissement La Houblonni\u00e8re, \u00e0 Vieux-Rouen-sur-Bresle, pr\u00e8s d&rsquo;Aumale. L&rsquo;alerte a \u00e9t\u00e9 donn\u00e9e \u00e0 1h50 apr\u00e8s l&rsquo;apparition d&rsquo;un incendie dans une pi\u00e8ce d&rsquo;environ 20m\u00b2 d&rsquo;une maison individuelle. Le propri\u00e9taire, un homme de 49 ans, \u00e9tait parvenu \u00e0 sortir avant l&rsquo;arriv\u00e9e des secours.<\/p>\n<p melodystyle=\"texte\">\u2022 <b>A lire aussi.<\/b>\u00a0<a href=\"https:\/\/www.lecourriercauchois.fr\/actualite-392024-pres-de-bacqueville-trois-personnes-impliquees-dans-un-accident-une-conductrice-desincarceree\" target=\"_blank\" rel=\"nofollow noopener\">Pr\u00e8s de Bacqueville. Trois personnes impliqu\u00e9es dans un accident\u00a0: une conductrice d\u00e9sincarc\u00e9r\u00e9e<\/a><\/p>\n<p>Le propri\u00e9taire est indemne<\/p>\n<p melodystyle=\"texte\">Vingt sapeurs-pompiers, \u00e9quip\u00e9s de six engins, ont attaqu\u00e9 le sinistre \u00e0 l&rsquo;aide de trois lances, dont une install\u00e9e sur une \u00e9chelle a\u00e9rienne. Les soldats du feu ont ensuite men\u00e9 les op\u00e9rations de d\u00e9blai et ont proc\u00e9d\u00e9 au d\u00e9garnissage de la toiture, afin d&rsquo;\u00e9viter toute reprise du feu.<\/p>\n<p melodystyle=\"texte\">Apr\u00e8s examen, le quinquag\u00e9naire, indemne, a \u00e9t\u00e9 transport\u00e9 au centre hospitalier d&rsquo;Abbeville par une ambulance priv\u00e9e. La gendarmerie et un repr\u00e9sentant de la mairie se sont rendus sur place pour s\u00e9curiser le p\u00e9rim\u00e8tre et appuyer l&rsquo;intervention.<\/p>\n","protected":false},"excerpt":{"rendered":"Un feu d&rsquo;habitation s&rsquo;est d\u00e9clar\u00e9 dans la nuit du mercredi\u00a012 au jeudi 13\u00a0novembre, au lotissement La Houblonni\u00e8re, \u00e0&hellip;\n","protected":false},"author":2,"featured_media":539073,"comment_status":"","ping_status":"","sticky":false,"template":"","format":"standard","meta":{"footnotes":""},"categories":[9587],"tags":[1111,11,1777,674,1011,27,12,5161,25,9590],"class_list":{"0":"post-539072","1":"post","2":"type-post","3":"status-publish","4":"format-standard","5":"has-post-thumbnail","7":"category-rouen","8":"tag-actu","9":"tag-actualites","10":"tag-eu","11":"tag-europe","12":"tag-fr","13":"tag-france","14":"tag-news","15":"tag-normandie","16":"tag-republique-francaise","17":"tag-rouen"},"share_on_mastodon":{"url":"https:\/\/pubeurope.com\/@fr\/115561916219390490","error":""},"_links":{"self":[{"href":"https:\/\/www.europesays.com\/fr\/wp-json\/wp\/v2\/posts\/539072","targetHints":{"allow":["GET"]}}],"collection":[{"href":"https:\/\/www.europesays.com\/fr\/wp-json\/wp\/v2\/posts"}],"about":[{"href":"https:\/\/www.europesays.com\/fr\/wp-json\/wp\/v2\/types\/post"}],"author":[{"embeddable":true,"href":"https:\/\/www.europesays.com\/fr\/wp-json\/wp\/v2\/users\/2"}],"replies":[{"embeddable":true,"href":"https:\/\/www.europesays.com\/fr\/wp-json\/wp\/v2\/comments?post=539072"}],"version-history":[{"count":0,"href":"https:\/\/www.europesays.com\/fr\/wp-json\/wp\/v2\/posts\/539072\/revisions"}],"wp:featuredmedia":[{"embeddable":true,"href":"https:\/\/www.europesays.com\/fr\/wp-json\/wp\/v2\/media\/539073"}],"wp:attachment":[{"href":"https:\/\/www.europesays.com\/fr\/wp-json\/wp\/v2\/media?parent=539072"}],"wp:term":[{"taxonomy":"category","embeddable":true,"href":"https:\/\/www.europesays.com\/fr\/wp-json\/wp\/v2\/categories?post=539072"},{"taxonomy":"post_tag","embeddable":true,"href":"https:\/\/www.europesays.com\/fr\/wp-json\/wp\/v2\/tags?post=539072"}],"curies":[{"name":"wp","href":"https:\/\/api.w.org\/{rel}","templated":true}]}}