{"id":539082,"date":"2025-11-16T23:31:17","date_gmt":"2025-11-16T23:31:17","guid":{"rendered":"https:\/\/www.europesays.com\/fr\/539082\/"},"modified":"2025-11-16T23:31:17","modified_gmt":"2025-11-16T23:31:17","slug":"revue-deffectif-des-internationaux-du-racing-club-de-strasbourg","status":"publish","type":"post","link":"https:\/\/www.europesays.com\/fr\/539082\/","title":{"rendered":"revue d\u2019effectif des internationaux du Racing Club de Strasbourg"},"content":{"rendered":"<p>Ils sont neuf joueurs de l\u2019effectif de <a href=\"https:\/\/www.dna.fr\/p\/liam-rosenior\" target=\"_blank\" rel=\"noopener\">Liam Rosenior<\/a> \u00e0 avoir rejoint leur s\u00e9lection au lendemain du dernier succ\u00e8s contre Lille (2-0) le 9\u00a0novembre, plus trois \u201cjeunes\u201d (*). Alors que la reprise de l\u2019entra\u00eenement est programm\u00e9e ce lundi \u00e0 la Meinau, la majorit\u00e9 sera encore en vadrouille avec un bel objectif \u00e0 valider.<\/p>\n<p><a href=\"https:\/\/www.dna.fr\/sport\/2025\/11\/11\/emmanuel-emegha-appele-en-equipe-nationale-des-pays-bas\" target=\"_blank\" rel=\"noopener\">Pas pr\u00e9vu initialement dans la liste de Ronald Koeman<\/a> pour les deux rendez-vous internationaux de novembre, mais rattrap\u00e9 par le bout de la manche du maillot <a href=\"https:\/\/www.dna.fr\/sport\/2025\/11\/09\/suivez-en-direct-le-match-entre-le-racing-club-de-strasbourg-et-lille-(17h15)\" target=\"_blank\" rel=\"noopener\">au lendemain de son retentissant doubl\u00e9 contre le Losc<\/a>, Emmanuel Emegha a v\u00e9cu sa premi\u00e8re s\u00e9lection avec les Oranje.<\/p>\n<p>Emegha et Moreira y sont presque<\/p>\n<p>S\u2019il a b\u00e9n\u00e9fici\u00e9 du forfait de l\u2019attaquant de l\u2019Ajax Wout Weghorst, le capitaine du <a href=\"https:\/\/www.dna.fr\/sport\/rcsa-racing-club-strasbourg\" target=\"_blank\" rel=\"noopener\">Racing<\/a> (22 ans), jusque-l\u00e0 r\u00e9guli\u00e8rement appel\u00e9s dans les s\u00e9lections de jeunes, a franchi le pas vendredi \u00e0 Varsovie dans un match au sommet pour la qualification au Mondial-2026.<\/p>\n<p>Tout juste revenu d\u2019une blessure aux ischios, \u201cEmegoat\u201d a \u00e9t\u00e9 lanc\u00e9 pour la derni\u00e8re minute du temps&#8230;<\/p>\n","protected":false},"excerpt":{"rendered":"Ils sont neuf joueurs de l\u2019effectif de Liam Rosenior \u00e0 avoir rejoint leur s\u00e9lection au lendemain du dernier&hellip;\n","protected":false},"author":2,"featured_media":539083,"comment_status":"","ping_status":"","sticky":false,"template":"","format":"standard","meta":{"footnotes":""},"categories":[2820],"tags":[328,1111,11,2880,1777,674,107,63,1011,27,775,12,41281,25,517,640,2879],"class_list":{"0":"post-539082","1":"post","2":"type-post","3":"status-publish","4":"format-standard","5":"has-post-thumbnail","7":"category-strasbourg","8":"tag-a-la-une","9":"tag-actu","10":"tag-actualites","11":"tag-edition-strasbourg","12":"tag-eu","13":"tag-europe","14":"tag-fil-info","15":"tag-football","16":"tag-fr","17":"tag-france","18":"tag-grand-est","19":"tag-news","20":"tag-racing-club-strasbourg-masculin","21":"tag-republique-francaise","22":"tag-sport","23":"tag-strasbourg","24":"tag-strasbourg-ville"},"share_on_mastodon":{"url":"https:\/\/pubeurope.com\/@fr\/115561986994915316","error":""},"_links":{"self":[{"href":"https:\/\/www.europesays.com\/fr\/wp-json\/wp\/v2\/posts\/539082","targetHints":{"allow":["GET"]}}],"collection":[{"href":"https:\/\/www.europesays.com\/fr\/wp-json\/wp\/v2\/posts"}],"about":[{"href":"https:\/\/www.europesays.com\/fr\/wp-json\/wp\/v2\/types\/post"}],"author":[{"embeddable":true,"href":"https:\/\/www.europesays.com\/fr\/wp-json\/wp\/v2\/users\/2"}],"replies":[{"embeddable":true,"href":"https:\/\/www.europesays.com\/fr\/wp-json\/wp\/v2\/comments?post=539082"}],"version-history":[{"count":0,"href":"https:\/\/www.europesays.com\/fr\/wp-json\/wp\/v2\/posts\/539082\/revisions"}],"wp:featuredmedia":[{"embeddable":true,"href":"https:\/\/www.europesays.com\/fr\/wp-json\/wp\/v2\/media\/539083"}],"wp:attachment":[{"href":"https:\/\/www.europesays.com\/fr\/wp-json\/wp\/v2\/media?parent=539082"}],"wp:term":[{"taxonomy":"category","embeddable":true,"href":"https:\/\/www.europesays.com\/fr\/wp-json\/wp\/v2\/categories?post=539082"},{"taxonomy":"post_tag","embeddable":true,"href":"https:\/\/www.europesays.com\/fr\/wp-json\/wp\/v2\/tags?post=539082"}],"curies":[{"name":"wp","href":"https:\/\/api.w.org\/{rel}","templated":true}]}}