{"id":539093,"date":"2025-11-16T23:38:12","date_gmt":"2025-11-16T23:38:12","guid":{"rendered":"https:\/\/www.europesays.com\/fr\/539093\/"},"modified":"2025-11-16T23:38:12","modified_gmt":"2025-11-16T23:38:12","slug":"nous-proposons-dinstaurer-londe-verte-a-toulouse-annonce-jean-luc-moudenc","status":"publish","type":"post","link":"https:\/\/www.europesays.com\/fr\/539093\/","title":{"rendered":"\u00ab\u00a0Nous proposons d&rsquo;instaurer l&rsquo;onde verte \u00e0 Toulouse\u00a0\u00bb, annonce Jean-Luc Moudenc"},"content":{"rendered":"<p>                    Par<br \/>\n        <strong><br \/>\n            <a href=\"https:\/\/actu.fr\/auteur\/guillaume-laurens\" title=\"Consulter tous les articles de Guillaume Laurens\" rel=\"nofollow noopener\" target=\"_blank\">Guillaume Laurens<\/a><br \/>\n                    <\/strong><\/p>\n<p>        Publi\u00e9 le<\/p>\n<p>            16 nov. 2025 \u00e0 18h18<br \/>\n        ; mis \u00e0 jour le 16 nov. 2025 \u00e0 18h37    <\/p>\n<p>Quelques jours apr\u00e8s avoir confirm\u00e9 sa candidature, le locataire du Capitole\u00a0m\u00e8ne officiellement campagne pour les <strong><a href=\"https:\/\/actu.fr\/toulouse\/politique\/elections-municipales\" rel=\"nofollow noopener\" target=\"_blank\">Municipales 2026<\/a><\/strong>. Aux commandes de<a href=\"https:\/\/actu.fr\/occitanie\/toulouse_31555\/population-toulouse-compte-desormais-511-684-habitants-et-va-devenir-3e-ville-de-france-tres-rapidement_62022339.html\" rel=\"nofollow noopener\" target=\"_blank\"> la future 3e ville de France<\/a> depuis 2014 \u2013 apr\u00e8s l\u2019avoir d\u00e9j\u00e0 \u00e9t\u00e9 entre\u00a02004 et\u00a02008 -, <strong>Jean-Luc Moudenc<\/strong>, 65\u00a0ans, pourrait devenir s\u2019il est r\u00e9\u00e9lu le maire \u00e0 la plus grande long\u00e9vit\u00e9 dans l\u2019histoire de <strong>Toulouse<\/strong>. Ses projets, sa liste, mais aussi l\u2019union de la gauche et la menace in\u00e9dite du RN dans la Ville rose\u2026 Le premier magistrat (DVD) sortant se livre dans un entretien \u00e0 <a href=\"https:\/\/actu.fr\/toulouse\/\" rel=\"nofollow noopener\" target=\"_blank\">Actu Toulouse<\/a>.<\/p>\n<p class=\"ac-article-content__question wall-content\"><strong class=\"color-primary\">Actu : <\/strong>En 2020, vous aviez indiqu\u00e9 que le mandat 2020-2026 serait celui de la proximit\u00e9, avec surtout des projets de quartier. Quel est cette fois l\u2019esprit g\u00e9n\u00e9ral de votre campagne\u2009?<\/p>\n<p class=\" wall-content\"><strong class=\"color-primary\">Jean-Luc Moudenc : <\/strong>Le contexte a chang\u00e9, le monde aussi. En 2020, on avait choisi la proximit\u00e9, et on l\u2019a fait, puisqu\u2019on a multipli\u00e9 les outils de participation citoyenne \u00e0 un niveau qu\u2019aucune municipalit\u00e9 n\u2019avait fait jusqu\u2019ici. Avec le projet Mes id\u00e9es pour mon quartier, on a fait participer les Toulousains comme jamais auparavant, la promesse a \u00e9t\u00e9 tenue.<br \/>Le mandat 2026-2032 s\u2019inscrit dans un contexte tr\u00e8s diff\u00e9rent, o\u00f9 l\u2019instabilit\u00e9 est permanente, jusqu\u2019\u00e0 la direction de notre pays. Il est important d\u2019\u00e9viter \u00e0 Toulouse la paralysie que l\u2019on subit au niveau national.<br \/>Nous avons la chance de vivre dans une m\u00e9tropole en d\u00e9veloppement, une ville attractive, ce qui a permis \u00e0 beaucoup de projets de voir le jour, il faut conserver ce dynamisme toulousain. Donc si je dis qu\u2019il faut prot\u00e9ger l\u2019avenir, c\u2019est parce que les projets ne pourront \u00eatre mis en \u0153uvre que si l\u2019on garantit une \u00e9quipe municipale solide, de sensibilit\u00e9s diverses mais qui a prouv\u00e9 son unit\u00e9, et apte \u00e0 prendre des d\u00e9cisions. C\u2019est cela que j\u2019incarne.<\/p>\n<p class=\"ac-article-content__question wall-content\">Quels seront vos principaux projets pour Toulouse\u2009?<\/p>\n<p class=\" wall-content\"><strong class=\"color-primary\">J.-L.M. : <\/strong>Pour l\u2019heure, on est surtout en train de pr\u00e9parer la liste, et notre nouvelle \u00e9quipe sera pr\u00e9sent\u00e9e avant No\u00ebl.<br \/>Pour autant, j\u2019ai d\u00e9j\u00e0 pris trois engagements. Le premier, c\u2019est d\u2019aller plus loin en mati\u00e8re de s\u00e9curit\u00e9, car c\u2019est le premier sujet de pr\u00e9occupations des habitants. C\u2019est ainsi que je propose que chaque rue de Toulouse b\u00e9n\u00e9ficie d\u2019au moins une cam\u00e9ra.<br \/>Ensuite, pour r\u00e9pondre aux enjeux de sant\u00e9 et de pouvoir d\u2019achat, je pr\u00e9vois de g\u00e9n\u00e9raliser la mutuelle communale. Jusqu\u2019ici, c\u2019est un succ\u00e8s\u2009: elle est r\u00e9serv\u00e9e aux seniors, plus de 5\u2009800 d\u2019entre eux en b\u00e9n\u00e9ficient et 39\u2009% n\u2019avaient plus de couverture compl\u00e9mentaire sant\u00e9.<br \/>Enfin, je prends l\u2019engagement de la stabilit\u00e9 fiscale sur les deux imp\u00f4ts locaux qui restent \u00e0 la main des \u00e9lus\u2009: la taxe fonci\u00e8re et la cotisation fonci\u00e8re des entreprises. C\u2019est le fil rouge de notre action.<\/p>\n<p class=\"ac-article-content__question wall-content\">Sur le projet d\u2019une cam\u00e9ra par rue, sachant qu\u2019il y a 3\u2009801 rues \u00e0 Toulouse, comment va se concr\u00e9tiser votre id\u00e9e\u2009?<\/p>\n<p class=\" wall-content\"><strong class=\"color-primary\">J.-L.M. : <\/strong>Je n\u2019ai pas dit une cam\u00e9ra par rue, mais j\u2019ai propos\u00e9 que chaque rue b\u00e9n\u00e9ficie d\u2019au moins une cam\u00e9ra, c\u2019est diff\u00e9rent, car on a parfois la possibilit\u00e9 d\u2019en placer \u00e0 des intersections qui b\u00e9n\u00e9ficient \u00e0 plusieurs rues, alors que dans d\u2019autres rues, il faudra plusieurs cam\u00e9ras\u2026 Le principe est assez souple.<\/p>\n<p>Vid\u00e9os : en ce moment sur Actu\u00ab\u00a0Nous allons proposer ce que l\u2019on appelle l\u2019onde verte\u00a0\u00bb<\/p>\n<p class=\"ac-article-content__question wall-content\">Y a-t-il un autre projet pour cette campagne dont vous pourriez nous parler\u2009?<\/p>\n<p class=\" wall-content\"><strong class=\"color-primary\">J.-L.M. : <\/strong>Dans le programme, nous allons proposer ce que l\u2019on appelle l\u2019onde verte.<\/p>\n<p class=\"ac-article-content__question wall-content\">C\u2019est-\u00e0-dire\u2009?<\/p>\n<p class=\" wall-content\"><strong class=\"color-primary\">J.-L.M. : <\/strong>L\u2019id\u00e9e, c\u2019est d\u2019assurer une meilleure fluidit\u00e9 sur certains axes de Toulouse, \u00e0 condition que la vitesse y soit mod\u00e9r\u00e9e, \u00e0 30\u00a0km\/h, pour ne pas mettre en danger les pi\u00e9tons.<br \/>Concr\u00e8tement, sur certains boulevards ou avenues un peu longues, on a des successions de feux. Jusqu\u2019ici, quand un feu est vert, on s\u2019arrange pour que les suivants soient au rouge, ce qui entra\u00eene des &lsquo;stop and go&rsquo; en cascade. Avec l\u2019onde verte, le principe, c\u2019est que quand un feu est au vert, le suivant situ\u00e9 un peu plus loin passe au vert et ainsi de suite.<br \/>Des villes comme Paris et Bordeaux l\u2019ont fait. Je propose de l\u2019instaurer dans certains quartiers p\u00e9riph\u00e9riques, sur l\u2019avenue de Lardenne et la route de Paris par exemple. Cela peut amener de la fluidit\u00e9, mais aussi d\u2019autres b\u00e9n\u00e9fices pour notre ville, puisqu\u2019\u00e0 partir du moment o\u00f9 on diminue le nombre d\u2019arr\u00eats et red\u00e9marrages des v\u00e9hicules, on baisse aussi les \u00e9missions polluantes.<br \/>Quant aux pi\u00e9tons, lorsqu\u2019on est sur ces axes un peu longs et qu\u2019il y a un passage, on peut \u00e9galement pr\u00e9voir d\u2019instaurer un minutage\u2009: une horloge qui d\u00e9compte les secondes pour traverser. C\u2019est quelque chose qui n\u2019existe pas \u00e0 Toulouse.<\/p>\n<p>Votre r\u00e9gion, votre actu !<\/p>\n<p>Recevez chaque jour les infos qui comptent pour vous.<\/p>\n<p>\t<a href=\"https:\/\/actu.fr\/newsletter\" class=\"ac-btn ac-btn--corner ac-btn--medium ac-btn--blue800\" rel=\"nofollow noopener\" target=\"_blank\">S&rsquo;incrire<\/a><\/p>\n<p class=\"ac-article-content__question wall-content\">Quelles autres propositions allez-vous pr\u00e9senter\u2009?<\/p>\n<p class=\" wall-content\"><strong class=\"color-primary\">J.-L.M. : <\/strong>Nous avons pr\u00e9vu de d\u00e9rouler les projets \u00e0 partir de janvier. Je d\u00e9fendrai un programme financ\u00e9 et finan\u00e7able. On ne va pas faire tout et n\u2019importe quoi, car la situation financi\u00e8re dramatique qui touche notre pays et qui am\u00e8ne l\u2019\u00c9tat \u00e0 ponctionner notre budget ne cessera malheureusement pas. Je laisse mes opposants promettre la lune et raconter des histoires aux Toulousains, mais je ne m\u2019y risquerai pas.<\/p>\n<p>\u00ab\u00a0Toulouse est la 3e ville de France, mais le Stadium est le 13e stade\u00a0\u00bb<\/p>\n<p class=\"ac-article-content__question wall-content\">Vous avez aussi avanc\u00e9 l\u2019id\u00e9e d\u2019agrandir le Stadium de 10\u2009000 places. Pourquoi 43\u2009000\u2009? Et qui paierait\u2009?<\/p>\n<p class=\" wall-content\"><strong class=\"color-primary\">J.-L.M. : <\/strong>Je souhaite que cette question dont on parle depuis longtemps puisse trouver une solution dans le mandat qui vient et je ferai tout pour qu\u2019aboutisse un projet permettant d\u2019agrandir le Stadium \u00e0 43\u2009000 places.<br \/>J\u2019avais demand\u00e9 au T\u00e9f\u00e9c\u00e9 et au Stade Toulousain de r\u00e9fl\u00e9chir \u00e0 la bonne jauge pour avoir le regard des deux clubs, et pas uniquement celui du club r\u00e9sident principal. Au 2e trimestre 2025, Damien Comolli et Didier Lacroix (respectivement ex-pr\u00e9sident du TFC et pr\u00e9sident du Stade, NDLR) sont venus nous voir et nous ont pr\u00e9sent\u00e9 leur projet. Un Stadium \u00e0 43\u2009000 places, c\u2019est \u00e0 leurs yeux la jauge la plus pertinente, je me cale sur leur r\u00e9flexion.<\/p>\n<p class=\"ac-article-content__question wall-content\">Qui le financerait\u2009? Et qui en serait le gestionnaire\u2009?<\/p>\n<p class=\" wall-content\"><strong class=\"color-primary\">J.-L.M. : <\/strong>L\u00e0-dessus, tout reste \u00e0 faire. Je n\u2019envisage \u00e9videmment pas de projet qui ne re\u00e7oive l\u2019aval des deux clubs. Ce n\u2019est pas \u00e0 la collectivit\u00e9 de d\u00e9cr\u00e9ter ce projet, qui doit \u00eatre port\u00e9 par les deux clubs et principalement par le T\u00e9f\u00e9c\u00e9.<br \/>La formule de financement sera fonction du choix de gestion qui sera fait. Est-ce qu\u2019on reste en gestion publique, ou est-ce qu\u2019on d\u00e9l\u00e8gue \u00e0 un interlocuteur professionnel qui serait capable de rassembler tout \u00e0 la fois le T\u00e9f\u00e9c\u00e9, le Stade Toulousain et un entrepreneur de spectacles\u2009?<\/p>\n<p class=\"ac-article-content__question wall-content\">Est-ce que le projet d\u2019agrandissement d\u2019Ernest-Wallon entre en ligne de compte\u2009?<\/p>\n<p class=\" wall-content\"><strong class=\"color-primary\">J.-L.M. : <\/strong>C\u2019est un dossier parall\u00e8le, car on est sur deux situations juridiques diff\u00e9rentes\u2009: le Stadium est propri\u00e9t\u00e9 de la M\u00e9tropole, le Wallon appartient \u00e0 l\u2019association des amis du Stade Toulousain. Mais la r\u00e9flexion doit \u00eatre partag\u00e9e.<br \/>Il y a dans les tuyaux un projet d\u2019agrandissement port\u00e9 par le Stade Toulousain et on doit choisir une jauge coh\u00e9rente avec le fait qu\u2019on agrandirait le Stadium, o\u00f9 les Rouge et Noir iraient jouer plus souvent. Il y a un besoin d\u2019agrandissement du Wallon, l\u2019hypoth\u00e8se travaill\u00e9e est de rajouter 5\u2009000 places en privil\u00e9giant les hospitalit\u00e9s, ce qui permettrait au club d\u2019accueillir davantage de partenaires et c\u2019est important car \u00e7a rapporte des recettes.<br \/>Pour r\u00e9sumer, ce sont des r\u00e9flexions \u00e0 partager avec le D\u00e9partement et la R\u00e9gion, mais je suis favorable \u00e0 l\u2019agrandissement des deux stades, car il y a un double besoin. Et si Toulouse est devenue la 3e ville de France, le Stadium est seulement le 13e stade de France, il y a un vrai sujet\u2009!<\/p>\n<p class=\"ac-article-content__question wall-content\">Dans un tout autre registre, vous avez aussi \u00e9voqu\u00e9 la r\u00e9flexion de l\u2019apr\u00e8s-m\u00e9tro sur les transports en commun. Qu\u2019envisagez-vous\u2009?<\/p>\n<p class=\" wall-content\"><strong class=\"color-primary\">J.-L.M. : <\/strong>Nous sommes l\u2019agglom\u00e9ration fran\u00e7aise \u00e0 la plus forte croissance, et celle qui investit le plus sur les transports en commun, hors Paris. Il y aura donc un apr\u00e8s ligne C. Et pour moi, le principal sujet, c\u2019est de se demander comment faire profiter de cette troisi\u00e8me ligne \u00e0 des territoires qu\u2019elle ne desservira pas. Quelle restructuration des lignes de bus pr\u00e9voir pour faire en sorte que des quartiers ou communes puissent avoir acc\u00e8s \u00e0 la ligne C\u2009? C\u2019est l\u2019id\u00e9e \u00e0 travailler.<br \/>D\u2019autres investissements seront n\u00e9cessaires\u2009: je suis favorable \u00e0 envisager des projets autour de nouvelles lignes de bus, de Lin\u00e9o, ou de Ligne Express, sur le mod\u00e8le de ce que nous venons de faire avec succ\u00e8s entre Basso-Cambo et Muret.<\/p>\n<p class=\"ac-article-content__question wall-content\">Envisagez-vous d\u2019annoncer une 4e ligne de m\u00e9tro, ou une nouvelle ligne de tram\u2009?<\/p>\n<p class=\" wall-content\"><strong class=\"color-primary\">J.-L.M. : <\/strong>En ce qui me concerne, non\u2009!<\/p>\n<p>\u00ab\u00a0Le RN peut aider les insoumis \u00e0 conqu\u00e9rir le Capitole\u00a0\u00bb<\/p>\n<p class=\"ac-article-content__question wall-content\">Quel est votre regard sur la situation \u00e0 gauche o\u00f9 deux \u00e0 trois listes sont sur la ligne de d\u00e9part\u2009?<\/p>\n<p class=\" wall-content\"><strong class=\"color-primary\">J.-L.M. : <\/strong>J\u2019observe depuis le d\u00e9but du mandat beaucoup de divisions \u00e0 gauche, pas simplement politiques, mais de tr\u00e8s fortes divergences sur des sujets importants pour Toulouse. Pour autant, je pr\u00e9dis qu\u2019\u00e0 la fin, tout ce petit monde se mettra ensemble et qu\u2019il y aura une seule liste malgr\u00e9 l\u2019ampleur des d\u00e9saccords.<br \/>Ils ont tous critiqu\u00e9 le m\u00e9tro, mais certains l\u2019acceptent, quand d\u2019autres le combattent encore. Certains sont pour la LGV, d\u2019autres sont contre. Certains sont pour le d\u00e9veloppement \u00e9conomique un peu comme nous, d\u2019autres sont pour la d\u00e9croissance. Certains sont pour augmenter la fiscalit\u00e9, d\u2019autres se taisent.<br \/>Si jamais une telle coalition gagnait, ce serait faire courir \u00e0 Toulouse un risque de paralysie avec une \u00e9quipe municipale divis\u00e9e, qui aurait du mal \u00e0 prendre des d\u00e9cisions et faire des choix clairs.<\/p>\n<p class=\"ac-article-content__question wall-content\">Et le RN \u00e0 10\u2009%, cela vous pr\u00e9occupe\u2009?<\/p>\n<p class=\" wall-content\"><strong class=\"color-primary\">J.-L.M. : <\/strong>Le RN n\u2019a pas encore de candidat, et n\u2019a pas de projet ni de r\u00e9flexion sur Toulouse. \u00c0 la v\u00e9rit\u00e9, il n\u2019en a jamais eu, c\u2019est le vide sid\u00e9ral. Mais il a des \u00e9lecteurs et on les conna\u00eet. Malgr\u00e9 l\u2019opprobre que certains aimeraient jeter sur eux, ce ne sont pas des fascistes, ni d\u2019extr\u00eame droite, mais des gens d\u00e9\u00e7us, en col\u00e8re sur des sujets de politique nationale, qui tra\u00eenent depuis des ann\u00e9es et que la France n\u2019a jamais r\u00e9gl\u00e9s. Et puis, la situation nationale d\u00e9l\u00e9t\u00e8re que l\u2019on vit depuis un an et demi avec une Assembl\u00e9e bord\u00e9lis\u00e9e, assure jour apr\u00e8s jour des voix suppl\u00e9mentaires au RN.<br \/>Je dis \u00e0 ces \u00e9lecteurs qui sont en col\u00e8re de bien r\u00e9fl\u00e9chir et de ne pas m\u00e9langer politique nationale et locale.\u00a0Les gens ne le savent pas, mais si la liste RN fait 10\u2009%, il sera au second tour alors qu\u2019il n\u2019a aucune chance de gagner la ville. Or, en cas de triangulaire, les voix que bloquera le RN permettront aux insoumis et \u00e0 leurs alli\u00e9s de prendre la direction de la ville, autrement dit d\u2019aboutir \u00e0 une situation totalement contraire \u00e0 ce qu\u2019ils veulent. Pour \u00e9viter le risque m\u00e9lenchoniste, le seul vote efficace d\u00e8s le premier tour est le bulletin de la liste je conduirai.<\/p>\n<p class=\"ac-article-content__question wall-content\">Face \u00e0 ce risque RN, comptez-vous mettre le cap \u00e0 droite\u2009?<\/p>\n<p class=\" wall-content\"><strong class=\"color-primary\">J.-L.M. : <\/strong>Je ne sais pas si les \u00e9lecteurs en col\u00e8re veulent forc\u00e9ment un cap \u00e0 droite. Ils souhaitent une clart\u00e9 sur certains sujets et de la d\u00e9termination. En mati\u00e8re de s\u00e9curit\u00e9, j\u2019ai fait des choix tr\u00e8s forts comme aucun maire de Toulouse auparavant. On est pass\u00e9 de 21 cam\u00e9ras \u00e0 680, de 175 policiers municipaux \u00e0 390\u2026 C\u2019est une action qui a \u00e9t\u00e9 b\u00e9n\u00e9fique pour la ville et ce sont de telles r\u00e9ponses concr\u00e8tes qu\u2019attendent les \u00e9lecteurs. Et puis, la s\u00e9curit\u00e9 ce n\u2019est pas forc\u00e9ment de droite.<\/p>\n<p class=\"ac-article-content__question wall-content\">Finalement, quel est votre principal adversaire\u2009: Fran\u00e7ois Piquemal ou le RN\u2009?<\/p>\n<p class=\" wall-content\"><strong class=\"color-primary\">J.-L.M. : <\/strong>Le RN est celui qui peut aider le plus mes opposants \u00e0 conqu\u00e9rir le Capitole.<\/p>\n<p class=\"ac-article-content__question wall-content\">Au sujet de la plainte d\u00e9pos\u00e9e par Anticor \u00e0 votre encontre, est-ce que cela vous inqui\u00e8te que l\u2019affaire ressurgisse avant le premier tour\u2009?<\/p>\n<p class=\" wall-content\"><strong class=\"color-primary\">J.-L.M. : <\/strong>Je ne suis pas particuli\u00e8rement inquiet, car je sais ce que j\u2019ai fait et pas fait. J\u2019ai respect\u00e9 les lois de la R\u00e9publique. Mais le risque existe\u2009: si ce dossier sort \u00e0 quelques mois des Municipales, ce n\u2019est pas le fruit du hasard, c\u2019est parce que certains de mes opposants voudraient me disqualifier pour ce scrutin, en me jetant l\u2019opprobre et en sapant ma probit\u00e9. Nul n\u2019est dupe, on voit bien \u00e0 qui tout cela peut profiter. La justice est saisie de ce dossier. Mon souhait, c\u2019est que l\u2019enqu\u00eate se fasse, qu\u2019elle avance et me permette de donner mon t\u00e9moignage.<\/p>\n<p>\u00ab\u00a0Il y aura d\u2019autres surprises\u00a0\u00bb sur la liste<\/p>\n<p class=\"ac-article-content__question wall-content\">Vous avez pr\u00e9sent\u00e9 un premier colistier, y aura-t-il d\u2019autres surprises sur votre liste\u2009?<\/p>\n<p class=\" wall-content\"><strong class=\"color-primary\">J.-L.M. : <\/strong>C\u2019est important pour moi de montrer que le maire en place est capable de proposer du renouvellement, avec des personnalit\u00e9s nouvelles qui am\u00e8nent d\u2019autres sensibilit\u00e9s et comp\u00e9tences, et qui ne soient pas li\u00e9es \u00e0 notre bilan.<br \/>La premi\u00e8re candidature que j\u2019ai pr\u00e9sent\u00e9e est celle de Guillaume Duval, pr\u00e9sident de la F\u00e9d\u00e9ration des commer\u00e7ants, car j\u2019ai souhait\u00e9 que le petit commerce, en difficult\u00e9, soit davantage \u00e9cout\u00e9.<br \/>Il y aura d\u2019autres surprises. Je pr\u00e9senterai un certain nombre de colistiers qui n\u2019appartiennent \u00e0 aucune formation politique et ont des comp\u00e9tences vari\u00e9es\u2009: il y aura des candidatures dans le domaine des sports, de la sant\u00e9, des jeunes actifs\u2026 Une diversit\u00e9 de profils qui viendra enrichir la liste et s\u2019ajouter \u00e0 l\u2019exp\u00e9rience que repr\u00e9sentent les sortants.<\/p>\n<p class=\"ac-article-content__question wall-content\">Vous avez \u00e9galement annonc\u00e9 que ce serait votre dernier mandat. Avez-vous d\u00e9sign\u00e9 votre successeur, et sera-t-il dans votre \u00e9quipe\u2009?<\/p>\n<p class=\" wall-content\"><strong class=\"color-primary\">J.-L.M. : <\/strong>Je n\u2019ai pas l\u2019intention de conduire une liste en 2032, j\u2019ai pr\u00e9f\u00e9r\u00e9 le dire par honn\u00eatet\u00e9. Quant au reste, on a le temps\u2009! Je ne suis pas l\u00e0 pour ouvrir la succession.\u00a0Honn\u00eatement, je n\u2019en sais rien et je n\u2019ai pas fait de choix.<br \/>Mais \u00e0 titre personnel, je ne suivrai pas le chemin d\u2019Andr\u00e9 Laignel (n\u00b02 de l\u2019Association des maires de France, premier magistrat d\u2019Issoudun depuis 48\u00a0ans, NDLR), m\u00eame s\u2019il a d\u2019excellentes qualit\u00e9s\u2009!<\/p>\n<p class=\" wall-content\">Personnalisez votre actualit\u00e9 en ajoutant vos villes et m\u00e9dias en favori avec <a href=\"https:\/\/moncompte.actu.fr\" title=\"D\u00e9couvez Mon Actu\" rel=\"nofollow noopener\" data-trk=\"{&quot;cta&quot;:{&quot;action&quot;:&quot;https:\\\/\\\/moncompte.actu.fr&quot;,&quot;category&quot;:&quot;mon compte&quot;,&quot;from&quot;:&quot;article footer&quot;,&quot;name&quot;:&quot;Mon actu&quot;,&quot;type&quot;:&quot;cta&quot;}}\" target=\"_blank\">Mon Actu<\/a>.<\/p>\n","protected":false},"excerpt":{"rendered":"Par Guillaume Laurens Publi\u00e9 le 16 nov. 2025 \u00e0 18h18 ; mis \u00e0 jour le 16 nov. 2025&hellip;\n","protected":false},"author":2,"featured_media":539094,"comment_status":"","ping_status":"","sticky":false,"template":"","format":"standard","meta":{"footnotes":""},"categories":[2816],"tags":[1111,11,3542,4188,1777,674,1011,27,2857,3434,12,2680,316,25,2312],"class_list":{"0":"post-539093","1":"post","2":"type-post","3":"status-publish","4":"format-standard","5":"has-post-thumbnail","7":"category-toulouse","8":"tag-actu","9":"tag-actualites","10":"tag-circulation","11":"tag-elections-municipales","12":"tag-eu","13":"tag-europe","14":"tag-fr","15":"tag-france","16":"tag-jean-luc-moudenc","17":"tag-municipales-2026","18":"tag-news","19":"tag-occitanie","20":"tag-politique","21":"tag-republique-francaise","22":"tag-toulouse"},"share_on_mastodon":{"url":"https:\/\/pubeurope.com\/@fr\/115562014615983655","error":""},"_links":{"self":[{"href":"https:\/\/www.europesays.com\/fr\/wp-json\/wp\/v2\/posts\/539093","targetHints":{"allow":["GET"]}}],"collection":[{"href":"https:\/\/www.europesays.com\/fr\/wp-json\/wp\/v2\/posts"}],"about":[{"href":"https:\/\/www.europesays.com\/fr\/wp-json\/wp\/v2\/types\/post"}],"author":[{"embeddable":true,"href":"https:\/\/www.europesays.com\/fr\/wp-json\/wp\/v2\/users\/2"}],"replies":[{"embeddable":true,"href":"https:\/\/www.europesays.com\/fr\/wp-json\/wp\/v2\/comments?post=539093"}],"version-history":[{"count":0,"href":"https:\/\/www.europesays.com\/fr\/wp-json\/wp\/v2\/posts\/539093\/revisions"}],"wp:featuredmedia":[{"embeddable":true,"href":"https:\/\/www.europesays.com\/fr\/wp-json\/wp\/v2\/media\/539094"}],"wp:attachment":[{"href":"https:\/\/www.europesays.com\/fr\/wp-json\/wp\/v2\/media?parent=539093"}],"wp:term":[{"taxonomy":"category","embeddable":true,"href":"https:\/\/www.europesays.com\/fr\/wp-json\/wp\/v2\/categories?post=539093"},{"taxonomy":"post_tag","embeddable":true,"href":"https:\/\/www.europesays.com\/fr\/wp-json\/wp\/v2\/tags?post=539093"}],"curies":[{"name":"wp","href":"https:\/\/api.w.org\/{rel}","templated":true}]}}