{"id":539097,"date":"2025-11-16T23:43:13","date_gmt":"2025-11-16T23:43:13","guid":{"rendered":"https:\/\/www.europesays.com\/fr\/539097\/"},"modified":"2025-11-16T23:43:13","modified_gmt":"2025-11-16T23:43:13","slug":"la-foire-aux-santons-du-vieux-port-etape-incontournable-des-candidats","status":"publish","type":"post","link":"https:\/\/www.europesays.com\/fr\/539097\/","title":{"rendered":"la Foire aux santons du Vieux-Port, \u00e9tape incontournable des candidats"},"content":{"rendered":"<p>La tradition du santon proven\u00e7al aura eu un m\u00e9rite\u00a0: r\u00e9unir, dans un moment de relative harmonie, les pr\u00e9tendants \u00e0 la mairie de <a href=\"https:\/\/www.laprovence.com\/bouches-du-rhone\/marseille-13055\" target=\"_blank\" rel=\"noopener\">Marseille<\/a>. Une accalmie c\u00e9l\u00e9br\u00e9e ce dimanche 16\u00a0novembre lors de la <strong>traditionnelle messe des santonniers<\/strong>, pr\u00e9sid\u00e9e par le vicaire g\u00e9n\u00e9ral <strong>Xavier Manzano<\/strong> en l\u2019\u00e9glise Saint-Ferr\u00e9ol (1\u1d49\u02b3). Au premier rang, c\u00f4te \u00e0 c\u00f4te, le maire <a href=\"https:\/\/www.laprovence.com\/article\/elections\/11379285606794\/municipales-a-marseille-un-sondage-cluster17-donne-franck-allisio-et-benoit-payan-a-egalite-au-premier-tour\" target=\"_blank\" rel=\"noopener\">Beno\u00eet Payan<\/a> (DVG), probable candidat \u00e0 sa succession, et la pr\u00e9sidente de la M\u00e9tropole et du D\u00e9partement, <a href=\"https:\/\/www.laprovence.com\/article\/region\/31773793818316\/municipales-2026-a-marseille-martine-vassal-dvd-obtient-le-soutien-du-parti-presidentiel\" target=\"_blank\" rel=\"noopener\">Martine Vassal<\/a> (DVD), lanc\u00e9e depuis septembre. Un rang derri\u00e8re, <a href=\"https:\/\/www.laprovence.com\/article\/region\/1239232556762614\/municipales-2026-le-candidat-rn-franck-allisio-repeint-un-drapeau-palestinien-aux-goudes-a-marseille\" target=\"_blank\" rel=\"noopener\">Franck Allisio<\/a> (RN).<\/p>\n<p><img alt=\"La tr\u00eave des confiseurs avant l\u2019heure : Martine Vassal et Beno\u00eet Payan, avec le pr\u00e9sident des santonniers Michel Bouvier (au centre), ont inaugur\u00e9 ensemble, le dimanche 16 novembre 2025, la Foire aux santons.\" loading=\"lazy\" decoding=\"async\" data-nimg=\"fill\" class=\" TwicCore_img__i9TC1 undefined  undefined\" style=\"position:absolute;height:100%;width:100%;left:0;top:0;right:0;bottom:0;color:transparent;background-size:cover;background-position:50% 50%;background-repeat:no-repeat;background-image:url(&quot;data:image\/svg+xml;charset=utf-8,%3Csvg xmlns='http:\/\/www.w3.org\/2000\/svg' %3E%3Cfilter id='b' color-interpolation-filters='sRGB'%3E%3CfeGaussianBlur stdDeviation='20'\/%3E%3CfeColorMatrix values='1 0 0 0 0 0 1 0 0 0 0 0 1 0 0 0 0 0 100 -1' result='s'\/%3E%3CfeFlood x='0' y='0' width='100%25' height='100%25'\/%3E%3CfeComposite operator='out' in='s'\/%3E%3CfeComposite in2='SourceGraphic'\/%3E%3CfeGaussianBlur stdDeviation='20'\/%3E%3C\/filter%3E%3Cimage width='100%25' height='100%25' x='0' y='0' preserveAspectRatio='none' style='filter: url(%23b);' href='https:\/\/pictures.laprovence.com\/cdn-cgi\/image\/blur=250\/media\/melody\/2025\/11\/16\/inauguration-de-la-foire-aux-santons-edition-2025-sur-le-vieux-port-de-marseille-coupure-de-ruban-en-1763319009_61ee8233d919675ee8233d91959ee8v_.jpg'\/%3E%3C\/svg%3E&quot;)\"   src=\"https:\/\/www.europesays.com\/fr\/wp-content\/uploads\/2025\/11\/inauguration-de-la-foire-aux-santons-edition-2025-sur-le-vieux-port-de-marseille-coupure-de-ruban-en.jpeg\"\/>La tr\u00eave des confiseurs avant l\u2019heure : Martine Vassal et Beno\u00eet Payan, avec le pr\u00e9sident des santonniers Michel Bouvier (au centre), ont inaugur\u00e9 ensemble, le dimanche 16 novembre 2025, la Foire aux santons. \/ PHOTO NICOLAS VALLAURI<\/p>\n<p>Quelques minutes plus tard, voici nos <strong>trois protagonistes<\/strong> sur le quai du Port, pour l\u2019ouverture officielle de la <a href=\"https:\/\/www.laprovence.com\/article\/societe\/19244832855386\/jean-claude-duss-jean-pierre-papin-le-marche-aux-santons-a-ouvert-ses-portes-a-aubagne-avec-ses-nouveautes\" target=\"_blank\" rel=\"noopener\">223e Foire aux santons de Marseille<\/a>. Beno\u00eet Payan et Martine Vassal, d\u2019abord guid\u00e9s ensemble par le pr\u00e9sident des santonniers <strong>Michel Bouvier<\/strong>, prennent le temps de s\u2019arr\u00eater \u00e0 chacune des cabanes pos\u00e9es au bord du Lacydon. Leurs entourages, \u00e9lus et conseillers, suivent.<\/p>\n<p>Chez Magali, Beno\u00eet Payan se voit remettre <strong>une Bonne M\u00e8re dor\u00e9e<\/strong> comme celle qui scintille sur la colline de la Garde. Martine Vassal, elle, a opt\u00e9 pour<strong> un terrain de boules<\/strong> de l\u2019atelier Farandoles. Franck Allisio repart comme Belsunce, <strong>les mains vides<\/strong>, mais il promet de \u00ab\u00a0revenir plus tard pour acheter les rois mages\u00a0\u00bb. Tous assurent, la main sur le c\u0153ur, qu\u2019ils ont leurs habitudes chaque ann\u00e9e sur ce march\u00e9 d\u00e9di\u00e9 \u00e0 la Nativit\u00e9. Et qu\u2019ils ne sont, bien s\u00fbr, pas en campagne\u2026<\/p>\n<p><img alt=\"Avant d\u2019inaugurer la Foire, Martine Vassal, Franck Allisio et Beno\u00eet Payan avaient assist\u00e9 \u00e0 la traditionnelle messe des santonniers.\" loading=\"lazy\" decoding=\"async\" data-nimg=\"fill\" class=\" TwicCore_img__i9TC1 undefined  undefined\" style=\"position:absolute;height:100%;width:100%;left:0;top:0;right:0;bottom:0;color:transparent;background-size:cover;background-position:50% 50%;background-repeat:no-repeat;background-image:url(&quot;data:image\/svg+xml;charset=utf-8,%3Csvg xmlns='http:\/\/www.w3.org\/2000\/svg' %3E%3Cfilter id='b' color-interpolation-filters='sRGB'%3E%3CfeGaussianBlur stdDeviation='20'\/%3E%3CfeColorMatrix values='1 0 0 0 0 0 1 0 0 0 0 0 1 0 0 0 0 0 100 -1' result='s'\/%3E%3CfeFlood x='0' y='0' width='100%25' height='100%25'\/%3E%3CfeComposite operator='out' in='s'\/%3E%3CfeComposite in2='SourceGraphic'\/%3E%3CfeGaussianBlur stdDeviation='20'\/%3E%3C\/filter%3E%3Cimage width='100%25' height='100%25' x='0' y='0' preserveAspectRatio='none' style='filter: url(%23b);' href='https:\/\/pictures.laprovence.com\/cdn-cgi\/image\/blur=250\/media\/melody\/2025\/11\/16\/inauguration-de-la-foire-aux-santons-edition-2025-sur-le-vieux-port-de-marseille-messe-des-santonier-1763319010_28929d8cc91964c929d8cc91920a29v_.jpg'\/%3E%3C\/svg%3E&quot;)\"   src=\"https:\/\/www.europesays.com\/fr\/wp-content\/uploads\/2025\/11\/inauguration-de-la-foire-aux-santons-edition-2025-sur-le-vieux-port-de-marseille-messe-des-santonier.jpeg\"\/>Avant d\u2019inaugurer la Foire, Martine Vassal, Franck Allisio et Beno\u00eet Payan avaient assist\u00e9 \u00e0 la traditionnelle messe des santonniers. \/ PHOTO NICOLAS VALLAURI<\/p>\n<p>\u00ab\u00a0\u00c7a repr\u00e9sente l\u2019identit\u00e9 et l\u2019histoire \u00e0 laquelle je suis attach\u00e9e. Mais j\u2019admire aussi les artisans qui arrivent \u00e0 se renouveler, tout en restant dans la tradition\u00a0\u00bb, salue Martine Vassal. M\u00eame tonalit\u00e9 chez Beno\u00eet Payan. \u00ab\u00a0On pourrait croire que les santons sont un folklore tanqu\u00e9 dans une forme de nostalgie, mais suffit de regarder comment des jeunes s\u2019en emparent pour comprendre que c\u2019est le contraire\u00a0\u00bb, souligne-t-il avant d\u2019aller remettre en mairie une m\u00e9daille pour les <strong>90\u00a0ans de la maison Carbonel<\/strong>, <a href=\"https:\/\/www.laprovence.com\/article\/culture-loisirs\/1204540551749714\/le-dictionnaire-des-santons-de-provence-enrichi-dans-sa-neuvieme-edition\" target=\"_blank\" rel=\"noopener\">reprise par deux fr\u00e8res, Baptiste et Hugo Vitali<\/a>.<\/p>\n<p>La <strong>cr\u00e8che proven\u00e7ale<\/strong> est aussi un objet politique. En octobre, apr\u00e8s la pol\u00e9mique sur <a href=\"https:\/\/www.laprovence.com\/article\/societe\/1899047635578114\/film-sacre-coeur-a-marseille-la-justice-me-dit-qu-il-est-programmable-je-le-rediffuse-reagit-benoit-payan\" target=\"_blank\" rel=\"noopener\">la d\u00e9programmation du film Sacr\u00e9-C\u0153ur<\/a> \u00e0 la Buzine, Martine Vassal avait r\u00e9clam\u00e9 au maire de Marseille d\u2019en installer une dans l\u2019h\u00f4tel de ville. Ce dimanche, elle dit n\u2019avoir pas eu besoin de r\u00e9it\u00e9rer. \u00ab\u00a0Ce n\u2019est pas moi qui la lui ai demand\u00e9e, mais les Marseillais\u00a0\u00bb, assure-t-elle. Jusqu\u2019ici, Beno\u00eet Payan n\u2019avait pas r\u00e9pondu \u00e0 sa rivale. \u00ab\u00a0J\u2019irai inaugurer la superbe cr\u00e8che qui est install\u00e9e dans la mairie des 2e-3e. Mais en raison de la p\u00e9riode pr\u00e9\u00e9lectorale, je n\u2019ai pas le droit d\u2019en installer une en mairie centrale puisque je ne l\u2019ai pas fait les ann\u00e9es pr\u00e9c\u00e9dentes\u00a0\u00bb, justifie-t-il. Rendez-vous <strong>en\u00a02026<\/strong>\u00a0?<\/p>\n","protected":false},"excerpt":{"rendered":"La tradition du santon proven\u00e7al aura eu un m\u00e9rite\u00a0: r\u00e9unir, dans un moment de relative harmonie, les pr\u00e9tendants&hellip;\n","protected":false},"author":2,"featured_media":539098,"comment_status":"","ping_status":"","sticky":false,"template":"","format":"standard","meta":{"footnotes":""},"categories":[2814],"tags":[17,5734,1111,11,1007,1102,5949,1777,674,4434,1011,27,884,3554,12,882,25,62399,133],"class_list":{"0":"post-539097","1":"post","2":"type-post","3":"status-publish","4":"format-standard","5":"has-post-thumbnail","7":"category-marseille","8":"tag-17","9":"tag-5734","10":"tag-actu","11":"tag-actualites","12":"tag-aux","13":"tag-breakingnews","14":"tag-elections","15":"tag-eu","16":"tag-europe","17":"tag-foire","18":"tag-fr","19":"tag-france","20":"tag-marseille","21":"tag-municipales","22":"tag-news","23":"tag-provence-alpes-cote-dazur","24":"tag-republique-francaise","25":"tag-santons","26":"tag-video"},"share_on_mastodon":{"url":"https:\/\/pubeurope.com\/@fr\/115562035613995837","error":""},"_links":{"self":[{"href":"https:\/\/www.europesays.com\/fr\/wp-json\/wp\/v2\/posts\/539097","targetHints":{"allow":["GET"]}}],"collection":[{"href":"https:\/\/www.europesays.com\/fr\/wp-json\/wp\/v2\/posts"}],"about":[{"href":"https:\/\/www.europesays.com\/fr\/wp-json\/wp\/v2\/types\/post"}],"author":[{"embeddable":true,"href":"https:\/\/www.europesays.com\/fr\/wp-json\/wp\/v2\/users\/2"}],"replies":[{"embeddable":true,"href":"https:\/\/www.europesays.com\/fr\/wp-json\/wp\/v2\/comments?post=539097"}],"version-history":[{"count":0,"href":"https:\/\/www.europesays.com\/fr\/wp-json\/wp\/v2\/posts\/539097\/revisions"}],"wp:featuredmedia":[{"embeddable":true,"href":"https:\/\/www.europesays.com\/fr\/wp-json\/wp\/v2\/media\/539098"}],"wp:attachment":[{"href":"https:\/\/www.europesays.com\/fr\/wp-json\/wp\/v2\/media?parent=539097"}],"wp:term":[{"taxonomy":"category","embeddable":true,"href":"https:\/\/www.europesays.com\/fr\/wp-json\/wp\/v2\/categories?post=539097"},{"taxonomy":"post_tag","embeddable":true,"href":"https:\/\/www.europesays.com\/fr\/wp-json\/wp\/v2\/tags?post=539097"}],"curies":[{"name":"wp","href":"https:\/\/api.w.org\/{rel}","templated":true}]}}