{"id":539099,"date":"2025-11-16T23:44:17","date_gmt":"2025-11-16T23:44:17","guid":{"rendered":"https:\/\/www.europesays.com\/fr\/539099\/"},"modified":"2025-11-16T23:44:17","modified_gmt":"2025-11-16T23:44:17","slug":"linsoumis-sebastien-delogu-a-lassaut-de-la-mairie-de-marseille-16-11-2025-a-1843","status":"publish","type":"post","link":"https:\/\/www.europesays.com\/fr\/539099\/","title":{"rendered":"L&rsquo;Insoumis S\u00e9bastien Delogu \u00e0 l&rsquo;assaut de la mairie de Marseille &#8211; 16\/11\/2025 \u00e0 18:43"},"content":{"rendered":"<p>        <img decoding=\"async\" src=\"https:\/\/www.europesays.com\/fr\/wp-content\/uploads\/2025\/11\/1c59f7f87319a59500b1714fd3eaf356-760x507.jpg\" alt=\"Le candidat insoumis S\u00e9bastien Delogu pose devant la mairie de Marseille le 15 novembre 2025 ( AFP \/ Christophe SIMON )\" loading=\"eager\" fetchpriority=\"high\" width=\"760\" height=\"507\" style=\"max-width: 100%!important; height: auto;\"\/><\/p>\n<p class=\"c-image-news__legend\">Le candidat insoumis S\u00e9bastien Delogu pose devant la mairie de Marseille le 15 novembre 2025 ( AFP \/ Christophe SIMON )<\/p>\n<p>\n Le d\u00e9put\u00e9 Insoumis S\u00e9bastien Delogu s&rsquo;est lanc\u00e9 dimanche \u00e0 l&rsquo;assaut de la mairie de Marseille, avec la promesse de \u00ab\u00a0ramener le peuple au pouvoir\u00a0\u00bb dans la 2e ville de France o\u00f9 la gauche part divis\u00e9e face \u00e0 une droite unie et une extr\u00eame droite conqu\u00e9rante.\n<\/p>\n<p>\n \u00ab\u00a0Je connais la moindre rue de Marseille par mon ancien travail de chauffeur de taxi et le fait d&rsquo;avoir grandi dans cette ville, j&rsquo;ai vu tout le client\u00e9lisme, la corruption\u00a0\u00bb, affirme l&rsquo;\u00e9lu dans un entretien \u00e0 l&rsquo;AFP. \u00ab\u00a0Les gens dans la rue me disent +d\u00e9gagez ce syst\u00e8me+\u00a0\u00bb.\n<\/p>\n<p>\n Dans la deuxi\u00e8me ville de France, LFI fait donc cavalier seul comme \u00e0 Lyon et Paris.\n<\/p>\n<p>\n \u00ab\u00a0Nous ne fermerons pas la porte au second tour \u00e0 une union des gauches\u00a0\u00bb, a toutefois pr\u00e9cis\u00e9 M. Delogu qui b\u00e9n\u00e9ficie n\u00e9anmoins du ralliement de S\u00e9bastien Barles, actuel adjoint au maire en charge de la transition \u00e9nerg\u00e9tique, et de son mouvement \u00e9colo-citoyen Va\u00ef, ainsi que de la R\u00e9volution \u00e9cologique pour le vivant (REV), parti du d\u00e9put\u00e9 apparent\u00e9 LFI Aymeric Caron.\n<\/p>\n<p>\n Le maire sortant divers gauche Beno\u00eet Payan n&rsquo;a pas encore officialis\u00e9 sa candidature mais il devrait rassembler socialistes, communistes et \u00e9cologistes.\n<\/p>\n<p>\n Avec son union \u00e9cologique et citoyenne du \u00ab\u00a0Printemps marseillais\u00a0\u00bb, l&rsquo;ex-socialiste \u00ab\u00a0devait \u00eatre la rupture avec le syst\u00e8me de droite alors qu&rsquo;en r\u00e9alit\u00e9 ils cog\u00e8rent la ville ensemble\u00a0\u00bb, la m\u00e9tropole \u00e9tant dirig\u00e9e par la divers droite Martine Vassal, tacle l&rsquo;Insoumis qui d\u00e9nonce aussi son inaction.\n<\/p>\n<p>\n \u00ab\u00a0C&rsquo;est une honte de voir une ville aussi sale et de voir un maire qui dit +c&rsquo;est pas moi+. Certes, 80% des comp\u00e9tences de la ville de Marseille sont \u00e0 la m\u00e9tropole mais est-ce qu&rsquo;aujourd&rsquo;hui il s&rsquo;est retrouss\u00e9 les manches pour se battre pour la propret\u00e9 de cette ville?\u00a0\u00bb, interroge M. Delogu.\n<\/p>\n<p>\n Dans le camp de M. Payan, on ne comprend pas pourquoi les Insoumis ciblent ainsi la majorit\u00e9 sortante, \u00ab\u00a0en \u00e9pargnant la droite et l\u2019extr\u00eame droite\u00a0\u00bb.\n<\/p>\n<p>\n \u00ab\u00a0Face au risque de l&rsquo;extr\u00eame-droite, l&rsquo;irresponsable Delogu endosse la responsabilit\u00e9 de diviser l&rsquo;Union de la gauche !\u00a0\u00bb, ont d\u00e9plor\u00e9 sur X les Jeunes socialistes des Bouches-du-Rh\u00f4ne.\n<\/p>\n<p>\n D&rsquo;autant que la droite et le centre partent eux unis autour de la candidature de Mme Vassal. Et \u00e0 l&rsquo;extr\u00eame droite, le d\u00e9put\u00e9 du Rassemblement national Franck Allisio, rass\u00e9r\u00e9n\u00e9 par les derni\u00e8res l\u00e9gislatives o\u00f9 l\u2019extr\u00eame droite a remport\u00e9 trois des sept circonscriptions marseillaises, est lui soutenu par le s\u00e9nateur St\u00e9phane Ravier, qui avait un temps ralli\u00e9 Eric Zemmour et son parti Reconqu\u00eate.\n<\/p>\n<p>\n Solidement implant\u00e9 dans les quartiers Nord o\u00f9 il a \u00e9t\u00e9 r\u00e9\u00e9lu d\u00e9put\u00e9 d\u00e8s le premier tour en 2024, M. Delogu aura la lourde t\u00e2che avec son \u00ab\u00a0union populaire\u00a0\u00bb de s\u00e9duire aussi les quartiers plus ais\u00e9s du Sud et mise sur un programme \u00e9cologique avec notamment des transports \u00ab\u00a0au service de la nature et des habitants\u00a0\u00bb dans une ville qui n&rsquo;a que deux lignes de m\u00e9tro.\n<\/p>\n<p> &#8211; R\u00eave d&rsquo;un destin \u00e0 la Mamdani &#8211;<\/p>\n<p>\n Coutumier des coups d&rsquo;\u00e9clat qui lui valent soutiens mais aussi nombreuses critiques, l&rsquo;\u00e9lu s&rsquo;est notamment illustr\u00e9 en brandissant un drapeau palestinien \u00e0 l&rsquo;Assembl\u00e9e nationale ou en donnant son appui muscl\u00e9 \u00e0 un blocus lyc\u00e9en en 2023.\n<\/p>\n<p>\n Cette action lui a valu une condamnation pour violences envers deux cadres de l&rsquo;\u00c9ducation nationale, des faits qu&rsquo;il conteste mais pour lesquels il n&rsquo;a pas fait appel. Il a par ailleurs \u00e9t\u00e9 entendu au printemps dans le cadre d&rsquo;une enqu\u00eate pr\u00e9liminaire sur des documents priv\u00e9s vol\u00e9s \u00e0 un chef d&rsquo;entreprise dans le contexte d&rsquo;un conflit social, documents que le d\u00e9put\u00e9 a ensuite diffus\u00e9s sur ses r\u00e9seaux sociaux. Les investigations se poursuivent.\n<\/p>\n<p>\n L&rsquo;\u00e9lu de 38 ans r\u00eave d&rsquo;un destin \u00e0 la Zohran Mamdani, le d\u00e9mocrate am\u00e9ricain de l&rsquo;aile gauche du parti qui vient de remporter la mairie de New York, \u00ab\u00a0parti \u00e0 1% dans les sondages\u00a0\u00bb.\n<\/p>\n<p>\n \u00ab\u00a0Il avait trois-quatre mesures phares qui lui ont permis de faire comprendre au peuple que c&rsquo;\u00e9tait un maire qui allait r\u00e9ellement s&rsquo;occuper des probl\u00e8mes\u00a0\u00bb, analyse M. Delogu.\n<\/p>\n<p>\n Le lancement de sa candidature se percute avec l&rsquo;onde de choc provoqu\u00e9e par l&rsquo;assassinat jeudi d&rsquo;un deuxi\u00e8me fr\u00e8re d&rsquo;Amine Kessaci, militant \u00e9cologiste marseillais engag\u00e9 dans la lutte contre le narcobanditisme, alors que la justice \u00e9met l&rsquo;hypoth\u00e8se d&rsquo;un assassinat d&rsquo;avertissement.\n<\/p>\n<p>\n \u00ab\u00a0C&rsquo;est effroyable. Je travaille depuis le d\u00e9but de mon mandat, main dans la main, avec le collectif des familles de victimes pour alerter et agir. \u00c0 pr\u00e9sent, malheureusement, un cap est franchi\u00a0\u00bb, reconna\u00eet l&rsquo;\u00e9lu.<\/p>\n","protected":false},"excerpt":{"rendered":"Le candidat insoumis S\u00e9bastien Delogu pose devant la mairie de Marseille le 15 novembre 2025 ( AFP \/&hellip;\n","protected":false},"author":2,"featured_media":539100,"comment_status":"","ping_status":"","sticky":false,"template":"","format":"standard","meta":{"footnotes":""},"categories":[2814],"tags":[400,1111,11,398,408,405,1777,674,1011,27,403,402,399,404,884,12,882,25,401,406,407],"class_list":{"0":"post-539099","1":"post","2":"type-post","3":"status-publish","4":"format-standard","5":"has-post-thumbnail","7":"category-marseille","8":"tag-action-cac-40","9":"tag-actu","10":"tag-actualites","11":"tag-bourse-de-paris","12":"tag-boursorama","13":"tag-cotations","14":"tag-eu","15":"tag-europe","16":"tag-fr","17":"tag-france","18":"tag-indices-devises","19":"tag-investir","20":"tag-investissement","21":"tag-marche-boursier","22":"tag-marseille","23":"tag-news","24":"tag-provence-alpes-cote-dazur","25":"tag-republique-francaise","26":"tag-sicav","27":"tag-trackers","28":"tag-warrants"},"share_on_mastodon":{"url":"https:\/\/pubeurope.com\/@fr\/115562038313441936","error":""},"_links":{"self":[{"href":"https:\/\/www.europesays.com\/fr\/wp-json\/wp\/v2\/posts\/539099","targetHints":{"allow":["GET"]}}],"collection":[{"href":"https:\/\/www.europesays.com\/fr\/wp-json\/wp\/v2\/posts"}],"about":[{"href":"https:\/\/www.europesays.com\/fr\/wp-json\/wp\/v2\/types\/post"}],"author":[{"embeddable":true,"href":"https:\/\/www.europesays.com\/fr\/wp-json\/wp\/v2\/users\/2"}],"replies":[{"embeddable":true,"href":"https:\/\/www.europesays.com\/fr\/wp-json\/wp\/v2\/comments?post=539099"}],"version-history":[{"count":0,"href":"https:\/\/www.europesays.com\/fr\/wp-json\/wp\/v2\/posts\/539099\/revisions"}],"wp:featuredmedia":[{"embeddable":true,"href":"https:\/\/www.europesays.com\/fr\/wp-json\/wp\/v2\/media\/539100"}],"wp:attachment":[{"href":"https:\/\/www.europesays.com\/fr\/wp-json\/wp\/v2\/media?parent=539099"}],"wp:term":[{"taxonomy":"category","embeddable":true,"href":"https:\/\/www.europesays.com\/fr\/wp-json\/wp\/v2\/categories?post=539099"},{"taxonomy":"post_tag","embeddable":true,"href":"https:\/\/www.europesays.com\/fr\/wp-json\/wp\/v2\/tags?post=539099"}],"curies":[{"name":"wp","href":"https:\/\/api.w.org\/{rel}","templated":true}]}}