{"id":539101,"date":"2025-11-16T23:45:18","date_gmt":"2025-11-16T23:45:18","guid":{"rendered":"https:\/\/www.europesays.com\/fr\/539101\/"},"modified":"2025-11-16T23:45:18","modified_gmt":"2025-11-16T23:45:18","slug":"les-temperatures-chutent-pour-la-semaine-a-lyon","status":"publish","type":"post","link":"https:\/\/www.europesays.com\/fr\/539101\/","title":{"rendered":"Les temp\u00e9ratures chutent pour la semaine \u00e0 Lyon"},"content":{"rendered":"<p>                            <img loading=\"lazy\" width=\"900\" height=\"675\" class=\"attachment-article size-article wp-post-image lazyload\" alt=\"Berges du Rh\u00f4ne \u00e0 Lyon\" decoding=\"async\" src=\"https:\/\/www.europesays.com\/fr\/wp-content\/uploads\/2025\/11\/EQJ5jHKVAAEpApR.jpeg\" data-eio-rwidth=\"900\" data-eio-rheight=\"675\"\/><\/p>\n<p>Berges du Rh\u00f4ne \u00e0 Lyon durant l\u2019hiver (photo d\u2019illustration)<\/p>\n<p class=\"content\" style=\"font-size:1.2em;font-weight:700\">La semaine qui arrive s&rsquo;annonce plus fra\u00eeche que les pr\u00e9c\u00e9dentes, \u00e0 Lyon et sa m\u00e9tropole. Les temp\u00e9ratures devraient chuter et atteindre les 7 degr\u00e9s jeudi 20 et vendredi 21 novembre dans l&rsquo;apr\u00e8s-midi. <\/p>\n<p>Le temps cl\u00e9ment n&rsquo;aura dur\u00e9 qu&rsquo;un temps. Retour vers les normales saisonni\u00e8res d\u00e8s ce lundi 17 novembre \u00e0 Lyon et sa m\u00e9tropole, avec \u00ab\u00a0une nouvelle perturbation essentiellement en Rh\u00f4ne-Alpes avec des pluies mod\u00e9r\u00e9es voire assez soutenues sur les Alpes, o\u00f9 la neige s&rsquo;invitera autour des 1000m \u00e0 peine en fin de journ\u00e9e\u00a0\u00bb, indique St\u00e9phane Nedeljkovitch, m\u00e9t\u00e9orologue pour M\u00e9t\u00e9o News. Alors que ce dimanche les temp\u00e9ratures affichaient 5 degr\u00e9s au dessus des normales de saison, les Lyonnais devront sortir les gants et les bonnets demain, avec 12 degr\u00e9s le matin et seulement 9 degr\u00e9s pour l&rsquo;apr\u00e8s-midi.<\/p>\n<p><strong>Des gel\u00e9es et de la neige dans le Rh\u00f4ne<\/strong><\/p>\n<p>La suite de la semaine s&rsquo;annonce tout aussi froide. D\u00e8s mercredi 19 novembre, des premi\u00e8res gel\u00e9es sont attendues dans la matin\u00e9e, avec -2 degr\u00e9s selon M\u00e9t\u00e9o News, et se poursuivront jusqu&rsquo;\u00e0 la fin de la semaine. Le mercure ne devrait pas d\u00e9passer les 8 degr\u00e9s l&rsquo;apr\u00e8s-midi tout au long de la semaine, soit 3 \u00e0 4 degr\u00e9s en dessous des normales. <\/p>\n<p>A partir du jeudi 20 novembre, la pluie s&rsquo;invitera dans tout le Rh\u00f4ne, avec une maximale \u00e0 5 degr\u00e9s. De la neige pourrait m\u00eame tomber sur les hauteurs du d\u00e9partement. La m\u00e9tropole de Lyon ne devrait cependant pas \u00eatre concern\u00e9e en raison de sa basse altitude. <\/p>\n","protected":false},"excerpt":{"rendered":"Berges du Rh\u00f4ne \u00e0 Lyon durant l\u2019hiver (photo d\u2019illustration) La semaine qui arrive s&rsquo;annonce plus fra\u00eeche que les&hellip;\n","protected":false},"author":2,"featured_media":539102,"comment_status":"","ping_status":"","sticky":false,"template":"","format":"standard","meta":{"footnotes":""},"categories":[1889],"tags":[1111,11,2430,1777,674,1011,27,65702,2428,2487,55015,65791,10584,12,25],"class_list":{"0":"post-539101","1":"post","2":"type-post","3":"status-publish","4":"format-standard","5":"has-post-thumbnail","7":"category-lyon","8":"tag-actu","9":"tag-actualites","10":"tag-auvergne-rhone-alpes","11":"tag-eu","12":"tag-europe","13":"tag-fr","14":"tag-france","15":"tag-gelees","16":"tag-lyon","17":"tag-meteo","18":"tag-meteo-automne-lyon","19":"tag-meteo-lyon","20":"tag-neige","21":"tag-news","22":"tag-republique-francaise"},"share_on_mastodon":{"url":"https:\/\/pubeurope.com\/@fr\/115562042316996070","error":""},"_links":{"self":[{"href":"https:\/\/www.europesays.com\/fr\/wp-json\/wp\/v2\/posts\/539101","targetHints":{"allow":["GET"]}}],"collection":[{"href":"https:\/\/www.europesays.com\/fr\/wp-json\/wp\/v2\/posts"}],"about":[{"href":"https:\/\/www.europesays.com\/fr\/wp-json\/wp\/v2\/types\/post"}],"author":[{"embeddable":true,"href":"https:\/\/www.europesays.com\/fr\/wp-json\/wp\/v2\/users\/2"}],"replies":[{"embeddable":true,"href":"https:\/\/www.europesays.com\/fr\/wp-json\/wp\/v2\/comments?post=539101"}],"version-history":[{"count":0,"href":"https:\/\/www.europesays.com\/fr\/wp-json\/wp\/v2\/posts\/539101\/revisions"}],"wp:featuredmedia":[{"embeddable":true,"href":"https:\/\/www.europesays.com\/fr\/wp-json\/wp\/v2\/media\/539102"}],"wp:attachment":[{"href":"https:\/\/www.europesays.com\/fr\/wp-json\/wp\/v2\/media?parent=539101"}],"wp:term":[{"taxonomy":"category","embeddable":true,"href":"https:\/\/www.europesays.com\/fr\/wp-json\/wp\/v2\/categories?post=539101"},{"taxonomy":"post_tag","embeddable":true,"href":"https:\/\/www.europesays.com\/fr\/wp-json\/wp\/v2\/tags?post=539101"}],"curies":[{"name":"wp","href":"https:\/\/api.w.org\/{rel}","templated":true}]}}