{"id":539103,"date":"2025-11-16T23:46:19","date_gmt":"2025-11-16T23:46:19","guid":{"rendered":"https:\/\/www.europesays.com\/fr\/539103\/"},"modified":"2025-11-16T23:46:19","modified_gmt":"2025-11-16T23:46:19","slug":"lyon-se-prepare-a-une-fin-dannee-compliquee","status":"publish","type":"post","link":"https:\/\/www.europesays.com\/fr\/539103\/","title":{"rendered":"Lyon se pr\u00e9pare \u00e0 une fin d\u2019ann\u00e9e compliqu\u00e9e"},"content":{"rendered":"<p><b>D\u00e9j\u00e0 dans le dur avant la tr\u00eave internationale de novembre, l\u2019Olympique Lyonnais s\u2019attend \u00e0 vivre une fin d\u2019ann\u00e9e 2025 difficile avec l\u2019encha\u00eenement des matchs et le manque de profondeur dans l\u2019effectif.<\/b><\/p>\n<p>En l\u2019espace d\u2019un mois, entre la reprise face \u00e0 Auxerre dimanche prochain et le premier tour de Coupe de France avant No\u00ebl, l\u2019<a href=\"https:\/\/www.foot01.com\/ol\" target=\"_self\" rel=\"noopener\">OL<\/a> va disputer pas moins de sept rencontres. Que ce soit en Ligue 1, en Europa League et en Coupe de France, l\u2019effectif lyonnais va donc vivre un sprint compliqu\u00e9 sur cette fin d\u2019ann\u00e9e civile. Si la dizaine d\u2019internationaux lyonnais n\u2019ont pas vraiment pu se reposer durant cette tr\u00eave de novembre, sachant qu\u2019ils ont disput\u00e9 des matchs avec leurs s\u00e9lections aux quatre coins du monde, les joueurs rest\u00e9s \u00e0 Lyon cette semaine ont quand m\u00eame pu souffler un peu. Apr\u00e8s le revers face au PSG dimanche dernier, les joueurs de Paulo Fonseca n\u2019ont pas eu d\u2019entra\u00eenement lundi, puis ils ont eu droit \u00e0 un long week-end entre vendredi et ce lundi midi. M\u00eame si certains joueurs, comme Rachid Ghezzal ou Hans Hateboer, ont d\u00fb rester dans la capitale des Gaules pour refaire une petite pr\u00e9paration physique, tous les autres joueurs ont eu quartier libre, comme l\u2019explique <a href=\"https:\/\/www.lequipe.fr\/\" target=\"_blank\" rel=\"noopener\">L&rsquo;\u00c9quipe<\/a>.Fonseca va prier pour \u00e9viter les blessures<\/p>\n<p>Il faut dire que l\u2019objectif de cette tr\u00eave \u00e9tait avant tout de r\u00e9cup\u00e9rer apr\u00e8s et avant un long marathon de matchs. D\u00e9sormais, l\u2019objectif est clair : \u00ab Tenir le rythme jusqu&rsquo;\u00e0 No\u00ebl \u00bb. Ce qui ne sera pas chose facile, vu que d&rsquo;ici \u00e0 la tr\u00eave, Lyon \u00ab n&rsquo;aura qu&rsquo;une semaine normale \u00bb, comme le rappelle l\u2019adjoint Jorge Maciel. Ce sera entre la r\u00e9ception de Nantes le 30 novembre et le match \u00e0 Lorient le 7 d\u00e9cembre. Autour de cela, l\u2019OL va aussi devoir g\u00e9rer les matchs d\u2019Europa League, avec un long d\u00e9placement en Serbie pour affronter Tel Aviv. <\/p>\n<p>D\u2019ici \u00e0 No\u00ebl, l\u2019encha\u00eenement des matchs s\u2019annonce donc d\u00e9licat pour les Gones, surtout que Paulo Fonseca ne va pas pouvoir compter sur un groupe large, \u00e0 cause notamment de la blessure de Malick Fofana. L\u2019entra\u00eeneur portugais va d\u2019ailleurs prier pour ne pas avoir d\u2019autres blessures, car sinon, il va devoir piocher dans l\u2019\u00e9quipe r\u00e9serve en attendant l\u2019arriv\u00e9e du mercato hivernal, lors duquel Lyon pourrait recruter plusieurs joueurs majeurs pour aborder la deuxi\u00e8me partie de saison plus sereinement.<\/p>\n<p><img decoding=\"async\" src=\"https:\/\/www.europesays.com\/fr\/wp-content\/uploads\/2025\/11\/79.png\" alt=\"Olympique Lyonnais\" class=\"w-12 h-12 object-contain\"\/><img decoding=\"async\" class=\"w-4 h-4 left-[1.67px] top-[1.67px] absolute\" src=\"https:\/\/www.europesays.com\/fr\/wp-content\/uploads\/2025\/09\/301.png\" alt=\"Ligue 1\"\/><\/p>\n<p>Ligue 1<\/p>\n<p>09 novembre 2025 \u00e0 20:45<\/p>\n<p>Ligue 1<\/p>\n<p>06 novembre 2025 \u00e0 21:00<\/p>\n<p>Europa League<\/p>\n<p><img decoding=\"async\" src=\"https:\/\/www.europesays.com\/fr\/wp-content\/uploads\/2025\/11\/24469162.png\" alt=\"P. \u0160ulc\" class=\"w-16 h-16 object-cover rounded-full\"\/><\/p>\n<p>10.P. \u0160ulc<\/p>\n<p><img decoding=\"async\" src=\"https:\/\/www.europesays.com\/fr\/wp-content\/uploads\/2025\/11\/cz.png\" alt=\"CZE\" class=\"w-6 h-4 object-cover\"\/>CZE \u2022 \u00c2ge 24 \u2022 Milieu<img decoding=\"async\" src=\"https:\/\/www.europesays.com\/fr\/wp-content\/uploads\/2025\/11\/96122.png\" alt=\"C. Tolisso\" class=\"w-16 h-16 object-cover rounded-full\"\/><\/p>\n<p>8.C. Tolisso<\/p>\n<p><img decoding=\"async\" src=\"https:\/\/www.europesays.com\/fr\/wp-content\/uploads\/2025\/09\/fr.png\" alt=\"FRA\" class=\"w-6 h-4 object-cover\"\/>FRA \u2022 \u00c2ge 31 \u2022 Milieu<\/p>\n","protected":false},"excerpt":{"rendered":"D\u00e9j\u00e0 dans le dur avant la tr\u00eave internationale de novembre, l\u2019Olympique Lyonnais s\u2019attend \u00e0 vivre une fin d\u2019ann\u00e9e&hellip;\n","protected":false},"author":2,"featured_media":489291,"comment_status":"","ping_status":"","sticky":false,"template":"","format":"standard","meta":{"footnotes":""},"categories":[1889],"tags":[1111,11,2430,1777,674,1011,27,2428,12,241,25],"class_list":{"0":"post-539103","1":"post","2":"type-post","3":"status-publish","4":"format-standard","5":"has-post-thumbnail","7":"category-lyon","8":"tag-actu","9":"tag-actualites","10":"tag-auvergne-rhone-alpes","11":"tag-eu","12":"tag-europe","13":"tag-fr","14":"tag-france","15":"tag-lyon","16":"tag-news","17":"tag-ol","18":"tag-republique-francaise"},"share_on_mastodon":{"url":"https:\/\/pubeurope.com\/@fr\/115562046524899184","error":""},"_links":{"self":[{"href":"https:\/\/www.europesays.com\/fr\/wp-json\/wp\/v2\/posts\/539103","targetHints":{"allow":["GET"]}}],"collection":[{"href":"https:\/\/www.europesays.com\/fr\/wp-json\/wp\/v2\/posts"}],"about":[{"href":"https:\/\/www.europesays.com\/fr\/wp-json\/wp\/v2\/types\/post"}],"author":[{"embeddable":true,"href":"https:\/\/www.europesays.com\/fr\/wp-json\/wp\/v2\/users\/2"}],"replies":[{"embeddable":true,"href":"https:\/\/www.europesays.com\/fr\/wp-json\/wp\/v2\/comments?post=539103"}],"version-history":[{"count":0,"href":"https:\/\/www.europesays.com\/fr\/wp-json\/wp\/v2\/posts\/539103\/revisions"}],"wp:featuredmedia":[{"embeddable":true,"href":"https:\/\/www.europesays.com\/fr\/wp-json\/wp\/v2\/media\/489291"}],"wp:attachment":[{"href":"https:\/\/www.europesays.com\/fr\/wp-json\/wp\/v2\/media?parent=539103"}],"wp:term":[{"taxonomy":"category","embeddable":true,"href":"https:\/\/www.europesays.com\/fr\/wp-json\/wp\/v2\/categories?post=539103"},{"taxonomy":"post_tag","embeddable":true,"href":"https:\/\/www.europesays.com\/fr\/wp-json\/wp\/v2\/tags?post=539103"}],"curies":[{"name":"wp","href":"https:\/\/api.w.org\/{rel}","templated":true}]}}