{"id":539108,"date":"2025-11-16T23:50:18","date_gmt":"2025-11-16T23:50:18","guid":{"rendered":"https:\/\/www.europesays.com\/fr\/539108\/"},"modified":"2025-11-16T23:50:18","modified_gmt":"2025-11-16T23:50:18","slug":"eva-longoria-rayonne-a-paris-en-look-retro-avec-son-mari-leur-fils-santiago-7-ans-attire-les-regards-avec-sa-coupe-stylee-2","status":"publish","type":"post","link":"https:\/\/www.europesays.com\/fr\/539108\/","title":{"rendered":"Eva Longoria rayonne \u00e0 Paris en look r\u00e9tro avec son mari, leur fils Santiago (7 ans) attire les regards avec sa coupe styl\u00e9e."},"content":{"rendered":"<p class=\"mb-4 text-lg md:leading-8 break-words\">\u00c9clat, glamour et g\u00e9n\u00e9rosit\u00e9 \u00e9taient au rendez-vous au Four Seasons George V, o\u00f9 Eva Longoria, venue en famille, a illumin\u00e9 la soir\u00e9e parisienne de la Global Gift Foundation. Entour\u00e9e de personnalit\u00e9s issues du cin\u00e9ma, de la mode et de la musique, l\u2019actrice a assist\u00e9 \u00e0 un gala plac\u00e9 sous le signe de la solidarit\u00e9, rythm\u00e9 par des performances artistiques et la remise de prestigieuses distinctions humanitaires.<\/p>\n<p class=\"mb-4 text-lg md:leading-8 break-words\">Le 8 novembre 2025, <a href=\"https:\/\/www.purepeople.com\/people\/eva-longoria_p298\" rel=\"nofollow noopener\" target=\"_blank\" data-ylk=\"slk:Eva Longoria;elm:context_link;itc:0;sec:content-canvas\" class=\"link \">Eva Longoria<\/a> a fait une apparition remarqu\u00e9e au sein du prestigieux h\u00f4tel Four Seasons George V, \u00e0 Paris, o\u00f9 se tenait la soir\u00e9e de la Global Gift Foundation. Escort\u00e9e de son fils <a href=\"https:\/\/fr.news.yahoo.com\/seulement-6-ans-fils-deva-211100910.html\" data-ylk=\"slk:Santiago;elm:context_link;itc:0;sec:content-canvas;outcm:mb_qualified_link;_E:mb_qualified_link;ct:story;\" class=\"link  yahoo-link\" rel=\"nofollow noopener\" target=\"_blank\">Santiago<\/a>, \u00e2g\u00e9 de 7 ans, et de son mari <a href=\"https:\/\/www.purepeople.com\/article\/eva-longoria-folle-de-son-mari-jose-antonio-baston-l-amour-passion-a-capri_a344390\/1\" rel=\"nofollow noopener\" target=\"_blank\" data-ylk=\"slk:Jos\u00e9 Antonio Bast\u00f3n;elm:context_link;itc:0;sec:content-canvas\" class=\"link \">Jos\u00e9 Antonio Bast\u00f3n<\/a>, l\u2019actrice de 50 ans a illumin\u00e9 les lieux de sa prestance. Drap\u00e9e dans une somptueuse robe sir\u00e8ne blanche, enti\u00e8rement perl\u00e9e, elle offrait l\u2019image d\u2019une silhouette sculpt\u00e9e, sublim\u00e9e par l\u2019\u00e9clat d\u00e9licat des perles.<\/p>\n<p class=\"mb-4 text-lg md:leading-8 break-words\">Son carr\u00e9 brun, coiff\u00e9 dans un style Old Hollywood par Ivan Gomez, encadrait son visage avec une \u00e9l\u00e9gance intemporelle, tandis qu\u2019une constellation de bracelets et de bagues en diamants compl\u00e9tait l\u2019ensemble avec \u00e9clat. Son fils, d\u00e9sormais bien grand, arborait une coiffure d\u00e9grad\u00e9e des plus styl\u00e9es, tandis que son \u00e9poux se tenait \u00e0 ses c\u00f4t\u00e9s avec la discr\u00e8te assurance des hommes habitu\u00e9s aux soir\u00e9es caritatives de ce rang.<\/p>\n<p><img alt=\"Exclusif - Eva Longoria et son fils Santiago Enrique Baston - Global Gift Gala Paris \u00e0 l'h\u00f4tel Four Seasons George V \u00e0 Paris le 8 novembre 2025. \u00a9 Cyril Moreau\/Bestimage\" loading=\"lazy\" width=\"960\" height=\"1438\" decoding=\"async\" data-nimg=\"1\" class=\"rounded-lg\" style=\"color:transparent\" src=\"https:\/\/www.europesays.com\/fr\/wp-content\/uploads\/2025\/11\/26ec8aa7fffeccdb21a5b3a4b16c9543.jpeg\"\/><\/p>\n<p>\u00a9 BestImage, CYRIL MOREAU \/ BESTIMAGE<\/p>\n<p class=\"mb-4 text-lg md:leading-8 break-words\">\u00c0 quelques pas, <a href=\"https:\/\/fr.news.yahoo.com\/dort-terrasse-cindy-bruna-livre-170300881.html\" data-ylk=\"slk:Cindy Bruna;elm:context_link;itc:0;sec:content-canvas;outcm:mb_qualified_link;_E:mb_qualified_link;ct:story;\" class=\"link  yahoo-link\" rel=\"nofollow noopener\" target=\"_blank\">Cindy Bruna<\/a> \u2014 honor\u00e9e du Global Gift Humanitarian Award \u2014 se d\u00e9ployait dans une robe noire moulante qui soulignait avec finesse sa silhouette \u00e9lanc\u00e9e. Monika Kowalska, quant \u00e0 elle, avait choisi une robe sans manches \u00e0 imprim\u00e9 l\u00e9opard, dont la fente vertigineuse r\u00e9v\u00e9lait avec audace sa jambe gauche. <a href=\"https:\/\/fr.news.yahoo.com\/lena-situations-peu-couverte-chez-180100770.html\" data-ylk=\"slk:Carla Ginola;elm:context_link;itc:0;sec:content-canvas;outcm:mb_qualified_link;_E:mb_qualified_link;ct:story;\" class=\"link  yahoo-link\" rel=\"nofollow noopener\" target=\"_blank\">Carla Ginola<\/a> resplendissait dans une robe rouge \u00e9clatante, <a href=\"https:\/\/www.purepeople.com\/people\/joyce-jonathan_p2610\" rel=\"nofollow noopener\" target=\"_blank\" data-ylk=\"slk:Joyce Jonathan;elm:context_link;itc:0;sec:content-canvas\" class=\"link \">Joyce Jonathan<\/a> scintillait dans une mini-robe dor\u00e9e, tandis que la ma\u00eetresse de c\u00e9r\u00e9monie Sandy Heribert et Saona Rapetto arboraient toutes deux de sobres et \u00e9l\u00e9gantes robes noires.<\/p>\n<p class=\"mb-4 text-lg md:leading-8 break-words\">Slimane et Joyce Jonathan sur sc\u00e8ne<\/p>\n<p class=\"mb-4 text-lg md:leading-8 break-words\">Rappelons que la Global Gift Foundation \u0153uvre en faveur d\u2019initiatives humanitaires consacr\u00e9es \u00e0 l\u2019\u00e9ducation, \u00e0 la sant\u00e9 et au bien-\u00eatre des enfants et des femmes \u00e0 travers le monde. Au cours de la soir\u00e9e, les voix de <a href=\"https:\/\/www.purepeople.com\/people\/slimane_p547128\" rel=\"nofollow noopener\" target=\"_blank\" data-ylk=\"slk:Slimane;elm:context_link;itc:0;sec:content-canvas\" class=\"link \">Slimane<\/a>, <a href=\"https:\/\/fr.news.yahoo.com\/joyce-jonathan-apr%C3%A8s-lannonce-fin-153200434.html\" data-ylk=\"slk:Joyce Jonathan;elm:context_link;itc:0;sec:content-canvas;outcm:mb_qualified_link;_E:mb_qualified_link;ct:story;\" class=\"link  yahoo-link\" rel=\"nofollow noopener\" target=\"_blank\">Joyce Jonathan<\/a> et <a href=\"https:\/\/fr.news.yahoo.com\/claudio-cap%C3%A9o-pens%C3%A9-%C3%A0-foutre-131700995.html\" data-ylk=\"slk:Claudio Cap\u00e9o;elm:context_link;itc:0;sec:content-canvas;outcm:mb_qualified_link;_E:mb_qualified_link;ct:story;\" class=\"link  yahoo-link\" rel=\"nofollow noopener\" target=\"_blank\">Claudio Cap\u00e9o<\/a> ont r\u00e9sonn\u00e9 sur sc\u00e8ne, offrant des instants musicaux suspendus. Parmi les invit\u00e9s figuraient, entre autres, Amaury Nolasco \u2014 c\u00e9l\u00e8bre pour son r\u00f4le dans Prison Break \u2014, Ellie Greenberg, laur\u00e9ate du Global Gift Women Empowerment Award, <a href=\"https:\/\/fr.news.yahoo.com\/joeystarr-couple-pauline-latchoumanin-nouvelle-201600494.html\" data-ylk=\"slk:JoeyStarr accompagn\u00e9 de Pauline Latchoumanin;elm:context_link;itc:0;sec:content-canvas;outcm:mb_qualified_link;_E:mb_qualified_link;ct:story;\" class=\"link  yahoo-link\" rel=\"nofollow noopener\" target=\"_blank\">JoeyStarr accompagn\u00e9 de Pauline Latchoumanin<\/a>, ainsi qu\u2019<a href=\"https:\/\/www.purepeople.com\/people\/helene-segara_p304\" rel=\"nofollow noopener\" target=\"_blank\" data-ylk=\"slk:H\u00e9l\u00e8ne S\u00e9gara;elm:context_link;itc:0;sec:content-canvas\" class=\"link \">H\u00e9l\u00e8ne S\u00e9gara<\/a>, Richard Orlinski, Jonathan Jenvrin, <a href=\"https:\/\/www.purepeople.com\/article\/ary-abittan-et-medi-sadoun-interview-les-heros-du-bon-dieu-debarquent_a192174\/1\" rel=\"nofollow noopener\" target=\"_blank\" data-ylk=\"slk:Medi Sadoun;elm:context_link;itc:0;sec:content-canvas\" class=\"link \">Medi Sadoun<\/a> et bien d\u2019autres encore.<\/p>\n<p class=\"mb-4 text-lg md:leading-8 break-words\">Une soir\u00e9e qui, une fois encore, a r\u00e9uni personnalit\u00e9s et artistes autour d\u2019une cause commune, rappelant l\u2019importance de l\u2019engagement et de la solidarit\u00e9.<\/p>\n<p class=\"mb-4 text-lg md:leading-8 break-words\"><a href=\"https:\/\/www.purepeople.com\/article\/eva-longoria-rayonne-en-look-retro-avec-son-mari-leur-fils-santiago-7-ans-attire-les-regards-avec-sa-coupe-stylee_a544640\/1\" rel=\"nofollow noopener\" target=\"_blank\" data-ylk=\"slk:Article original sur Purepeople;elm:context_link;itc:0;sec:content-canvas\" class=\"link \">Article original sur Purepeople<\/a><\/p>\n","protected":false},"excerpt":{"rendered":"\u00c9clat, glamour et g\u00e9n\u00e9rosit\u00e9 \u00e9taient au rendez-vous au Four Seasons George V, o\u00f9 Eva Longoria, venue en famille,&hellip;\n","protected":false},"author":2,"featured_media":539109,"comment_status":"","ping_status":"","sticky":false,"template":"","format":"standard","meta":{"footnotes":""},"categories":[1888],"tags":[1111,1928,11,1927,1777,674,6724,65792,1011,27,65794,65793,17032,12,1926,626,1925,25,65795],"class_list":{"0":"post-539108","1":"post","2":"type-post","3":"status-publish","4":"format-standard","5":"has-post-thumbnail","7":"category-paris","8":"tag-actu","9":"tag-actu-paris","10":"tag-actualites","11":"tag-actualites-paris","12":"tag-eu","13":"tag-europe","14":"tag-eva-longoria","15":"tag-four-seasons-george-v","16":"tag-fr","17":"tag-france","18":"tag-gift-foundation","19":"tag-global-gift-foundation","20":"tag-joyce-jonathan","21":"tag-news","22":"tag-news-paris","23":"tag-paris","24":"tag-paris-news","25":"tag-republique-francaise","26":"tag-soiree-parisienne"},"share_on_mastodon":{"url":"https:\/\/pubeurope.com\/@fr\/115562062725253309","error":""},"_links":{"self":[{"href":"https:\/\/www.europesays.com\/fr\/wp-json\/wp\/v2\/posts\/539108","targetHints":{"allow":["GET"]}}],"collection":[{"href":"https:\/\/www.europesays.com\/fr\/wp-json\/wp\/v2\/posts"}],"about":[{"href":"https:\/\/www.europesays.com\/fr\/wp-json\/wp\/v2\/types\/post"}],"author":[{"embeddable":true,"href":"https:\/\/www.europesays.com\/fr\/wp-json\/wp\/v2\/users\/2"}],"replies":[{"embeddable":true,"href":"https:\/\/www.europesays.com\/fr\/wp-json\/wp\/v2\/comments?post=539108"}],"version-history":[{"count":0,"href":"https:\/\/www.europesays.com\/fr\/wp-json\/wp\/v2\/posts\/539108\/revisions"}],"wp:featuredmedia":[{"embeddable":true,"href":"https:\/\/www.europesays.com\/fr\/wp-json\/wp\/v2\/media\/539109"}],"wp:attachment":[{"href":"https:\/\/www.europesays.com\/fr\/wp-json\/wp\/v2\/media?parent=539108"}],"wp:term":[{"taxonomy":"category","embeddable":true,"href":"https:\/\/www.europesays.com\/fr\/wp-json\/wp\/v2\/categories?post=539108"},{"taxonomy":"post_tag","embeddable":true,"href":"https:\/\/www.europesays.com\/fr\/wp-json\/wp\/v2\/tags?post=539108"}],"curies":[{"name":"wp","href":"https:\/\/api.w.org\/{rel}","templated":true}]}}