{"id":539114,"date":"2025-11-16T23:53:19","date_gmt":"2025-11-16T23:53:19","guid":{"rendered":"https:\/\/www.europesays.com\/fr\/539114\/"},"modified":"2025-11-16T23:53:19","modified_gmt":"2025-11-16T23:53:19","slug":"greenpeace-denonce-la-reprise-dexportations-francaises-duranium-vers-la-russie-en-pleine-guerre-en-ukraine","status":"publish","type":"post","link":"https:\/\/www.europesays.com\/fr\/539114\/","title":{"rendered":"Greenpeace d\u00e9nonce la reprise d&rsquo;exportations fran\u00e7aises d&rsquo;uranium vers la Russie, en pleine guerre en Ukraine"},"content":{"rendered":"\n<p class=\"c-chapo \">\n  L&rsquo;ONG a film\u00e9 samedi, \u00e0 Dunkerque, le chargement \u00e0 Dunkerque d&rsquo;uranium de retraitement \u00e0 destination de la Russie. Un chargement qui n&rsquo;est \u00ab\u00a0pas ill\u00e9gal\u00a0\u00bb, mais \u00ab\u00a0immoral\u00a0\u00bb, estime l&rsquo;organisation.\n<\/p>\n<p>      lire plus tard<\/p>\n<p id=\"dialog__title\" class=\"dialog__title\">Pour sauvegarder cet article, connectez-vous ou cr\u00e9ez un compte franceinfo<\/p>\n<p class=\"dialog__description\">Sans paiement. Sans abonnement.<\/p>\n<p>        Fermer la fen\u00eatre d\u2019activation des notifications France Info<\/p>\n<p>      cr\u00e9er votre compte<\/p>\n<p>      se connecter<\/p>\n<p>        Fermer la fen\u00eatre de pr\u00e9sentation<\/p>\n<p>    <img loading=\"lazy\" decoding=\"async\" class=\"signature__image lazyload\" width=\"100\" height=\"100\" data- alt=\"\" src=\"https:\/\/www.europesays.com\/fr\/wp-content\/uploads\/2025\/05\/64a68815cd1a7_placeholder-36b69ec8.png\"\/><\/p>\n<p>    Publi\u00e9 le 16\/11\/2025 19:16<\/p>\n<p>        Temps de lecture : 2min<\/p>\n<p>    <img decoding=\"async\"  alt=\"Un militant de Greenpeace \u00e0 Poitiers (Vienne), le 25 mars 2025. (JEAN-FRANCOIS FORT \/ HANS LUCAS \/ AFP)\" width=\"432\" height=\"243\" src=\"https:\/\/www.europesays.com\/fr\/wp-content\/uploads\/2025\/11\/080-hl-jffort-2715897-691a14aa6f1b0296084730.jpg\" fetchpriority=\"high\"\/><\/p>\n<p>      Un militant de Greenpeace \u00e0 Poitiers (Vienne), le 25 mars 2025. (JEAN-FRANCOIS FORT \/ HANS LUCAS \/ AFP)<\/p>\n<p>Greenpeace a d\u00e9nonc\u00e9 dimanche 16 novembre aupr\u00e8s de l&rsquo;AFP l'\u00a0\u00bbintensification\u00a0\u00bb <a href=\"https:\/\/www.franceinfo.fr\/environnement\/energie\/nucleaire\/nucleaire-greenpeace-denonce-une-livraison-scandaleuse-a-la-france-d-uranium-en-provenance-de-russie_5722223.html\" rel=\"nofollow noopener\" target=\"_blank\">du commerce nucl\u00e9aire entre la France et la Russie<\/a> en pleine guerre en Ukraine, apr\u00e8s avoir observ\u00e9 samedi le chargement \u00e0 Dunkerque (Nord) d&rsquo;uranium de retraitement \u00e0 destination de la Russie. Greenpeace France a film\u00e9 samedi \u00e0 Dunkerque le chargement d&rsquo;une dizaine de conteneurs avec des \u00e9tiquettes radioactives \u00e0 bord du cargo Mikhail Dudin.<\/p>\n<p>Selon l&rsquo;ONG, le Mikha\u00efl Dudin, immatricul\u00e9 sous un pavillon de complaisance (Panama), <a href=\"https:\/\/www.franceinfo.fr\/monde\/europe\/manifestations-en-ukraine\/nucleaire-greenpeace-denonce-la-poursuite-scandaleuse-du-commerce-d-uranium-entre-la-france-et-la-russie_5513169.html\" rel=\"nofollow noopener\" target=\"_blank\">se rend r\u00e9guli\u00e8rement \u00e0 Dunkerque pour d\u00e9charger de l&rsquo;uranium enrichi<\/a> ou de l&rsquo;uranium naturel charg\u00e9 \u00e0 Saint-P\u00e9tersbourg. Mais c&rsquo;est la premi\u00e8re exportation vers la Russie d&rsquo;uranium de retraitement (URT) que Greenpeace dit observer depuis plus de trois ans.<\/p>\n<p>\u00ab\u00a0Ce n&rsquo;est pas ill\u00e9gal, mais c&rsquo;est immoral\u00a0\u00bb, a d\u00e9clar\u00e9 \u00e0 l&rsquo;AFP Pauline Boyer, charg\u00e9e de campagne nucl\u00e9aire pour Greenpeace France.<\/p>\n<blockquote class=\"ftvi_content_quote\">\n<p class=\"ftvi_citation_quote\">\u00ab\u00a0La France devrait stopper ses contrats avec Rosatom, une entreprise \u00e9tatique qui occupe depuis plus de trois ans la centrale nucl\u00e9aire ukrainienne de Zaporijjia, une premi\u00e8re dans l&rsquo;histoire d&rsquo;une guerre.\u00a0\u00bb<\/p>\n<p>Pauline Boyer, charg\u00e9e de campagne nucl\u00e9aire \u00e0 Greenpeace France<\/p>\n<p class=\"ftvi_citation_source\">\u00e0 l&rsquo;AFP<\/p>\n<\/blockquote>\n<p>EDF a sign\u00e9 en 2018 un contrat de 600 millions d&rsquo;euros avec une filiale de l&rsquo;entreprise \u00e9tatique Rosatom, Tenex, pour \u00ab\u00a0le recyclage de l&rsquo;uranium retrait\u00e9\u00a0\u00bb. Ces op\u00e9rations <a href=\"https:\/\/www.franceinfo.fr\/environnement\/energie\/nucleaire\/vrai-ou-fake-nucleaire-la-france-importe-t-elle-de-l-uranium-de-russie-comme-l-affirme-cecile-duflot_5398636.html\" rel=\"nofollow noopener\" target=\"_blank\">ne sont pas sous le coup des sanctions internationales<\/a> qui frappent la Russie. Rosatom poss\u00e8de le seul site dans le monde capable de r\u00e9aliser l&rsquo;\u00e9tape de conversion de l&rsquo;uranium de retraitement, avant son r\u00e9enrichissement, qui peut lui \u00eatre r\u00e9alis\u00e9 en Russie ou aux Pays-Bas. Il devient alors de l&rsquo;URE (uranium de retraitement enrichi).<\/p>\n<p>Sollicit\u00e9s par l&rsquo;AFP, le minist\u00e8re fran\u00e7ais de l&rsquo;Energie, EDF et Orano, un autre client potentiel de Rosatom, n&rsquo;ont pas donn\u00e9 suite. L&rsquo;ONG affirme que le gouvernement fran\u00e7ais avait \u00ab\u00a0ordonn\u00e9 \u00e0 EDF de stopper ses exportations d&rsquo;uranium de retraitement vers la Russie en 2022\u00a0\u00bb, \u00e0 la suite des r\u00e9v\u00e9lations par Greenpeace France de l&rsquo;envoi d&rsquo;URT en Russie juste apr\u00e8s le d\u00e9but de l&rsquo;invasion globale de l&rsquo;Ukraine.<\/p>\n","protected":false},"excerpt":{"rendered":"L&rsquo;ONG a film\u00e9 samedi, \u00e0 Dunkerque, le chargement \u00e0 Dunkerque d&rsquo;uranium de retraitement \u00e0 destination de la Russie.&hellip;\n","protected":false},"author":2,"featured_media":539115,"comment_status":"","ping_status":"","sticky":false,"template":"","format":"standard","meta":{"footnotes":""},"categories":[1591],"tags":[11,1887,12,1885,1886,132],"class_list":{"0":"post-539114","1":"post","2":"type-post","3":"status-publish","4":"format-standard","5":"has-post-thumbnail","7":"category-russie","8":"tag-actualites","9":"tag-federation-de-russie","10":"tag-news","11":"tag-russia","12":"tag-russian-federation","13":"tag-russie"},"share_on_mastodon":{"url":"https:\/\/pubeurope.com\/@fr\/115562074536862805","error":""},"_links":{"self":[{"href":"https:\/\/www.europesays.com\/fr\/wp-json\/wp\/v2\/posts\/539114","targetHints":{"allow":["GET"]}}],"collection":[{"href":"https:\/\/www.europesays.com\/fr\/wp-json\/wp\/v2\/posts"}],"about":[{"href":"https:\/\/www.europesays.com\/fr\/wp-json\/wp\/v2\/types\/post"}],"author":[{"embeddable":true,"href":"https:\/\/www.europesays.com\/fr\/wp-json\/wp\/v2\/users\/2"}],"replies":[{"embeddable":true,"href":"https:\/\/www.europesays.com\/fr\/wp-json\/wp\/v2\/comments?post=539114"}],"version-history":[{"count":0,"href":"https:\/\/www.europesays.com\/fr\/wp-json\/wp\/v2\/posts\/539114\/revisions"}],"wp:featuredmedia":[{"embeddable":true,"href":"https:\/\/www.europesays.com\/fr\/wp-json\/wp\/v2\/media\/539115"}],"wp:attachment":[{"href":"https:\/\/www.europesays.com\/fr\/wp-json\/wp\/v2\/media?parent=539114"}],"wp:term":[{"taxonomy":"category","embeddable":true,"href":"https:\/\/www.europesays.com\/fr\/wp-json\/wp\/v2\/categories?post=539114"},{"taxonomy":"post_tag","embeddable":true,"href":"https:\/\/www.europesays.com\/fr\/wp-json\/wp\/v2\/tags?post=539114"}],"curies":[{"name":"wp","href":"https:\/\/api.w.org\/{rel}","templated":true}]}}