{"id":539118,"date":"2025-11-16T23:55:13","date_gmt":"2025-11-16T23:55:13","guid":{"rendered":"https:\/\/www.europesays.com\/fr\/539118\/"},"modified":"2025-11-16T23:55:13","modified_gmt":"2025-11-16T23:55:13","slug":"apres-lexploit-contre-les-usa-le-maroc-prepare-le-choc-face-au-mali","status":"publish","type":"post","link":"https:\/\/www.europesays.com\/fr\/539118\/","title":{"rendered":"Apr\u00e8s l\u2019exploit contre les USA, le Maroc pr\u00e9pare le choc face au Mali"},"content":{"rendered":"<p>Nabil Baha s\u2019est f\u00e9licit\u00e9 de la qualification du Maroc pour les huiti\u00e8mes de finale de la Coupe du Monde de football, apr\u00e8s sa victoire face \u00e0 l\u2019\u00e9quipe des \u00c9tats-Unis par 4 tirs au but \u00e0 3 (temps r\u00e9glementaire\u00a0: 1-1), aux 16\u1d49\u02e2 de finale, vendredi \u00e0 l\u2019Aspire Zone \u00e0 Doha. \u00ab\u00a0Je suis heureux de cette qualification et d\u2019atteindre les huiti\u00e8mes de finale du Mondial. Plus on avance dans les tours, plus chaque match devient plus difficile que le pr\u00e9c\u00e9dent, et cela renforce notre envie de gagner et de poursuivre notre parcours\u00a0\u00bb, a-t-il dit.<\/p>\n<p><strong>\u00c0 lire\u00a0: <a href=\"https:\/\/www.bladi.net\/mondial-u17-abdellah-ouazane-joueur-ajax-qui-faillit-signer-real,117935.html\" class=\"spip_in\" rel=\"nofollow noopener\" target=\"_blank\">Mondial U17\u00a0: Abdellah Ouazane, le joueur de l\u2019Ajax qui faillit signer au Real Madrid, sauve le Maroc<\/a><\/strong><\/p>\n<p>Il promet de \u00ab\u00a0corriger les erreurs d\u2019un match \u00e0 l\u2019autre, et de veiller \u00e0 maintenir la concentration jusqu\u2019au coup de sifflet final\u00a0; car les joueurs sont jeunes, et parfois ils oublient l\u2019importance de la discipline tactique. C\u2019est notre r\u00f4le de les alerter et de remettre les choses en ordre.\u00a0\u00bb L\u2019entra\u00eeneur des Lionceaux de l\u2019Atlas poursuit\u00a0:\u00ab\u00a0Je motive les joueurs en leur disant\u00a0: vous devez gagner pour rester ici, au lieu de rentrer \u00e0 la maison et de vous conformer aux horaires scolaires chaque matin.\u00a0\u00bb<\/p>\n<p><strong>\u00c0 lire\u00a0: <a href=\"https:\/\/www.bladi.net\/maroc-est-cauchemar-football-americain-usa-reagissent-fair-play,117911.html\" class=\"spip_in\" rel=\"nofollow noopener\" target=\"_blank\">\u00ab\u00a0Le Maroc est le cauchemar du football am\u00e9ricain\u202f\u00a0\u00bb\u00a0: les USA r\u00e9agissent avec fair-play<\/a><\/strong><\/p>\n<p>Apr\u00e8s cette qualification, les Lionceaux de l\u2019Atlas vont croiser les crampons avec le Mali, mardi, pour tenter de leur ticket pour la prochaine \u00e9tape de la comp\u00e9tition. Samedi, l\u2019heure \u00e9tait \u00e0 l\u2019entra\u00eenement, au terrain annexe n\u00b05 du stade Al Thumama \u00e0 Doha. Au menu de cette s\u00e9ance\u00a0: l\u2019\u00e9limination de la fatigue et la r\u00e9cup\u00e9ration de la condition physique, en plus de matchs r\u00e9duits entre les joueurs visant \u00e0 poursuivre le d\u00e9veloppement de la coh\u00e9sion et des m\u00e9canismes collectifs au sein de l\u2019\u00e9quipe.<\/p>\n","protected":false},"excerpt":{"rendered":"Nabil Baha s\u2019est f\u00e9licit\u00e9 de la qualification du Maroc pour les huiti\u00e8mes de finale de la Coupe du&hellip;\n","protected":false},"author":2,"featured_media":539119,"comment_status":"","ping_status":"","sticky":false,"template":"","format":"standard","meta":{"footnotes":""},"categories":[1589],"tags":[11,73,1866,12,1864,1865,1863,308],"class_list":{"0":"post-539118","1":"post","2":"type-post","3":"status-publish","4":"format-standard","5":"has-post-thumbnail","7":"category-etats-unis","8":"tag-actualites","9":"tag-etats-unis","10":"tag-etats-unis-damerique","11":"tag-news","12":"tag-united-states","13":"tag-united-states-of-america","14":"tag-us","15":"tag-usa"},"share_on_mastodon":{"url":"https:\/\/pubeurope.com\/@fr\/115562081863680972","error":""},"_links":{"self":[{"href":"https:\/\/www.europesays.com\/fr\/wp-json\/wp\/v2\/posts\/539118","targetHints":{"allow":["GET"]}}],"collection":[{"href":"https:\/\/www.europesays.com\/fr\/wp-json\/wp\/v2\/posts"}],"about":[{"href":"https:\/\/www.europesays.com\/fr\/wp-json\/wp\/v2\/types\/post"}],"author":[{"embeddable":true,"href":"https:\/\/www.europesays.com\/fr\/wp-json\/wp\/v2\/users\/2"}],"replies":[{"embeddable":true,"href":"https:\/\/www.europesays.com\/fr\/wp-json\/wp\/v2\/comments?post=539118"}],"version-history":[{"count":0,"href":"https:\/\/www.europesays.com\/fr\/wp-json\/wp\/v2\/posts\/539118\/revisions"}],"wp:featuredmedia":[{"embeddable":true,"href":"https:\/\/www.europesays.com\/fr\/wp-json\/wp\/v2\/media\/539119"}],"wp:attachment":[{"href":"https:\/\/www.europesays.com\/fr\/wp-json\/wp\/v2\/media?parent=539118"}],"wp:term":[{"taxonomy":"category","embeddable":true,"href":"https:\/\/www.europesays.com\/fr\/wp-json\/wp\/v2\/categories?post=539118"},{"taxonomy":"post_tag","embeddable":true,"href":"https:\/\/www.europesays.com\/fr\/wp-json\/wp\/v2\/tags?post=539118"}],"curies":[{"name":"wp","href":"https:\/\/api.w.org\/{rel}","templated":true}]}}