{"id":539122,"date":"2025-11-16T23:57:14","date_gmt":"2025-11-16T23:57:14","guid":{"rendered":"https:\/\/www.europesays.com\/fr\/539122\/"},"modified":"2025-11-16T23:57:14","modified_gmt":"2025-11-16T23:57:14","slug":"slovaquie-heure-chaine-tv-ou-voir-le-match-a-la-television-ou-en-streaming","status":"publish","type":"post","link":"https:\/\/www.europesays.com\/fr\/539122\/","title":{"rendered":"Slovaquie : heure, cha\u00eene TV&#8230; O\u00f9 voir le match \u00e0 la t\u00e9l\u00e9vision ou en\u00a0streaming\u00a0?"},"content":{"rendered":"<p>Le coup d\u2019envoi du match entre l&rsquo;Allemagne et la Slovaquie est pr\u00e9vu pour 20h45. La rencontre sera diffus\u00e9e en direct sur L&rsquo;Equipe Live Foot, et vous pourrez \u00e9galement la regarder en streaming sur les plateformes concern\u00e9es.<\/p>\n<p>Ne manquez pas cette occasion de vivre chaque moment du jeu et de soutenir votre \u00e9quipe favorite. Assurez-vous de rester connect\u00e9 pour ne rien rater de cette soir\u00e9e sportive passionnante, que ce soit devant votre t\u00e9l\u00e9viseur ou en streaming.<\/p>\n<p>   Partagez cette info avec vos amis et vos proches en cliquant ici<br \/> Pour r\u00e9sumer<\/p>\n<p>Le match entre l&rsquo;Allemagne et la Slovaquie commence \u00e0 20h45. Retrouvez toutes les informations pour le suivre en direct. Vous pouvez suivre l\u2019action en direct sur L&rsquo;Equipe Live Foot ou en streaming via les plateformes concern\u00e9es pour une exp\u00e9rience immersive.<\/p>\n<p>R\u00e9dacteur<\/p>\n<p><img decoding=\"async\" width=\"76\" height=\"76\" loading=\"lazy\" src=\"https:\/\/www.europesays.com\/fr\/wp-content\/uploads\/2025\/04\/avatar-onze.webp.webp\" alt=\"Nathan Bricout\"\/><\/p>\n","protected":false},"excerpt":{"rendered":"Le coup d\u2019envoi du match entre l&rsquo;Allemagne et la Slovaquie est pr\u00e9vu pour 20h45. La rencontre sera diffus\u00e9e&hellip;\n","protected":false},"author":2,"featured_media":539123,"comment_status":"","ping_status":"","sticky":false,"template":"","format":"standard","meta":{"footnotes":""},"categories":[1587],"tags":[11,672,1804,451,1805,1803,1777,674,1801,12,1802],"class_list":{"0":"post-539122","1":"post","2":"type-post","3":"status-publish","4":"format-standard","5":"has-post-thumbnail","7":"category-allemagne","8":"tag-actualites","9":"tag-allemagne","10":"tag-bundesrepublik-deutschland","11":"tag-coupe-du-monde","12":"tag-de","13":"tag-deutschland","14":"tag-eu","15":"tag-europe","16":"tag-germany","17":"tag-news","18":"tag-republique-federale-dallemagne"},"share_on_mastodon":{"url":"https:\/\/pubeurope.com\/@fr\/115562090632527465","error":""},"_links":{"self":[{"href":"https:\/\/www.europesays.com\/fr\/wp-json\/wp\/v2\/posts\/539122","targetHints":{"allow":["GET"]}}],"collection":[{"href":"https:\/\/www.europesays.com\/fr\/wp-json\/wp\/v2\/posts"}],"about":[{"href":"https:\/\/www.europesays.com\/fr\/wp-json\/wp\/v2\/types\/post"}],"author":[{"embeddable":true,"href":"https:\/\/www.europesays.com\/fr\/wp-json\/wp\/v2\/users\/2"}],"replies":[{"embeddable":true,"href":"https:\/\/www.europesays.com\/fr\/wp-json\/wp\/v2\/comments?post=539122"}],"version-history":[{"count":0,"href":"https:\/\/www.europesays.com\/fr\/wp-json\/wp\/v2\/posts\/539122\/revisions"}],"wp:featuredmedia":[{"embeddable":true,"href":"https:\/\/www.europesays.com\/fr\/wp-json\/wp\/v2\/media\/539123"}],"wp:attachment":[{"href":"https:\/\/www.europesays.com\/fr\/wp-json\/wp\/v2\/media?parent=539122"}],"wp:term":[{"taxonomy":"category","embeddable":true,"href":"https:\/\/www.europesays.com\/fr\/wp-json\/wp\/v2\/categories?post=539122"},{"taxonomy":"post_tag","embeddable":true,"href":"https:\/\/www.europesays.com\/fr\/wp-json\/wp\/v2\/tags?post=539122"}],"curies":[{"name":"wp","href":"https:\/\/api.w.org\/{rel}","templated":true}]}}