{"id":539137,"date":"2025-11-17T00:07:13","date_gmt":"2025-11-17T00:07:13","guid":{"rendered":"https:\/\/www.europesays.com\/fr\/539137\/"},"modified":"2025-11-17T00:07:13","modified_gmt":"2025-11-17T00:07:13","slug":"jack-draper-fixe-ses-objectifs-pour-2026","status":"publish","type":"post","link":"https:\/\/www.europesays.com\/fr\/539137\/","title":{"rendered":"Jack Draper fixe ses objectifs pour 2026"},"content":{"rendered":"<p>                <img decoding=\"async\" src=\"https:\/\/www.europesays.com\/fr\/wp-content\/uploads\/2025\/11\/P3M4.jpg\" fetchpriority=\"high\" alt=\"\u00ab Je veux aller plus loin dans les grands rendez-vous \u00bb : Jack Draper fixe ses objectifs pour 2026\"\/><\/p>\n<p>Jack Draper retrouvera bient\u00f4t la comp\u00e9tition apr\u00e8s une coupure forc\u00e9e. Entre frustration, motivation et vision tourn\u00e9e vers 2026, le Britannique pose un objectif majeur : faire partie de ceux qui parviendront enfin \u00e0 contrer l\u2019h\u00e9g\u00e9monie des deux monstres du tennis actuel.<\/p>\n<p>Auteur d\u2019une tr\u00e8s belle premi\u00e8re partie de saison 2025 (titre \u00e0 Indian Wells, finale \u00e0 Madrid), Jack Draper a vu sa progression \u00eatre stopp\u00e9e nette par une blessure au bras gauche, l\u2019obligeant \u00e0 mettre un terme \u00e0 son ann\u00e9e d\u00e8s septembre.<\/p>\n<p>Le Britannique, qui avait fait son entr\u00e9e dans le top 5, reprendra progressivement la comp\u00e9tition avec l\u2019UTS au mois de d\u00e9cembre puis la United Cup en janvier.<\/p>\n<p>Avant de signer son retour sur les courts, Draper a accord\u00e9 une interview \u00e0 Tennis Majors, dans laquelle il d\u00e9voile ses ambitions pour 2026 :<\/p>\n<p>\u00ab J\u2019aimerais aller au-del\u00e0 des demi-finales en Grand Chelem, revenir dans le top 10 et remporter davantage de tournois 250 et 500.<\/p>\n<p>Je veux gagner en r\u00e9gularit\u00e9 dans les grands rendez-vous et aller plus loin. Alcaraz et Sinner sont tr\u00e8s loin devant. Maintenant, c\u2019est aux joueurs de la nouvelle g\u00e9n\u00e9ration de les d\u00e9fier et de mettre fin \u00e0 leur domination. \u00bb<\/p>\n","protected":false},"excerpt":{"rendered":"Jack Draper retrouvera bient\u00f4t la comp\u00e9tition apr\u00e8s une coupure forc\u00e9e. Entre frustration, motivation et vision tourn\u00e9e vers 2026,&hellip;\n","protected":false},"author":2,"featured_media":539138,"comment_status":"","ping_status":"","sticky":false,"template":"","format":"standard","meta":{"footnotes":""},"categories":[1415],"tags":[1011,27,60,1467],"class_list":{"0":"post-539137","1":"post","2":"type-post","3":"status-publish","4":"format-standard","5":"has-post-thumbnail","7":"category-tennis","8":"tag-fr","9":"tag-france","10":"tag-sports","11":"tag-tennis"},"share_on_mastodon":{"url":"https:\/\/pubeurope.com\/@fr\/115562129104430679","error":""},"_links":{"self":[{"href":"https:\/\/www.europesays.com\/fr\/wp-json\/wp\/v2\/posts\/539137","targetHints":{"allow":["GET"]}}],"collection":[{"href":"https:\/\/www.europesays.com\/fr\/wp-json\/wp\/v2\/posts"}],"about":[{"href":"https:\/\/www.europesays.com\/fr\/wp-json\/wp\/v2\/types\/post"}],"author":[{"embeddable":true,"href":"https:\/\/www.europesays.com\/fr\/wp-json\/wp\/v2\/users\/2"}],"replies":[{"embeddable":true,"href":"https:\/\/www.europesays.com\/fr\/wp-json\/wp\/v2\/comments?post=539137"}],"version-history":[{"count":0,"href":"https:\/\/www.europesays.com\/fr\/wp-json\/wp\/v2\/posts\/539137\/revisions"}],"wp:featuredmedia":[{"embeddable":true,"href":"https:\/\/www.europesays.com\/fr\/wp-json\/wp\/v2\/media\/539138"}],"wp:attachment":[{"href":"https:\/\/www.europesays.com\/fr\/wp-json\/wp\/v2\/media?parent=539137"}],"wp:term":[{"taxonomy":"category","embeddable":true,"href":"https:\/\/www.europesays.com\/fr\/wp-json\/wp\/v2\/categories?post=539137"},{"taxonomy":"post_tag","embeddable":true,"href":"https:\/\/www.europesays.com\/fr\/wp-json\/wp\/v2\/tags?post=539137"}],"curies":[{"name":"wp","href":"https:\/\/api.w.org\/{rel}","templated":true}]}}