{"id":539148,"date":"2025-11-17T00:17:11","date_gmt":"2025-11-17T00:17:11","guid":{"rendered":"https:\/\/www.europesays.com\/fr\/539148\/"},"modified":"2025-11-17T00:17:11","modified_gmt":"2025-11-17T00:17:11","slug":"radio-nova-lance-la-derniere-tournee","status":"publish","type":"post","link":"https:\/\/www.europesays.com\/fr\/539148\/","title":{"rendered":"Radio Nova lance \u00ab\u00a0La derni\u00e8re tourn\u00e9e\u00a0\u00bb"},"content":{"rendered":"<p>Cet \u00e9t\u00e9, Guillaume Meurice, Juliette Arnaud, Aymeric Lompret, Pierre-Emmanuel Barr\u00e9 et toute l\u2019\u00e9quipe de La derni\u00e8re part en tourn\u00e9e\u00a0de mi-juin \u00e0 mi-juillet 2026.<\/p>\n<p>Vous \u00eates \u00e9lu d\u2019une ville de moins de 50 000 habitants, et en capacit\u00e9 de nous accueillir en plein air, avec condition de s\u00e9curit\u00e9, une tireuse \u00e0 bi\u00e8res\u2026 et tout le tintouin\u00a0? Envoyez-nous vos candidatures \u00e0 l\u2019adresse\u00a0<a href=\"http:\/\/www.nova.fr\/cdn-cgi\/l\/email-protection#9cf0fde8f3e9eef2f9f9dceefdf8f5f3f2f3eafdb2fff3f1\" target=\"_blank\" rel=\"noreferrer noopener nofollow\">[email\u00a0protected]<\/a> !<\/p>\n<p>Si vous n\u2019\u00eates pas \u00e9lu, pr\u00e9sentez-vous, gagnez les \u00e9lections et accueillez nous. Ou essayer de convaincre vos \u00e9lus et dites leur qu\u2019ils nous envoie un mail.<\/p>\n<p>Envoyez-nous vos candidatures \u00e0 l\u2019adresse\u00a0<a href=\"http:\/\/www.nova.fr\/cdn-cgi\/l\/email-protection#d5b9b4a1baa0a7bbb0b095a7b4b1bcbabbbaa3b4fbb6bab8\" target=\"_blank\" rel=\"noreferrer noopener nofollow\">[email\u00a0protected]<\/a>.<\/p>\n","protected":false},"excerpt":{"rendered":"Cet \u00e9t\u00e9, Guillaume Meurice, Juliette Arnaud, Aymeric Lompret, Pierre-Emmanuel Barr\u00e9 et toute l\u2019\u00e9quipe de La derni\u00e8re part en&hellip;\n","protected":false},"author":2,"featured_media":539149,"comment_status":"","ping_status":"","sticky":false,"template":"","format":"standard","meta":{"footnotes":""},"categories":[1355],"tags":[58,59,1011,27,9126,65797,1361,873],"class_list":{"0":"post-539148","1":"post","2":"type-post","3":"status-publish","4":"format-standard","5":"has-post-thumbnail","7":"category-musique","8":"tag-divertissement","9":"tag-entertainment","10":"tag-fr","11":"tag-france","12":"tag-la-derniu00e8re","13":"tag-la-derniu00e8re-tournu00e9e","14":"tag-music","15":"tag-musique"},"share_on_mastodon":{"url":"https:\/\/pubeurope.com\/@fr\/115562167921333869","error":""},"_links":{"self":[{"href":"https:\/\/www.europesays.com\/fr\/wp-json\/wp\/v2\/posts\/539148","targetHints":{"allow":["GET"]}}],"collection":[{"href":"https:\/\/www.europesays.com\/fr\/wp-json\/wp\/v2\/posts"}],"about":[{"href":"https:\/\/www.europesays.com\/fr\/wp-json\/wp\/v2\/types\/post"}],"author":[{"embeddable":true,"href":"https:\/\/www.europesays.com\/fr\/wp-json\/wp\/v2\/users\/2"}],"replies":[{"embeddable":true,"href":"https:\/\/www.europesays.com\/fr\/wp-json\/wp\/v2\/comments?post=539148"}],"version-history":[{"count":0,"href":"https:\/\/www.europesays.com\/fr\/wp-json\/wp\/v2\/posts\/539148\/revisions"}],"wp:featuredmedia":[{"embeddable":true,"href":"https:\/\/www.europesays.com\/fr\/wp-json\/wp\/v2\/media\/539149"}],"wp:attachment":[{"href":"https:\/\/www.europesays.com\/fr\/wp-json\/wp\/v2\/media?parent=539148"}],"wp:term":[{"taxonomy":"category","embeddable":true,"href":"https:\/\/www.europesays.com\/fr\/wp-json\/wp\/v2\/categories?post=539148"},{"taxonomy":"post_tag","embeddable":true,"href":"https:\/\/www.europesays.com\/fr\/wp-json\/wp\/v2\/tags?post=539148"}],"curies":[{"name":"wp","href":"https:\/\/api.w.org\/{rel}","templated":true}]}}