{"id":539150,"date":"2025-11-17T00:18:15","date_gmt":"2025-11-17T00:18:15","guid":{"rendered":"https:\/\/www.europesays.com\/fr\/539150\/"},"modified":"2025-11-17T00:18:15","modified_gmt":"2025-11-17T00:18:15","slug":"virtuose-et-troublant-faut-il-le-voir-absolument","status":"publish","type":"post","link":"https:\/\/www.europesays.com\/fr\/539150\/","title":{"rendered":"virtuose et troublant, faut-il le voir absolument\u00a0?"},"content":{"rendered":"<p>                    Par<br \/>\n        <strong><br \/>\n            <a href=\"https:\/\/actu.fr\/auteur\/redaction-toulouse\" title=\"Consulter tous les articles de R\u00e9daction de Toulouse\" target=\"_blank\" rel=\"noopener\">R\u00e9daction de Toulouse<\/a><br \/>\n                    <\/strong><\/p>\n<p>        Publi\u00e9 le<\/p>\n<p>            16 nov. 2025 \u00e0 20h06        <\/p>\n<p>C\u2019est un <a href=\"https:\/\/actu.fr\/toulouse\/cinema\" target=\"_blank\" rel=\"noopener\"><strong>film magistral<\/strong><\/a> qui ne se contente pas de nous r\u00e9v\u00e9ler l\u2019envers du d\u00e9cor de cette titanesque r\u00e9alisation qu\u2019est la grande arche de la d\u00e9fense \u00e0 Paris, mais qui nous montre \u00e9galement les <strong>combats d\u2019\u00e9gos<\/strong> qu\u2019elle a suscit\u00e9s et les arcanes politico-administratives que l\u2019architecte a d\u00fb surmonter.<\/p>\n<p class=\" wall-content\">Mai 1983, un concours d\u2019architecte porte le nom de \u00ab\u00a0T\u00eate D\u00e9fense\u00a0\u00bb. Le vainqueur va \u00eatre r\u00e9v\u00e9l\u00e9 devant le ban et l\u2019arri\u00e8re-ban politique du moment, <strong>Fran\u00e7ois Mitterrand<\/strong> en premier.<\/p>\n<p class=\" wall-content\">Surprise, c\u2019est un inconnu qui le remporte, et danois en plus : <strong>Johan Otto von Spreckelsen<\/strong> (1929-1987).<\/p>\n<p>Quatre \u00e9glises et une maison<\/p>\n<p class=\" wall-content\">Pour toutes r\u00e9f\u00e9rences, il a construit 4 \u00e9glises et\u2026 sa maison ! Peu importe, son projet d\u2019Arche s\u00e9duit et le voil\u00e0 \u00e0 la t\u00eate d\u2019un <strong>projet pharaonique<\/strong>. Il accepte du bout des l\u00e8vres, et par force, l\u2019aide de Paul Andreu (1938-2018), un confr\u00e8re qui pour l\u2019heure n\u2019a construit que des a\u00e9roports !<\/p>\n<p>V\u00e9ritable docu-fiction<\/p>\n<p class=\" wall-content\">Gr\u00e2ce \u00e0 une technique permettant de faire entrer les personnages d\u2019un film dans des archives, St\u00e9phane Demoustier nous introduit au c\u0153ur de <strong>ce chantier titanesque de mani\u00e8re sid\u00e9rante<\/strong>.<\/p>\n<p class=\" wall-content\">Certaines sc\u00e8nes tourn\u00e9es \u00e0 l\u2019\u00c9lys\u00e9e ajoutent \u00e0 l\u2019authenticit\u00e9 de ce v\u00e9ritable docu-fiction, en fait une adaptation du roman La Grande Arche de Laurence Coss\u00e9 publi\u00e9 en 2016.<\/p>\n<p>Vid\u00e9os : en ce moment sur ActuVirtuosit\u00e9 de la mise en sc\u00e8ne<\/p>\n<p class=\" wall-content\">Outre la virtuosit\u00e9 de la mise en sc\u00e8ne, il faut souligner ici <strong>une direction d\u2019acteur \u00e9bouriffante de naturel<\/strong>. C\u2019est Claes Bang qui se glisse dans la peau de l\u2019architecte, avec cette volont\u00e9 chevill\u00e9e au corps et ce <strong>regard parfois hallucin\u00e9<\/strong> d\u00e9notant une passion devenue visc\u00e9rale pour son projet, un projet devenu v\u00e9ritable prison mentale.<\/p>\n<p class=\" wall-content\">Face \u00e0 lui se dresse, un temps, Paul Andreu (Swann Arlaud, formidable comme toujours) qui, finalement, aura pour mission de terminer cette Arche inaugur\u00e9e le 14 juillet 1989, alors qu\u2019Otto von Spreckelsen a depuis longtemps claqu\u00e9 la porte et, de plus, est mort depuis deux ans.<\/p>\n<p>Votre r\u00e9gion, votre actu !<\/p>\n<p>Recevez chaque jour les infos qui comptent pour vous.<\/p>\n<p>\t<a href=\"https:\/\/actu.fr\/newsletter\" class=\"ac-btn ac-btn--corner ac-btn--medium ac-btn--blue800\" target=\"_blank\" rel=\"noopener\">S&rsquo;incrire<\/a><br \/>\nMichel Fau en Fran\u00e7ois Mitterrand<\/p>\n<p class=\" wall-content\">C\u2019est aussi un r\u00e9gal sans m\u00e9lange que de voir <strong>Michel Fau<\/strong> en Fran\u00e7ois Mitterrand, prince de la Renaissance perdu dans le Paris du 20e si\u00e8cle.<\/p>\n<p class=\" wall-content\">Il ne faudrait pas oublier Xavier Dolan, irr\u00e9sistible en haut fonctionnaire se d\u00e9battant au milieu des contraintes administratives, des budgets et des \u00e9gocentrismes les plus \u00e9chevel\u00e9s.<\/p>\n<p class=\" wall-content\">\u00c0 voir !<\/p>\n<p class=\" wall-content\">\n<p class=\" wall-content\"><b>Robert P\u00e9navayre<\/b><\/p>\n<p><strong>Infos pratiques :<\/strong><br \/>R\u00e9alisateur : St\u00e9phane Demoustier. <br \/>Un film avec au casting: Claes Bang, Michel Fau, Xavier Dolan, Swann Arlaud\u2026<br \/>Genre : historique ; dur\u00e9e : 1h46<\/p>\n<p class=\" wall-content\">Personnalisez votre actualit\u00e9 en ajoutant vos villes et m\u00e9dias en favori avec <a href=\"https:\/\/moncompte.actu.fr\" title=\"D\u00e9couvez Mon Actu\" rel=\"nofollow noopener\" data-trk=\"{&quot;cta&quot;:{&quot;action&quot;:&quot;https:\\\/\\\/moncompte.actu.fr&quot;,&quot;category&quot;:&quot;mon compte&quot;,&quot;from&quot;:&quot;article footer&quot;,&quot;name&quot;:&quot;Mon actu&quot;,&quot;type&quot;:&quot;cta&quot;}}\" target=\"_blank\">Mon Actu<\/a>.<\/p>\n","protected":false},"excerpt":{"rendered":"Par R\u00e9daction de Toulouse Publi\u00e9 le 16 nov. 2025 \u00e0 20h06 C\u2019est un film magistral qui ne se&hellip;\n","protected":false},"author":2,"featured_media":539151,"comment_status":"","ping_status":"","sticky":false,"template":"","format":"standard","meta":{"footnotes":""},"categories":[1354],"tags":[61588,650,58,59,1346,1011,27,1360],"class_list":{"0":"post-539150","1":"post","2":"type-post","3":"status-publish","4":"format-standard","5":"has-post-thumbnail","7":"category-films","8":"tag-a-voir-au-cinema","9":"tag-cinema","10":"tag-divertissement","11":"tag-entertainment","12":"tag-films","13":"tag-fr","14":"tag-france","15":"tag-movies"},"share_on_mastodon":{"url":"https:\/\/pubeurope.com\/@fr\/115562171914563955","error":""},"_links":{"self":[{"href":"https:\/\/www.europesays.com\/fr\/wp-json\/wp\/v2\/posts\/539150","targetHints":{"allow":["GET"]}}],"collection":[{"href":"https:\/\/www.europesays.com\/fr\/wp-json\/wp\/v2\/posts"}],"about":[{"href":"https:\/\/www.europesays.com\/fr\/wp-json\/wp\/v2\/types\/post"}],"author":[{"embeddable":true,"href":"https:\/\/www.europesays.com\/fr\/wp-json\/wp\/v2\/users\/2"}],"replies":[{"embeddable":true,"href":"https:\/\/www.europesays.com\/fr\/wp-json\/wp\/v2\/comments?post=539150"}],"version-history":[{"count":0,"href":"https:\/\/www.europesays.com\/fr\/wp-json\/wp\/v2\/posts\/539150\/revisions"}],"wp:featuredmedia":[{"embeddable":true,"href":"https:\/\/www.europesays.com\/fr\/wp-json\/wp\/v2\/media\/539151"}],"wp:attachment":[{"href":"https:\/\/www.europesays.com\/fr\/wp-json\/wp\/v2\/media?parent=539150"}],"wp:term":[{"taxonomy":"category","embeddable":true,"href":"https:\/\/www.europesays.com\/fr\/wp-json\/wp\/v2\/categories?post=539150"},{"taxonomy":"post_tag","embeddable":true,"href":"https:\/\/www.europesays.com\/fr\/wp-json\/wp\/v2\/tags?post=539150"}],"curies":[{"name":"wp","href":"https:\/\/api.w.org\/{rel}","templated":true}]}}