{"id":539156,"date":"2025-11-17T00:21:15","date_gmt":"2025-11-17T00:21:15","guid":{"rendered":"https:\/\/www.europesays.com\/fr\/539156\/"},"modified":"2025-11-17T00:21:15","modified_gmt":"2025-11-17T00:21:15","slug":"frederic-lopez-choque-m-pokora-lui-avoue-son-delit-pour-participer-a-popstars-dans-un-dimanche-a-la-campagne","status":"publish","type":"post","link":"https:\/\/www.europesays.com\/fr\/539156\/","title":{"rendered":"Fr\u00e9d\u00e9ric Lopez choqu\u00e9 : M. Pokora lui avoue son d\u00e9lit pour participer \u00e0 \u00ab\u00a0Popstars\u00a0\u00bb dans \u00ab\u00a0Un dimanche \u00e0 la campagne\u00a0\u00bb"},"content":{"rendered":"<p><strong>Une fraude qui lui a permis de lancer sa carri\u00e8re<\/strong> et d\u2019en vivre encore aujourd\u2019hui. En ao\u00fbt 2003, les Fran\u00e7ais ont fait la connaissance de Matthieu Tota, un jeune strasbourgeois qui va devenir <a href=\"https:\/\/www.public.fr\/tag\/m-pokora\" target=\"_blank\" rel=\"noopener\">M. Pokora<\/a> quelques ann\u00e9es plus tard.<\/p>\n<p>En effet, l\u2019artiste aujourd\u2019hui en couple avec <a href=\"https:\/\/www.public.fr\/tag\/christina-milian\" target=\"_blank\" rel=\"noopener\">Christina Milian<\/a> participe \u00e0 l\u2019\u00e9mission phare de M6 de cette \u00e9poque : Popstars. Il parvient jusqu\u2019\u00e0 la phase finale et remporte le programme en compagnie d\u2019Otis et Lionel Tim. Ensemble, <a href=\"https:\/\/vsd.fr\/5247-m-pokora\/\" target=\"_blank\" rel=\"noopener\">ils forment le groupe des Link Up<\/a> qui va conna\u00eetre un grand succ\u00e8s les mois suivants, notamment avec leur titre <strong>Notre \u00e9toile<\/strong>.<\/p>\n<p>Finalement, le trio se s\u00e9pare et M. Pokora vole de ses propres ailes en sortant son premier album en 2004 avec des titres devenus cultes tels que <strong>Showbiz, Elle me contr\u00f4le,<\/strong> ou encore <strong>Pas sans toi<\/strong>. Aujourd\u2019hui, l\u2019artiste \u00e2g\u00e9 de 40 ans jouit d\u2019une grande carri\u00e8re avec 13 albums au total, plusieurs r\u00e9compenses dont des NRJ Music Awards, et m\u00eame une victoire \u00e0 <strong>Danse avec les stars<\/strong>.<\/p>\n<p>M. Pokora pas encore majeur lors de son casting \u00e0 \u00ab\u00a0Popstars\u00a0\u00bb<\/p>\n<p>Mais sans un d\u00e9lit, il n\u2019aurait jamais connu cette vie. En effet, le compagnon de Christina Milian a <strong>falsifi\u00e9 sa carte d\u2019identit\u00e9<\/strong> pour pouvoir tenter sa chance au casting de Popstars comme le principal int\u00e9ress\u00e9 l\u2019a r\u00e9v\u00e9l\u00e9 \u00e0 <a href=\"https:\/\/www.public.fr\/tag\/frederic-lopez\" target=\"_blank\" rel=\"noopener\">Fr\u00e9d\u00e9ric Lopez<\/a> ce dimanche 16 novembre 2025.<\/p>\n<p>M. Pokora faisait partie des invit\u00e9s de l\u2019animateur dans <strong><a href=\"https:\/\/www.public.fr\/tag\/un-dimanche-a-la-campagne\" target=\"_blank\" rel=\"noopener\">Un dimanche \u00e0 la campagne<\/a><\/strong>, avec l&rsquo;humoriste-cr\u00e9atrice de contenu <a href=\"https:\/\/www.public.fr\/un-dimanche-a-la-campagne-quels-sont-les-invites-ce-dimanche-16-novembre\" target=\"_blank\" rel=\"noopener\">Marine Leonardi, et l&rsquo;athl\u00e8te non-voyant Hakim Areski<\/a>. Lors de la pr\u00e9paration du repas du soir, le chanteur a tout balanc\u00e9 \u00e0 l\u2019animateur lorsque ce dernier l\u2019a interrog\u00e9 sur le sujet.\u00a0<\/p>\n<p>\u00ab\u00a0Mais vous allez quand m\u00eame en BEP vente. Sauf que l\u00e0 aussi, il y a plus d&rsquo;imagination que nous, parce que \u00e7a va se pr\u00e9cipiter. Qui vous parle d&rsquo;un casting ?\u00a0\u00bb, demande Fr\u00e9d\u00e9ric Lopez \u00e0 M. Pokora, qui lui r\u00e9v\u00e8le alors qu\u2019un membre de son groupe de l\u2019\u00e9poque lui parle du casting de <strong>Popstars <\/strong>qui passe \u00e0 Strasbourg : \u00ab\u00a0Il me dit \u2018appelle et regarde ce qu&rsquo;il demande\u2019. L\u00e0, c&rsquo;est une esp\u00e8ce de serveur vocal qui dit: \u2018Venez tel jour \u00e0 telle heure et <strong>amenez une pi\u00e8ce d&rsquo;identit\u00e9, il faut \u00eatre majeur\u2019\u00a0\u00bb<\/strong>, se souvient le chanteur qui avoue qu\u2019\u00e0 cette \u00e9poque, il n\u2019est pas majeur \u00e0 quelques mois pr\u00e8s. \u00a0<\/p>\n<p>Il avoue \u00e0 Fr\u00e9d\u00e9ric Lopez avoir falsifi\u00e9 sa carte d&rsquo;identit\u00e9 <\/p>\n<p>\u00ab\u00a0On est au mois de juillet, d\u00e9but juillet 2003 et j&rsquo;ai 18 ans le 26 septembre. Il faut \u00eatre majeur au moment o\u00f9 je le fais. Il y a les contrats, il y a tout \u00e7a. Tu signes des contrats, des droits d&rsquo;images, des machins. Il y a un enjeu \u00e9norme. Je me dis : \u2018C&rsquo;est l\u00e0, ils passent \u00e0 c\u00f4t\u00e9. C\u2019est dommage de pas y aller&#8230; \u00e0 quelques mois\u2019. L\u00e0, je regarde ma carte d&rsquo;identit\u00e9, je suis dans ma chambre. Et l\u00e0, je vois le 26\/09, je dis : \u2018<strong>Mon 9, si j&rsquo;efface une barre, c&rsquo;est un 5.<\/strong> Et comme \u00e7a, je suis n\u00e9 en mai et j&rsquo;ai 18 ans\u2019. L\u00e0, je prends ma carte d&rsquo;identit\u00e9,<strong> je prends une aiguille et de la gouache. Je gratte la barre du neuf pour que le neuf se transforme en cinq. <\/strong>Du coup, je suis n\u00e9 le 26\/05\/85.. Et l\u00e0, je peux passer mon casting\u00a0\u00bb, r\u00e9v\u00e8le par la suite M. Pokora, choquant par la m\u00eame occasion Fr\u00e9d\u00e9ric Lopez et les autres invit\u00e9s d\u2019Un dimanche \u00e0 la campagne.\u00a0<\/p>\n<p>En plus de cette fraude, le chanteur a eu la chance de convaincre un membre du jury : \u00ab\u00a0Je me rappelle, j&rsquo;ai chant\u00e9 Une derni\u00e8re danse de Kyo. Je suis angoiss\u00e9, je ne suis pas \u00e0 l&rsquo;aise. Et l\u00e0, il y a deux jurys sur trois qui disent : \u2018On ne le garde pas\u2019. Et il y en a un qui dit : \u2018C&rsquo;est un des plus jeunes de l\u2019aventure. \u00c7a se voit qu&rsquo;il a un truc. Regardez ses yeux \u00e9carquill\u00e9s, il a peur et tout. Je vous jure, il y a un petit timbre, il y a un truc\u2019. C&rsquo;est Roberto\u00a0\u00bb, se souvient le compagnon de Christina Milian, devenu aujourd\u2019hui l\u2019un des plus grands artistes fran\u00e7ais.\u00a0<\/p>\n<p>\n          Hits &amp; People en continu\n        <\/p>\n<p>\n          Public Radio\n        <\/p>\n<p>      Mentionn\u00e9s dans cet article<\/p>\n<p>      Sur le m\u00eame sujet<\/p>\n","protected":false},"excerpt":{"rendered":"Une fraude qui lui a permis de lancer sa carri\u00e8re et d\u2019en vivre encore aujourd\u2019hui. En ao\u00fbt 2003,&hellip;\n","protected":false},"author":2,"featured_media":539157,"comment_status":"","ping_status":"","sticky":false,"template":"","format":"standard","meta":{"footnotes":""},"categories":[8],"tags":[37239,58,59,1011,27,594,9481,10824,54138,55474],"class_list":{"0":"post-539156","1":"post","2":"type-post","3":"status-publish","4":"format-standard","5":"has-post-thumbnail","7":"category-divertissement","8":"tag-christina-milian","9":"tag-divertissement","10":"tag-entertainment","11":"tag-fr","12":"tag-france","13":"tag-france-2","14":"tag-frederic-lopez","15":"tag-m-pokora","16":"tag-popstars","17":"tag-un-dimanche-a-la-campagne"},"share_on_mastodon":{"url":"https:\/\/pubeurope.com\/@fr\/115562183655315847","error":""},"_links":{"self":[{"href":"https:\/\/www.europesays.com\/fr\/wp-json\/wp\/v2\/posts\/539156","targetHints":{"allow":["GET"]}}],"collection":[{"href":"https:\/\/www.europesays.com\/fr\/wp-json\/wp\/v2\/posts"}],"about":[{"href":"https:\/\/www.europesays.com\/fr\/wp-json\/wp\/v2\/types\/post"}],"author":[{"embeddable":true,"href":"https:\/\/www.europesays.com\/fr\/wp-json\/wp\/v2\/users\/2"}],"replies":[{"embeddable":true,"href":"https:\/\/www.europesays.com\/fr\/wp-json\/wp\/v2\/comments?post=539156"}],"version-history":[{"count":0,"href":"https:\/\/www.europesays.com\/fr\/wp-json\/wp\/v2\/posts\/539156\/revisions"}],"wp:featuredmedia":[{"embeddable":true,"href":"https:\/\/www.europesays.com\/fr\/wp-json\/wp\/v2\/media\/539157"}],"wp:attachment":[{"href":"https:\/\/www.europesays.com\/fr\/wp-json\/wp\/v2\/media?parent=539156"}],"wp:term":[{"taxonomy":"category","embeddable":true,"href":"https:\/\/www.europesays.com\/fr\/wp-json\/wp\/v2\/categories?post=539156"},{"taxonomy":"post_tag","embeddable":true,"href":"https:\/\/www.europesays.com\/fr\/wp-json\/wp\/v2\/tags?post=539156"}],"curies":[{"name":"wp","href":"https:\/\/api.w.org\/{rel}","templated":true}]}}