{"id":539160,"date":"2025-11-17T00:23:12","date_gmt":"2025-11-17T00:23:12","guid":{"rendered":"https:\/\/www.europesays.com\/fr\/539160\/"},"modified":"2025-11-17T00:23:12","modified_gmt":"2025-11-17T00:23:12","slug":"plus-de-neuf-milliards-dinvestissements-francais-dans-de-nouveaux-projets","status":"publish","type":"post","link":"https:\/\/www.europesays.com\/fr\/539160\/","title":{"rendered":"Plus de neuf\u00a0milliards d\u2019investissements fran\u00e7ais dans de nouveaux projets"},"content":{"rendered":"<p>Neuf milliards d\u2019euros d\u2019investissements. C\u2019est la somme qui devrait \u00eatre investie dans de nouveaux projets dans le cadre du premier sommet \u00ab\u00a0<a href=\"https:\/\/www.20minutes.fr\/economie\/4183257-20251103-bientot-choose-france-reservees-boites-francaises\" target=\"_blank\" class=\"c-link c-link--is-underlined\" rel=\"noopener\">Choose France<\/a> &#8211; Edition France\u00a0\u00bb qui se tiendra lundi \u00e0 Paris. \u00ab\u00a0Demain lors du premier Sommet \u00ab\u00a0Choose France &#8211; \u00c9dition France\u00a0\u00bb seront annonc\u00e9s pas moins de <a href=\"https:\/\/www.20minutes.fr\/economie\/4182456-20251030-enfin-bonne-nouvelle-croissance-accelere-troisieme-trimestre-facon-inattendue\" target=\"_blank\" class=\"c-link c-link--is-underlined\" rel=\"noopener\">30,4\u00a0milliards d\u2019euros d\u2019investissements fran\u00e7ais<\/a> &#8211; dans 151 projets r\u00e9partis partout en France &#8211; d\u00e9compos\u00e9s entre 9,2\u00a0milliards d\u2019euros de projets totalement nouveaux\u00a0\u00bb et \u00ab\u00a021,2\u00a0milliards d\u2019euros d\u2019investissements d\u00e9j\u00e0 annonc\u00e9s par les diff\u00e9rentes entreprises ces 12 derniers mois\u00a0\u00bb, indique Bercy.<\/p>\n<p>Tous les secteurs de l\u2019\u00e9conomie fran\u00e7aise (\u00e9nergie, industries vertes, environnement, num\u00e9rique, sant\u00e9, chimie, transports, agro-alimentaire, consommation, spatial, tourisme) sont concern\u00e9s par les nouveaux investissements. Le <a href=\"https:\/\/www.20minutes.fr\/politique\/4169228-20250824-investissements-nationalisations-500-milliards-pacte-france-pcf\" target=\"_blank\" class=\"c-link c-link--is-underlined\" rel=\"noopener\">sommet Choose France, grand-messe annuelle habituellement destin\u00e9e aux investisseurs \u00e9trangers<\/a>, ouvre lundi sa premi\u00e8re \u00ab\u00a0\u00e9dition France\u00a0\u00bb, pour mettre \u00e0 l\u2019honneur les entreprises tricolores qui investissent dans le pays alors que l\u2019incertitude politique continue de peser sur le monde \u00e9conomique.<\/p>\n<p>Sanofi, Urgo, Danone\u2026<\/p>\n<p>Sanofi annoncera une enveloppe de 700\u00a0millions d\u2019euros d\u2019investissements \u00ab\u00a0sur une ann\u00e9e glissante\u00a0\u00bb en 2025-2026 concernant des projets \u00ab\u00a0d\u00e9j\u00e0 engag\u00e9s\u00a0\u00bb mais aussi \u00ab\u00a0d\u2019autres \u00e0 venir\u00a0\u00bb. Le groupe industriel fran\u00e7ais Urgo, marque embl\u00e9matique du pansement a annonc\u00e9 vendredi la construction d\u2019une nouvelle usine dans la Loire, fruit d\u2019un investissement de 60\u00a0millions d\u2019euros d\u2019ici \u00e0\u00a02029.<\/p>\n<p>Sera aussi mise en avant la construction d\u2019une usine de freins carbone par Safran dans l\u2019Ain, un investissement de plus de 450\u00a0millions d\u2019euros \u00e0 terme. Le g\u00e9ant agroalimentaire Danone a communiqu\u00e9 vendredi sur ses pr\u00e9visions d\u2019investissement de 300\u00a0millions d\u2019euros et la relocalisation de la production de plus de 45.000 tonnes de produits d\u2019ici\u00a02028.<\/p>\n","protected":false},"excerpt":{"rendered":"Neuf milliards d\u2019euros d\u2019investissements. C\u2019est la somme qui devrait \u00eatre investie dans de nouveaux projets dans le cadre&hellip;\n","protected":false},"author":2,"featured_media":539161,"comment_status":"","ping_status":"","sticky":false,"template":"","format":"standard","meta":{"footnotes":""},"categories":[6],"tags":[47,14846,35,40532,33,34,1011,27,399,6056,11023],"class_list":{"0":"post-539160","1":"post","2":"type-post","3":"status-publish","4":"format-standard","5":"has-post-thumbnail","7":"category-economie","8":"tag-actualite","9":"tag-bercy","10":"tag-business","11":"tag-danone","12":"tag-economie","13":"tag-economy","14":"tag-fr","15":"tag-france","16":"tag-investissement","17":"tag-safran","18":"tag-sanofi"},"share_on_mastodon":{"url":"https:\/\/pubeurope.com\/@fr\/115562191586856159","error":""},"_links":{"self":[{"href":"https:\/\/www.europesays.com\/fr\/wp-json\/wp\/v2\/posts\/539160","targetHints":{"allow":["GET"]}}],"collection":[{"href":"https:\/\/www.europesays.com\/fr\/wp-json\/wp\/v2\/posts"}],"about":[{"href":"https:\/\/www.europesays.com\/fr\/wp-json\/wp\/v2\/types\/post"}],"author":[{"embeddable":true,"href":"https:\/\/www.europesays.com\/fr\/wp-json\/wp\/v2\/users\/2"}],"replies":[{"embeddable":true,"href":"https:\/\/www.europesays.com\/fr\/wp-json\/wp\/v2\/comments?post=539160"}],"version-history":[{"count":0,"href":"https:\/\/www.europesays.com\/fr\/wp-json\/wp\/v2\/posts\/539160\/revisions"}],"wp:featuredmedia":[{"embeddable":true,"href":"https:\/\/www.europesays.com\/fr\/wp-json\/wp\/v2\/media\/539161"}],"wp:attachment":[{"href":"https:\/\/www.europesays.com\/fr\/wp-json\/wp\/v2\/media?parent=539160"}],"wp:term":[{"taxonomy":"category","embeddable":true,"href":"https:\/\/www.europesays.com\/fr\/wp-json\/wp\/v2\/categories?post=539160"},{"taxonomy":"post_tag","embeddable":true,"href":"https:\/\/www.europesays.com\/fr\/wp-json\/wp\/v2\/tags?post=539160"}],"curies":[{"name":"wp","href":"https:\/\/api.w.org\/{rel}","templated":true}]}}