{"id":539164,"date":"2025-11-17T00:25:15","date_gmt":"2025-11-17T00:25:15","guid":{"rendered":"https:\/\/www.europesays.com\/fr\/539164\/"},"modified":"2025-11-17T00:25:15","modified_gmt":"2025-11-17T00:25:15","slug":"dispute-texto-profil-la-mere-dun-nourrisson-de-cinq-semaines-avoue-lavoir-noye","status":"publish","type":"post","link":"https:\/\/www.europesays.com\/fr\/539164\/","title":{"rendered":"Dispute, texto, profil\u2026 La m\u00e8re d\u2019un nourrisson de cinq semaines avoue l\u2019avoir noy\u00e9"},"content":{"rendered":"<p>L\u2019alerte a \u00e9t\u00e9 donn\u00e9e dans la nuit de vendredi \u00e0 samedi par le p\u00e8re du nourrisson. Le <a href=\"https:\/\/www.20minutes.fr\/faits_divers\/4185896-20251116-normandie-mere-soupconnee-avoir-noye-nouveau-baignoire\" target=\"_blank\" class=\"c-link c-link--is-underlined\" rel=\"noopener\">corps sans vie d\u2019un nouveau-n\u00e9<\/a> de tout juste cinq semaines a \u00e9t\u00e9 d\u00e9couvert \u00e0 Bayeux, en <a href=\"https:\/\/www.20minutes.fr\/dossier\/normandie\" class=\"c-link c-link--is-underlined\" target=\"_blank\" rel=\"noopener\">Normandie<\/a>. Malgr\u00e9 l\u2019intervention rapide des secours, la jeune victime n\u2019a pu \u00eatre r\u00e9anim\u00e9e. La <a href=\"https:\/\/www.20minutes.fr\/societe\/infanticide\/\" class=\"c-link c-link--is-underlined\" target=\"_blank\" rel=\"noopener\">m\u00e8re a avou\u00e9 l\u2019avoir noy\u00e9<\/a>. Elle a \u00e9t\u00e9 mise en examen et plac\u00e9e en d\u00e9tention provisoire, indique ce dimanche soir le procureur de Caen. On fait le point.<\/p>\n<p>Que s\u2019est-il pass\u00e9\u00a0?<\/p>\n<p>Le drame, r\u00e9v\u00e9l\u00e9 par <a href=\"https:\/\/www.ouest-france.fr\/faits-divers\/meurtres\/infanticide-a-bayeux-la-femme-de-31-ans-en-garde-a-vue-a-avoue-avoir-noye-son-bebe-de-cinq-semaines-d400d512-c2e8-11f0-8509-2c0807403e46\" rel=\"nofollow noopener\" target=\"_blank\" class=\"c-link c-link--is-underlined\">Ouest France<\/a>, s\u2019est produit vendredi soir, vers 22h30. Selon les premiers \u00e9l\u00e9ments de l\u2019enqu\u00eate, rapport\u00e9 par le procureur, Jo\u00ebl Garrigue, une dispute a \u00e9clat\u00e9 au sein du couple et le p\u00e8re de l\u2019enfant a bri\u00e8vement quitt\u00e9 l\u2019appartement afin de \u00ab\u00a0se calmer\u00a0\u00bb. C\u2019est alors que la <a href=\"https:\/\/www.20minutes.fr\/societe\/4182796-20251102-raconte-scene-infanticide-heure-repas-detresse-psychologique-travailleurs-mort\" target=\"_blank\" class=\"c-link c-link--is-underlined\" rel=\"noopener\">m\u00e8re a tu\u00e9 l\u2019enfant<\/a>, le noyant dans la baignoire. Elle a ensuite pr\u00e9venu son conjoint par message, rapporte le magistrat. Lorsque ce dernier est rentr\u00e9 pr\u00e9cipitamment, la jeune femme de 31 ans avait quitt\u00e9 les lieux. Malgr\u00e9 l\u2019intervention rapide des secours, le d\u00e9c\u00e8s n\u2019a pu \u00eatre que constat\u00e9.<\/p>\n<p>Des aveux en garde \u00e0 vue<\/p>\n<p>Les gendarmes ont interpell\u00e9 la suspecte de cet infanticide \u00ab\u00a0quelques dizaines de minutes plus tard\u00a0\u00bb dans les rues de Bayeux. Plac\u00e9e en garde \u00e0 vue, la trentenaire a reconnu les faits. Le parquet n\u2019a toutefois pas pr\u00e9cis\u00e9 si elle avait donn\u00e9 des explications \u00e0 son geste, autre que la dispute. Elle a \u00e9t\u00e9 mise en examen pour meurtre sur mineur de moins de quinze ans et plac\u00e9 en d\u00e9tention provisoire, conform\u00e9ment aux r\u00e9quisitions du parquet. Une information judiciaire a \u00e9galement \u00e9t\u00e9 ouverte.<\/p>\n<p>Le couple faisait l\u2019objet d\u2019un suivi<\/p>\n<p>Le couple, qui vivait dans un logement social dans le centre de Bayeux, travaillait dans un Esat, un \u00e9tablissement d\u2019insertion professionnelle pour les personnes handicap\u00e9es. \u00ab\u00a0Il s\u2019agit d\u2019un couple un peu en marge socialement\u00a0\u00bb, a confi\u00e9 \u00e0 <a href=\"https:\/\/france3-regions.franceinfo.fr\/normandie\/calvados\/bayeux\/la-maman-a-noye-le-bebe-dans-la-baignoire-une-femme-en-garde-a-vue-pour-un-infanticide-a-bayeux-3250192.html\" target=\"_blank\" class=\"c-link c-link--is-underlined\" rel=\"noopener\">France 3<\/a> un \u00e9lu de la ville. Sans confirmer cette information, le procureur a indiqu\u00e9 que le couple \u00e9tait suivi par le juge des tutelles.<\/p>\n","protected":false},"excerpt":{"rendered":"L\u2019alerte a \u00e9t\u00e9 donn\u00e9e dans la nuit de vendredi \u00e0 samedi par le p\u00e8re du nourrisson. Le corps&hellip;\n","protected":false},"author":2,"featured_media":539165,"comment_status":"","ping_status":"","sticky":false,"template":"","format":"standard","meta":{"footnotes":""},"categories":[4],"tags":[47,11,118,1011,27,3492,12,5161,25,34347],"class_list":{"0":"post-539164","1":"post","2":"type-post","3":"status-publish","4":"format-standard","5":"has-post-thumbnail","7":"category-france","8":"tag-actualite","9":"tag-actualites","10":"tag-faits-divers","11":"tag-fr","12":"tag-france","13":"tag-infanticide","14":"tag-news","15":"tag-normandie","16":"tag-republique-francaise","17":"tag-violences-sur-mineurs"},"share_on_mastodon":{"url":"https:\/\/pubeurope.com\/@fr\/115562199430253159","error":""},"_links":{"self":[{"href":"https:\/\/www.europesays.com\/fr\/wp-json\/wp\/v2\/posts\/539164","targetHints":{"allow":["GET"]}}],"collection":[{"href":"https:\/\/www.europesays.com\/fr\/wp-json\/wp\/v2\/posts"}],"about":[{"href":"https:\/\/www.europesays.com\/fr\/wp-json\/wp\/v2\/types\/post"}],"author":[{"embeddable":true,"href":"https:\/\/www.europesays.com\/fr\/wp-json\/wp\/v2\/users\/2"}],"replies":[{"embeddable":true,"href":"https:\/\/www.europesays.com\/fr\/wp-json\/wp\/v2\/comments?post=539164"}],"version-history":[{"count":0,"href":"https:\/\/www.europesays.com\/fr\/wp-json\/wp\/v2\/posts\/539164\/revisions"}],"wp:featuredmedia":[{"embeddable":true,"href":"https:\/\/www.europesays.com\/fr\/wp-json\/wp\/v2\/media\/539165"}],"wp:attachment":[{"href":"https:\/\/www.europesays.com\/fr\/wp-json\/wp\/v2\/media?parent=539164"}],"wp:term":[{"taxonomy":"category","embeddable":true,"href":"https:\/\/www.europesays.com\/fr\/wp-json\/wp\/v2\/categories?post=539164"},{"taxonomy":"post_tag","embeddable":true,"href":"https:\/\/www.europesays.com\/fr\/wp-json\/wp\/v2\/tags?post=539164"}],"curies":[{"name":"wp","href":"https:\/\/api.w.org\/{rel}","templated":true}]}}