{"id":539174,"date":"2025-11-17T00:34:12","date_gmt":"2025-11-17T00:34:12","guid":{"rendered":"https:\/\/www.europesays.com\/fr\/539174\/"},"modified":"2025-11-17T00:34:12","modified_gmt":"2025-11-17T00:34:12","slug":"liban-un-mort-dans-une-nouvelle-frappe-israelienne","status":"publish","type":"post","link":"https:\/\/www.europesays.com\/fr\/539174\/","title":{"rendered":"Liban\u00a0: un mort dans une nouvelle frappe isra\u00e9lienne"},"content":{"rendered":"<p>Une frappe isra\u00e9lienne a fait un mort dimanche dans le sud du <a href=\"https:\/\/www.ouest-france.fr\/monde\/liban\/\" target=\"_self\" rel=\"noopener\">Liban,<\/a> th\u00e9\u00e2tre r\u00e9current de tirs malgr\u00e9 le cessez-le-feu en vigueur entre Isra\u00ebl et le Hezbollah libanais, a indiqu\u00e9 le minist\u00e8re libanais de la Sant\u00e9.<\/p>\n<p><strong>\u00ab\u00a0Une frappe ce soir de l\u2019ennemi isra\u00e9lien sur une voiture dans la ville d\u2019Al-Mansouri, situ\u00e9e dans le district de Tyr, a tu\u00e9 un citoyen\u00a0\u00bb,<\/strong> a annonc\u00e9 le minist\u00e8re dans un communiqu\u00e9, relay\u00e9 par l\u2019Agence France-Presse (AFP).<\/p>\n<p>Cessez-le-feu en novembre\u00a02024<\/p>\n<p>Selon l\u2019Agence de presse officielle libanaise Ani, cette frappe de drone a tu\u00e9 le directeur d\u2019une \u00e9cole locale nomm\u00e9 Mohammed Shoueikh. L\u2019arm\u00e9e isra\u00e9lienne n\u2019a pas r\u00e9agi dans l\u2019imm\u00e9diat \u00e0 ces informations.<\/p>\n<p>Plus t\u00f4t dimanche, la Force int\u00e9rimaire des Nations unies au Liban (Finul) avait accus\u00e9 l\u2019arm\u00e9e isra\u00e9lienne d\u2019avoir ouvert le feu sur ses membres dans le sud du pays, Isra\u00ebl assurant ne pas avoir vis\u00e9 les Casques bleus <strong>\u00ab\u00a0d\u00e9lib\u00e9r\u00e9ment\u00a0\u00bb.<\/strong><\/p>\n<p>Malgr\u00e9 un cessez-le-feu conclu en novembre\u00a02024, \u00e0 l\u2019issue de plus d\u2019un an d\u2019hostilit\u00e9s avec le Hezbollah, Isra\u00ebl continue de mener des attaques r\u00e9guli\u00e8res contre les bastions du mouvement pro-iranien au Liban en l\u2019accusant de chercher \u00e0 reconstituer ses capacit\u00e9s militaires.<\/p>\n<p><strong>Lire aussi\u00a0:<\/strong> <a href=\"https:\/\/rennes.maville.com\/actu\/actudet_-proche-orient-l-armee-israelienne-est-elle-en-train-de-construire-un-mur-en-territoire-libanais-_54135-7065467_actu.Htm\" target=\"_self\" rel=\"noopener\">Proche-Orient\u00a0: l\u2019arm\u00e9e isra\u00e9lienne est-elle en train de construire un mur en territoire libanais\u00a0?<\/a><\/p>\n<p>Pression pour d\u00e9sarmer le Hezbollah<\/p>\n<p>La Finul \u0153uvre avec l\u2019arm\u00e9e libanaise \u00e0 l\u2019application de cet accord de cessez-le-feu ayant mis fin le 27\u00a0novembre 2024 \u00e0 plus d\u2019un an de conflit, dont deux mois de guerre ouverte, entre le Hezbollah et Isra\u00ebl.<\/p>\n<p>Le Hezbollah a \u00e9t\u00e9 tr\u00e8s affaibli par la derni\u00e8re guerre avec Isra\u00ebl et les \u00c9tats-Unis ont accru la pression sur les autorit\u00e9s libanaises pour le d\u00e9sarmer, ce que le mouvement islamiste refuse.<\/p>\n<p>\u00a0<\/p>\n","protected":false},"excerpt":{"rendered":"Une frappe isra\u00e9lienne a fait un mort dimanche dans le sud du Liban, th\u00e9\u00e2tre r\u00e9current de tirs malgr\u00e9&hellip;\n","protected":false},"author":2,"featured_media":539175,"comment_status":"","ping_status":"","sticky":false,"template":"","format":"standard","meta":{"footnotes":""},"categories":[9619],"tags":[1111,11,1777,674,1011,27,11731,5769,12404,18,12,2043,882,25,2310],"class_list":{"0":"post-539174","1":"post","2":"type-post","3":"status-publish","4":"format-standard","5":"has-post-thumbnail","7":"category-toulon","8":"tag-actu","9":"tag-actualites","10":"tag-eu","11":"tag-europe","12":"tag-fr","13":"tag-france","14":"tag-frappe","15":"tag-israelienne","16":"tag-liban","17":"tag-mort","18":"tag-news","19":"tag-nouvelle","20":"tag-provence-alpes-cote-dazur","21":"tag-republique-francaise","22":"tag-toulon"},"share_on_mastodon":{"url":"https:\/\/pubeurope.com\/@fr\/115562234795262942","error":""},"_links":{"self":[{"href":"https:\/\/www.europesays.com\/fr\/wp-json\/wp\/v2\/posts\/539174","targetHints":{"allow":["GET"]}}],"collection":[{"href":"https:\/\/www.europesays.com\/fr\/wp-json\/wp\/v2\/posts"}],"about":[{"href":"https:\/\/www.europesays.com\/fr\/wp-json\/wp\/v2\/types\/post"}],"author":[{"embeddable":true,"href":"https:\/\/www.europesays.com\/fr\/wp-json\/wp\/v2\/users\/2"}],"replies":[{"embeddable":true,"href":"https:\/\/www.europesays.com\/fr\/wp-json\/wp\/v2\/comments?post=539174"}],"version-history":[{"count":0,"href":"https:\/\/www.europesays.com\/fr\/wp-json\/wp\/v2\/posts\/539174\/revisions"}],"wp:featuredmedia":[{"embeddable":true,"href":"https:\/\/www.europesays.com\/fr\/wp-json\/wp\/v2\/media\/539175"}],"wp:attachment":[{"href":"https:\/\/www.europesays.com\/fr\/wp-json\/wp\/v2\/media?parent=539174"}],"wp:term":[{"taxonomy":"category","embeddable":true,"href":"https:\/\/www.europesays.com\/fr\/wp-json\/wp\/v2\/categories?post=539174"},{"taxonomy":"post_tag","embeddable":true,"href":"https:\/\/www.europesays.com\/fr\/wp-json\/wp\/v2\/tags?post=539174"}],"curies":[{"name":"wp","href":"https:\/\/api.w.org\/{rel}","templated":true}]}}