{"id":539180,"date":"2025-11-17T00:40:31","date_gmt":"2025-11-17T00:40:31","guid":{"rendered":"https:\/\/www.europesays.com\/fr\/539180\/"},"modified":"2025-11-17T00:40:31","modified_gmt":"2025-11-17T00:40:31","slug":"les-bons-plans-max-radio-du-17-11-au-23-11","status":"publish","type":"post","link":"https:\/\/www.europesays.com\/fr\/539180\/","title":{"rendered":"Les Bons Plans Max Radio du 17\/11 au 23\/11"},"content":{"rendered":"<p>Chaque semaine, retrouvez les meilleurs bons plans de Grenoble et Chamb\u00e9ry ! <br \/>Que vous soyez \u00e0 la recherche d&rsquo;activit\u00e9s, de sorties, d&rsquo;\u00e9v\u00e9nements ou de bonnes adresses, nous vous partageons tout ce qu&rsquo;il ne faut pas manquer.<\/p>\n<p>Les Bons Plans \u00e0 Grenoble :<\/p>\n<p> <b>Rendez-vous : jusqu&rsquo;au 30 novembre, \u00e0 l&rsquo;UIAD de Grenoble.<\/b><\/p>\n<p>Hiroshima 80 ans ! Pour ne pas oublier !<br \/>A l&rsquo;occasion des 80 ans de Hiroshima et Nagasaki, l&rsquo;UIAD accueillera une exposition de photos durant le mois de novembre<\/p>\n<p>Cette exposition photos \u00ab\u00a0et pas seulement photos, textes etc &#8230;\u00a0\u00bb sera l&rsquo;occasion d&rsquo;approfondir la r\u00e9flexion sur la guerre et la paix.<br \/>Propos\u00e9e par Wakiko TSUBOI, enseignante en Japonais et l&rsquo;\u00e9quipe du Lab de la Paix de l&rsquo;UIAD (groupe de r\u00e9flexions et de partages).<br \/>L&rsquo;inauguration aura lieu le mercredi 5 novembre \u00e0 15h.<br \/>Programme: <br \/>Mercredi 5 \u00e0 15h : Inauguration autour d&rsquo;un th\u00e9 <br \/>Les jeudis pour la paix : 11h-15h Permanence de l&rsquo;\u00e9quipe du Lab de la Paix pour accueillir les visiteurs (Wakiko Tsubo\u00ef, Richard P\u00e9tris).<br \/>Projection de deux films d&rsquo;animation :<br \/>Jeudi 13 nov 14h\/15h30 : Le tombeau des Lucioles de Isao TAKAHATA, 88min,<br \/>Jeudi 20 nov 14h\/16h : Le vent se l\u00e8ve de Hayao MIYAZAKI, 2 h <br \/>Jeudi 27 nov 14h\/16h : Atelier Origami pour la paix.<\/p>\n<p><a class=\"url\" href=\"https:\/\/www.grenoble-tourisme.com\/fr\/decouvrir\/evenements\/agenda\/detail\/exposition-temporaire-hiroshima-80-ans-7579890\/\" target=\"_blank\" rel=\"nofollow noopener\">En savoir plus.<\/a><\/p>\n<tr>\n<td class=\"defaut\"><a href=\"https:\/\/www.radioscoop.com\/agenda\/javascript:void(0)\" onclick=\"parent.RS.diaporama.addMedia(714789) ;\" rel=\"nofollow noopener\" target=\"_blank\"><img loading=\"lazy\" decoding=\"async\" src=\"https:\/\/www.europesays.com\/fr\/wp-content\/uploads\/2025\/11\/1763340018_725_img\" width=\"452\" height=\"640\" border=\"0\" title=\"vdczhz\"\/><\/a><\/td>\n<\/tr>\n<p> <b>Rendez-vous : le 17 novembre, \u00e0 Mon Cin\u00e9 (Saint-Martin-d&rsquo;H\u00e8res).<\/b><\/p>\n<p>\u00c9cran Total, c&rsquo;est quatre \u00e0 six jours de cin\u00e9ma, accessibles \u00e0 tous les publics, avec une large palette d&rsquo;avant-premi\u00e8res, de films d&rsquo;auteurs, d&rsquo;animation, de documentaires, d\u00e9bats, rencontres avec les r\u00e9alisateurs et animations<\/p>\n<p>Au programme : 9 avant-premi\u00e8res, une cin\u00e9 rencontre et deux films d&rsquo;animations !<\/p>\n<p><a class=\"url\" href=\"https:\/\/www.grenoble-tourisme.com\/fr\/decouvrir\/evenements\/agenda\/detail\/23e-festival-ecran-total-6269246\/\" target=\"_blank\" rel=\"nofollow noopener\">En savoir plus.<\/a><\/p>\n<tr>\n<td class=\"defaut\"><a href=\"https:\/\/www.radioscoop.com\/agenda\/javascript:void(0)\" onclick=\"parent.RS.diaporama.addMedia(714790) ;\" rel=\"nofollow noopener\" target=\"_blank\"><img loading=\"lazy\" decoding=\"async\" src=\"https:\/\/www.europesays.com\/fr\/wp-content\/uploads\/2025\/11\/1763340022_292_img\" width=\"512\" height=\"640\" border=\"0\" title=\"vrhvhdb\"\/><\/a><\/td>\n<\/tr>\n<p> <b>Rendez-vous : le 17 novembre, \u00e0 partir de 21h, au Stade des Alpes.<\/b><\/p>\n<p>Match de qualification UEFA EURO U21 _2027<\/p>\n<p>Demi-finalistes de l&rsquo;Euro 2025 en Slovaquie, l&rsquo;\u00e9quipe de France Espoirs tentera de se qualifier pour leur cinqui\u00e8me phase finale de suite en championnat d&rsquo;Europe (en juin 2027 en Albanie et Serbie)<br \/>Apr\u00e8s l&rsquo;Estonie le 13 octobre, les Bleuets affronteront les \u00celes F\u00e9ro\u00e9 au Stade des Alpes.<\/p>\n<p><a class=\"url\" href=\"https:\/\/www.grenoble-tourisme.com\/fr\/decouvrir\/evenements\/agenda\/detail\/france-iles-feroe-qualification-euro-2027-espoirs-7541041\/\" target=\"_blank\" rel=\"nofollow noopener\">Je prends ma place !<\/a><\/p>\n<tr>\n<td class=\"defaut\"><a href=\"https:\/\/www.radioscoop.com\/agenda\/javascript:void(0)\" onclick=\"parent.RS.diaporama.addMedia(714796) ;\" rel=\"nofollow noopener\" target=\"_blank\"><img loading=\"lazy\" decoding=\"async\" src=\"https:\/\/www.europesays.com\/fr\/wp-content\/uploads\/2025\/11\/1763340026_172_img\" width=\"447\" height=\"640\" border=\"0\" title=\"jyfyg\"\/><\/a><\/td>\n<\/tr>\n<p> <b>Rendez-vous : le 19 novembre, \u00e0 20h, \u00e0 la Belle Electrique.<\/b><\/p>\n<p>Apr\u00e8s avoir sorti \u00ab\u00a0Neptune Terminus\u00a0\u00bb et sa r\u00e9\u00e9dition parus en 2022, Youssoupha est de retour avec un septi\u00e8me album : Amour Supr\u00eame, un rap teint\u00e9 de gospel, de soul et de sonorit\u00e9s d&rsquo;Afrique de l&rsquo;ouest.<\/p>\n<p>Depuis janvier, le rappeur franco-congolais est en tourn\u00e9e \u00e0 travers la France, Suisse et Belgique ! L&rsquo;occasion pour lui de revisiter sur sc\u00e8ne ses grands classiques.<\/p>\n<p><a class=\"url\" href=\"https:\/\/www.grenoble-tourisme.com\/fr\/decouvrir\/evenements\/agenda\/detail\/youssoupha-7463871\/\" target=\"_blank\" rel=\"nofollow noopener\">Je prends ma place !<\/a><\/p>\n<tr>\n<td class=\"defaut\"><img loading=\"lazy\" decoding=\"async\" src=\"https:\/\/www.europesays.com\/fr\/wp-content\/uploads\/2025\/11\/1763340029_505_img\" width=\"222\" height=\"222\" border=\"0\" title=\"gfgdhh\"\/><\/td>\n<\/tr>\n<p> <b>Rendez-vous : jusqu&rsquo;au 24 d\u00e9cembre, de 10h \u00e0 20h\/21h, sur la Place Victor Hugo.<\/b><\/p>\n<p>L&rsquo;\u00e9v\u00e9nement incontournable que les petits et les grands attendent avec impatience est enfin de retour ! Plongez dans l&rsquo;ambiance douce et magique de No\u00ebl et profitez d&rsquo;un moment convivial et propice \u00e0 l&rsquo;achat de cadeaux originaux pour toute la famille.<\/p>\n<p><a class=\"url\" href=\"https:\/\/www.grenoble-tourisme.com\/fr\/decouvrir\/evenements\/agenda\/detail\/marche-de-noel-de-grenoble-258480\/\" target=\"_blank\" rel=\"nofollow noopener\">Je prends ma place !<\/a><\/p>\n<tr>\n<td class=\"defaut\"><img loading=\"lazy\" decoding=\"async\" src=\"https:\/\/www.europesays.com\/fr\/wp-content\/uploads\/2025\/11\/1763340031_526_img\" width=\"275\" height=\"183\" border=\"0\" title=\"gfjh\"\/><\/td>\n<\/tr>\n<p><\/p>\n","protected":false},"excerpt":{"rendered":"Chaque semaine, retrouvez les meilleurs bons plans de Grenoble et Chamb\u00e9ry ! Que vous soyez \u00e0 la recherche&hellip;\n","protected":false},"author":2,"featured_media":539181,"comment_status":"","ping_status":"","sticky":false,"template":"","format":"standard","meta":{"footnotes":""},"categories":[9566],"tags":[1111,11,2430,677,12362,1777,674,1011,27,2731,12,7518,25],"class_list":{"0":"post-539180","1":"post","2":"type-post","3":"status-publish","4":"format-standard","5":"has-post-thumbnail","7":"category-grenoble","8":"tag-actu","9":"tag-actualites","10":"tag-auvergne-rhone-alpes","11":"tag-bons-plans","12":"tag-chambry","13":"tag-eu","14":"tag-europe","15":"tag-fr","16":"tag-france","17":"tag-grenoble","18":"tag-news","19":"tag-octobre","20":"tag-republique-francaise"},"share_on_mastodon":{"url":"https:\/\/pubeurope.com\/@fr\/115562259264162928","error":""},"_links":{"self":[{"href":"https:\/\/www.europesays.com\/fr\/wp-json\/wp\/v2\/posts\/539180","targetHints":{"allow":["GET"]}}],"collection":[{"href":"https:\/\/www.europesays.com\/fr\/wp-json\/wp\/v2\/posts"}],"about":[{"href":"https:\/\/www.europesays.com\/fr\/wp-json\/wp\/v2\/types\/post"}],"author":[{"embeddable":true,"href":"https:\/\/www.europesays.com\/fr\/wp-json\/wp\/v2\/users\/2"}],"replies":[{"embeddable":true,"href":"https:\/\/www.europesays.com\/fr\/wp-json\/wp\/v2\/comments?post=539180"}],"version-history":[{"count":0,"href":"https:\/\/www.europesays.com\/fr\/wp-json\/wp\/v2\/posts\/539180\/revisions"}],"wp:featuredmedia":[{"embeddable":true,"href":"https:\/\/www.europesays.com\/fr\/wp-json\/wp\/v2\/media\/539181"}],"wp:attachment":[{"href":"https:\/\/www.europesays.com\/fr\/wp-json\/wp\/v2\/media?parent=539180"}],"wp:term":[{"taxonomy":"category","embeddable":true,"href":"https:\/\/www.europesays.com\/fr\/wp-json\/wp\/v2\/categories?post=539180"},{"taxonomy":"post_tag","embeddable":true,"href":"https:\/\/www.europesays.com\/fr\/wp-json\/wp\/v2\/tags?post=539180"}],"curies":[{"name":"wp","href":"https:\/\/api.w.org\/{rel}","templated":true}]}}