{"id":539182,"date":"2025-11-17T00:42:18","date_gmt":"2025-11-17T00:42:18","guid":{"rendered":"https:\/\/www.europesays.com\/fr\/539182\/"},"modified":"2025-11-17T00:42:18","modified_gmt":"2025-11-17T00:42:18","slug":"vannes-simpose-devant-30-000-spectateurs-face-a-grenoble","status":"publish","type":"post","link":"https:\/\/www.europesays.com\/fr\/539182\/","title":{"rendered":"Vannes s\u2019impose devant 30.000 spectateurs face \u00e0 Grenoble"},"content":{"rendered":"<p>\n    Pour sa premi\u00e8re d\u00e9localisation au Roazhon Park, Vannes n\u2019a pas trembl\u00e9. Dans une ambiance exceptionnelle, le RCV a battu Grenoble 28-18 et s\u2019empare seul de la t\u00eate de Pro D2.<\/p>\n<p class=\"fig-paragraph\">Devant pr\u00e8s de 30.000 spectateurs au Roazhon Park de Rennes,\u00a0<a href=\"http:\/\/www.lefigaro.fr\/sports\/rugby\/pro-d2-le-rc-vannes-confirme-la-delocalisation-du-match-face-a-grenoble-au-roazhon-park-de-rennes-20251021\" data-fig-type=\"NewsFlash\" data-gtm-custom-categorie=\"navigation\" data-gtm-custom-action=\"crossclick\" data-gtm-custom-label=\"Contextuel\" data-gtm-event=\"customEventSPE\" data-fig-domain=\"LEFIGARO\" rel=\"nofollow noopener\" target=\"_blank\">Vannes n&rsquo;a pas rat\u00e9 son rendez-vous<\/a>\u00a0dimanche soir pour sa premi\u00e8re d\u00e9localisation en l&#8217;emportant contre Grenoble 28-18 en cl\u00f4ture de\u00a0<a href=\"https:\/\/www.lefigaro.fr\/sports\/rugby\/pro-d2\/calendrier-resultats\" target=\"_blank\" rel=\"sponsored noopener nofollow\" data-gtm-custom-categorie=\"navigation\" data-gtm-custom-action=\"crossclick\" data-gtm-custom-label=\"Contextuel\" data-gtm-event=\"customEventSPE\">la 11e journ\u00e9e de Pro D2<\/a>. Gr\u00e2ce \u00e0 ce succ\u00e8s, diffus\u00e9 en \u00abPrime Time\u00bb, Vannes occupe la premi\u00e8re place du\u00a0<a href=\"https:\/\/www.lefigaro.fr\/sports\/rugby\/pro-d2\/classement\" target=\"_blank\" rel=\"sponsored noopener nofollow\" data-gtm-custom-categorie=\"navigation\" data-gtm-custom-action=\"crossclick\" data-gtm-custom-label=\"Contextuel\" data-gtm-event=\"customEventSPE\">classement<\/a>\u00a0avec 39 points tandis que Grenoble, finaliste malheureux des trois derni\u00e8res saisons, reste \u00e0 une inconfortable et d\u00e9cevante 9e position.<\/p>\n<p class=\"fig-paragraph\">Le RCV, qui d\u00e9fend l&rsquo;identit\u00e9 bretonne, avait vu les choses en grand avec un show d&rsquo;avant-match spectaculaire: hymne breton repris \u00e0 tue-t\u00eate par tout le stade, \u00abgwenn ha du\u00bb g\u00e9ant d\u00e9ploy\u00e9, feux d&rsquo;artifice et cornemuses lors de l&rsquo;entr\u00e9e des joueurs.<\/p>\n<p class=\"fig-body-link\">\n            \u00c0 lire aussi<br \/>\n        <a class=\"fig-body-link__link fig-premium-mark\" href=\"http:\/\/www.lefigaro.fr\/sports\/rugby\/xv-de-france\/les-notes-des-bleus-apres-les-fidji-retour-gagnant-pour-ollivon-depoortere-brille-sur-ses-terres-20251115\" data-fig-type=\"NewsFlash\" data-gtm-custom-categorie=\"navigation\" data-gtm-custom-action=\"crossclick\" data-gtm-custom-label=\"Contextuel\" data-gtm-event=\"customEventSPE\" data-fig-domain=\"LEFIGARO\" rel=\"nofollow noopener\" target=\"_blank\"><\/p>\n<p>        Les notes des Bleus apr\u00e8s les Fidji\u00a0: retour gagnant pour Ollivon, Depoortere brille sur ses terres<br \/>\n    <\/a>\n<\/p>\n<p>                                    <a class=\"fig-a11y-skip a11y-hidden\" href=\"#fig-a11y-skip-main-inarticle\"><br \/>\n        Passer la publicit\u00e9<br \/>\n    <\/a><\/p>\n<p class=\"fig-paragraph\">La premi\u00e8re mi-temps \u00e9tait engag\u00e9e, mais aussi brouillonne, avec de nombreuses fautes des deux \u00e9quipes. Mais le RCV, gr\u00e2ce \u00e0 la puissance de son paquet d&rsquo;avants et sa premi\u00e8re ligne de classe internationale (Vunipola, Cherry, Medrano) faisaient souffrir les Is\u00e9rois. Les Bretons parvenaient \u00e0 inscrire deux essais en force, ponctu\u00e9s par un rugissement du stade et pouvaient ainsi regagner les vestiaires avec une avance confortable (20-6).<\/p>\n<p>Coup pour coup<\/p>\n<p class=\"fig-paragraph\">Le d\u00e9but de seconde p\u00e9riode \u00e9tait marqu\u00e9 par un long temps mort avec la blessure d&rsquo;Edwards. Si les Grenoblois s&rsquo;enhardissaient dans le jeu, leur conqu\u00eate (m\u00eal\u00e9e et touche) s&rsquo;av\u00e9rait trop d\u00e9ficiente. Les deux \u00e9quipes se rendaient coup pour coup et au final, le RCV l&#8217;emportait logiquement 28-18.<\/p>\n<p class=\"fig-paragraph\">Au coup de sifflet final, les 29.842 spectateurs, selon le chiffre officiel, pouvaient exulter et agiter les drapeaux bretons. Selon les chiffres transmis \u00e0 l&rsquo;AFP par la Ligue nationale de rugby, la plus grande affluence en Pro D2 en phase r\u00e9guli\u00e8re a \u00e9t\u00e9 pour le match de Lyon contre Oyonnax en avril 2011 avec 37.816 spectateurs au stade de Gerland, suivi d&rsquo;une rencontre au m\u00eame endroit en 2010 entre Lyon et Grenoble (30.803 spectateurs). Le match de dimanche soir compl\u00e8te ainsi le podium en phase r\u00e9guli\u00e8re.<\/p>\n<p class=\"fig-paragraph\">Le Roazhon Park, antre habituel des footballeurs du Stade rennais, a d\u00e9j\u00e0 vu des poteaux de rugby sur sa pelouse, avec les demi-finales du Top 14 en 2016 et notamment un Racing Clermont rest\u00e9 dans les m\u00e9moires (34-33).<\/p>\n","protected":false},"excerpt":{"rendered":"Pour sa premi\u00e8re d\u00e9localisation au Roazhon Park, Vannes n\u2019a pas trembl\u00e9. Dans une ambiance exceptionnelle, le RCV a&hellip;\n","protected":false},"author":2,"featured_media":539183,"comment_status":"","ping_status":"","sticky":false,"template":"","format":"standard","meta":{"footnotes":""},"categories":[9566],"tags":[1111,11,2430,1777,674,1011,27,2731,12,2308,3164,25],"class_list":{"0":"post-539182","1":"post","2":"type-post","3":"status-publish","4":"format-standard","5":"has-post-thumbnail","7":"category-grenoble","8":"tag-actu","9":"tag-actualites","10":"tag-auvergne-rhone-alpes","11":"tag-eu","12":"tag-europe","13":"tag-fr","14":"tag-france","15":"tag-grenoble","16":"tag-news","17":"tag-pro-d2","18":"tag-rc-vannes","19":"tag-republique-francaise"},"share_on_mastodon":{"url":"https:\/\/pubeurope.com\/@fr\/115562266182485829","error":""},"_links":{"self":[{"href":"https:\/\/www.europesays.com\/fr\/wp-json\/wp\/v2\/posts\/539182","targetHints":{"allow":["GET"]}}],"collection":[{"href":"https:\/\/www.europesays.com\/fr\/wp-json\/wp\/v2\/posts"}],"about":[{"href":"https:\/\/www.europesays.com\/fr\/wp-json\/wp\/v2\/types\/post"}],"author":[{"embeddable":true,"href":"https:\/\/www.europesays.com\/fr\/wp-json\/wp\/v2\/users\/2"}],"replies":[{"embeddable":true,"href":"https:\/\/www.europesays.com\/fr\/wp-json\/wp\/v2\/comments?post=539182"}],"version-history":[{"count":0,"href":"https:\/\/www.europesays.com\/fr\/wp-json\/wp\/v2\/posts\/539182\/revisions"}],"wp:featuredmedia":[{"embeddable":true,"href":"https:\/\/www.europesays.com\/fr\/wp-json\/wp\/v2\/media\/539183"}],"wp:attachment":[{"href":"https:\/\/www.europesays.com\/fr\/wp-json\/wp\/v2\/media?parent=539182"}],"wp:term":[{"taxonomy":"category","embeddable":true,"href":"https:\/\/www.europesays.com\/fr\/wp-json\/wp\/v2\/categories?post=539182"},{"taxonomy":"post_tag","embeddable":true,"href":"https:\/\/www.europesays.com\/fr\/wp-json\/wp\/v2\/tags?post=539182"}],"curies":[{"name":"wp","href":"https:\/\/api.w.org\/{rel}","templated":true}]}}