{"id":53919,"date":"2025-04-26T08:19:10","date_gmt":"2025-04-26T08:19:10","guid":{"rendered":"https:\/\/www.europesays.com\/fr\/53919\/"},"modified":"2025-04-26T08:19:10","modified_gmt":"2025-04-26T08:19:10","slug":"en-direct-icionagit-nancy-animations-decouvertes-solutions-ecologiques-suivez-la-deuxieme-journee-ouverte-au-public-avec-nous","status":"publish","type":"post","link":"https:\/\/www.europesays.com\/fr\/53919\/","title":{"rendered":"En direct #IciOnAgit ! Nancy. Animations, d\u00e9couvertes, solutions \u00e9cologiques\u2026 Suivez la deuxi\u00e8me journ\u00e9e ouverte au public avec nous"},"content":{"rendered":"<p><strong>Num\u00e9rique et IA\u00a0<\/strong>: agir pour un usage\u00a0plus responsable, <strong>10 h 15 &#8211; 10 h 45 \u00a0: Agora 2.<\/strong><\/p>\n<p>Le num\u00e9rique est partout dans notre quotidien. Et pourtant, derri\u00e8re l\u2019immat\u00e9rialit\u00e9 apparente, se cachent des impacts environnementaux bien r\u00e9els. Comment concilier innovation technologique, sobri\u00e9t\u00e9 et \u00e9thique ? Cette agora explore les leviers pour un num\u00e9rique plus sobre, plus \u00e9thique et au service des transitions.<\/p>\n<p><strong>La ville du futur<\/strong> : vers des b\u00e2timents \u00e9coresponsables et connect\u00e9s ? <strong>11 h &#8211; 11 h 45 \u00a0: sc\u00e8ne principale.<\/strong><\/p>\n<p>La ville du futur se b\u00e2tit aujourd\u2019hui, entre transition \u00e9nerg\u00e9tique, innovations technologiques et construction durable. Comment transformer la conception de nos b\u00e2timents pour qu\u2019ils soient \u00e0 la fois respectueux de l\u2019environnement et optimis\u00e9s pour le bien-\u00eatre de leurs occupants ? Quels syst\u00e8mes d\u2019approvisionnement en \u00e9nergie alimenteront demain ces infrastructures ? \u00c0 travers des exemples inspirants et des innovations audacieuses, cette conf\u00e9rence explore les mat\u00e9riaux, concepts architecturaux et solutions \u00e9nerg\u00e9tiques qui dessineront la ville de demain. Ensemble, imaginons des espaces urbains \u00e0 la fois plus durables, intelligents et r\u00e9silients.<\/p>\n<p><strong>Biodiversit\u00e9<\/strong> :\u00a0les for\u00eats, leurs r\u00f4les essentiels et la mani\u00e8re\u00a0dont on en prend soin (ou pas), <strong>11 h 45 &#8211; 12 h 30\u00a0: Agora 2.<\/strong><\/p>\n<p>Pr\u00e8s d&rsquo;un tiers du territoire hexagonal est recouvert de for\u00eat. Produire, pr\u00e9server, accueillir\u2026 Qu&rsquo;attendons-nous des for\u00eats ? Sont-elles toujours en capacit\u00e9 de r\u00e9pondre \u00e0 ces attentes ? Comment pouvons-nous agir collectivement pour les y aider ?<\/p>\n<p><strong>Agriculture &amp; alimentation<\/strong>\u00a0: pour une agriculture durable en Grand Est,\u00a0reconnecter producteurs et consommateurs, <strong>13 h 30 &#8211; 14 h 15 : sc\u00e8ne principale.<\/strong><\/p>\n<p>En Grand Est, plus de la moiti\u00e9 du territoire est d\u00e9di\u00e9 \u00e0 l\u2019agriculture : adopter un mod\u00e8le d\u2019exploitation durable est donc une n\u00e9cessit\u00e9 pour notre r\u00e9gion. Comment sensibiliser les consommateurs \u00e0 des choix alimentaires responsables tout en soutenant les producteurs locaux ? Cette conf\u00e9rence propose d\u2019explorer des solutions concr\u00e8tes pour reconnecter producteurs et consommateurs, pr\u00e9server notre environnement et transformer nos habitudes alimentaires. Ensemble, construisons la transition vers une agriculture respectueuse de nos terres et des g\u00e9n\u00e9rations futures.<\/p>\n<p><strong>Les Shifters<\/strong>\u00a0: 12 solutions pour diminuer son impact sur le climat, <strong>13 h 45 &#8211; 14 h 30 : Agora 3.<\/strong><\/p>\n<p>D\u00e9montrer et convaincre qu\u2019il est possible pour chacun d\u2019avoir un impact positif imm\u00e9diat gr\u00e2ce \u00e0 12 solutions individuelles, simple et possible, pour r\u00e9duire de 30% son empreinte carbone et ainsi participer \u00e0 l\u2019att\u00e9nuation du changement climatique \u00e0 son \u00e9chelle. <\/p>\n<p><strong>\u00c9ducation<\/strong>\u00a0: les communs, un enjeu de d\u00e9mocratie citoyenne et d\u2019\u00e9cologie sociale, <strong>16 h 30 &#8211; 17 h\u00a0: Agora 2.<\/strong><\/p>\n<p>Nos mod\u00e8les actuels de production et de consommation ont franchi les limites plan\u00e9taires, entra\u00eenant des crises \u00e9cologiques, sociales et d\u00e9mocratiques. Face \u00e0 la rar\u00e9faction et \u00e0 la d\u00e9gradation des ressources naturelles, il devient urgent de repenser notre rapport aux communs (eau, air, sol, sant\u00e9, etc.). O2C, l\u2019Observatoire Citoyen des Communs Metz et environ, agit pour sensibiliser et mobiliser autour d\u2019une nouvelle gestion citoyenne des biens communs. La d\u00e9mocratie des communs doit se faire avec, par et pour les citoyens. C\u2019est la conviction des Communs.<\/p>\n<p>\u00a0<\/p>\n","protected":false},"excerpt":{"rendered":"Num\u00e9rique et IA\u00a0: agir pour un usage\u00a0plus responsable, 10 h 15 &#8211; 10 h 45 \u00a0: Agora 2.&hellip;\n","protected":false},"author":2,"featured_media":53920,"comment_status":"","ping_status":"","sticky":false,"template":"","format":"standard","meta":{"footnotes":""},"categories":[9635],"tags":[1111,11,3602,10332,14383,1707,1704,1706,14384,1705,10174,8698,436,1777,674,1011,27,775,9588,1702,12,25],"class_list":{"0":"post-53919","1":"post","2":"type-post","3":"status-publish","4":"format-standard","5":"has-post-thumbnail","7":"category-nancy","8":"tag-actu","9":"tag-actualites","10":"tag-edition-bar-le-duc","11":"tag-edition-belfort-hericourt-montbeliard","12":"tag-edition-besancon","13":"tag-edition-luneville","14":"tag-edition-nancy-et-agglomeration","15":"tag-edition-pont-a-mousson","16":"tag-edition-pontarlier-haut-doubs","17":"tag-edition-toul","18":"tag-edition-verdun","19":"tag-edition-vesoul-haute-saone","20":"tag-environnement","21":"tag-eu","22":"tag-europe","23":"tag-fr","24":"tag-france","25":"tag-grand-est","26":"tag-ici-on-agit","27":"tag-nancy","28":"tag-news","29":"tag-republique-francaise"},"share_on_mastodon":{"url":"https:\/\/pubeurope.com\/@fr\/114403289663491176","error":""},"_links":{"self":[{"href":"https:\/\/www.europesays.com\/fr\/wp-json\/wp\/v2\/posts\/53919","targetHints":{"allow":["GET"]}}],"collection":[{"href":"https:\/\/www.europesays.com\/fr\/wp-json\/wp\/v2\/posts"}],"about":[{"href":"https:\/\/www.europesays.com\/fr\/wp-json\/wp\/v2\/types\/post"}],"author":[{"embeddable":true,"href":"https:\/\/www.europesays.com\/fr\/wp-json\/wp\/v2\/users\/2"}],"replies":[{"embeddable":true,"href":"https:\/\/www.europesays.com\/fr\/wp-json\/wp\/v2\/comments?post=53919"}],"version-history":[{"count":0,"href":"https:\/\/www.europesays.com\/fr\/wp-json\/wp\/v2\/posts\/53919\/revisions"}],"wp:featuredmedia":[{"embeddable":true,"href":"https:\/\/www.europesays.com\/fr\/wp-json\/wp\/v2\/media\/53920"}],"wp:attachment":[{"href":"https:\/\/www.europesays.com\/fr\/wp-json\/wp\/v2\/media?parent=53919"}],"wp:term":[{"taxonomy":"category","embeddable":true,"href":"https:\/\/www.europesays.com\/fr\/wp-json\/wp\/v2\/categories?post=53919"},{"taxonomy":"post_tag","embeddable":true,"href":"https:\/\/www.europesays.com\/fr\/wp-json\/wp\/v2\/tags?post=53919"}],"curies":[{"name":"wp","href":"https:\/\/api.w.org\/{rel}","templated":true}]}}