{"id":539206,"date":"2025-11-17T01:00:16","date_gmt":"2025-11-17T01:00:16","guid":{"rendered":"https:\/\/www.europesays.com\/fr\/539206\/"},"modified":"2025-11-17T01:00:16","modified_gmt":"2025-11-17T01:00:16","slug":"un-jeune-grievement-blesse-lors-de-tirs-pres-du-cours-tolstoi-a-villeurbanne","status":"publish","type":"post","link":"https:\/\/www.europesays.com\/fr\/539206\/","title":{"rendered":"Un jeune gri\u00e8vement bless\u00e9 lors de tirs pr\u00e8s du cours Tolsto\u00ef \u00e0 Villeurbanne"},"content":{"rendered":"<p itemprop=\"description\"><strong>Un jeune homme de 20 ans a \u00e9t\u00e9 bless\u00e9 par balle aux jambes samedi soir \u00e0 Villeurbanne.<\/strong><\/p>\n<p>Un incident arm\u00e9 a \u00e9clat\u00e9 samedi soir dans le centre de Villeurbanne.<\/p>\n<p>Peu avant 21h30, des d\u00e9tonations ont retenti dans la rue de la Rize, \u00e0 deux pas du cours Tolsto\u00ef et du quartier Grandcl\u00e9ment.<\/p>\n<p>Deux individus auraient surgi avant que l\u2019un d\u2019eux ne fasse feu avec une arme de poing.<\/p>\n<p>La victime, \u00e2g\u00e9e d\u2019une vingtaine d\u2019ann\u00e9es et d\u00e9j\u00e0 connue des forces de l\u2019ordre, a \u00e9t\u00e9 atteinte aux jambes. Les secours l\u2019ont rapidement \u00e9vacu\u00e9e vers l\u2019h\u00f4pital, o\u00f9 son \u00e9tat a \u00e9t\u00e9 jug\u00e9 stable.<\/p>\n<p>Les deux agresseurs ont pris la fuite. Les enqu\u00eateurs privil\u00e9gient la piste d\u2019une tentative d\u2019homicide et ont lanc\u00e9 des recherches pour retrouver les auteurs dans ce secteur tr\u00e8s fr\u00e9quent\u00e9 de Villeurbanne.<\/p>\n","protected":false},"excerpt":{"rendered":"Un jeune homme de 20 ans a \u00e9t\u00e9 bless\u00e9 par balle aux jambes samedi soir \u00e0 Villeurbanne. Un&hellip;\n","protected":false},"author":2,"featured_media":539207,"comment_status":"","ping_status":"","sticky":false,"template":"","format":"standard","meta":{"footnotes":""},"categories":[1889],"tags":[1111,11,2813,2190,2430,1109,251,1112,2811,1777,674,118,1011,27,1922,1110,1114,2428,2810,12,241,316,25,2812,517,800],"class_list":{"0":"post-539206","1":"post","2":"type-post","3":"status-publish","4":"format-standard","5":"has-post-thumbnail","7":"category-lyon","8":"tag-actu","9":"tag-actualites","10":"tag-article","11":"tag-asvel","12":"tag-auvergne-rhone-alpes","13":"tag-breves","14":"tag-culture","15":"tag-depeches","16":"tag-economique","17":"tag-eu","18":"tag-europe","19":"tag-faits-divers","20":"tag-fr","21":"tag-france","22":"tag-info","23":"tag-informations","24":"tag-infos","25":"tag-lyon","26":"tag-lyonmag","27":"tag-news","28":"tag-ol","29":"tag-politique","30":"tag-republique-francaise","31":"tag-sociale","32":"tag-sport","33":"tag-transports"},"share_on_mastodon":{"url":"https:\/\/pubeurope.com\/@fr\/115562336920345775","error":""},"_links":{"self":[{"href":"https:\/\/www.europesays.com\/fr\/wp-json\/wp\/v2\/posts\/539206","targetHints":{"allow":["GET"]}}],"collection":[{"href":"https:\/\/www.europesays.com\/fr\/wp-json\/wp\/v2\/posts"}],"about":[{"href":"https:\/\/www.europesays.com\/fr\/wp-json\/wp\/v2\/types\/post"}],"author":[{"embeddable":true,"href":"https:\/\/www.europesays.com\/fr\/wp-json\/wp\/v2\/users\/2"}],"replies":[{"embeddable":true,"href":"https:\/\/www.europesays.com\/fr\/wp-json\/wp\/v2\/comments?post=539206"}],"version-history":[{"count":0,"href":"https:\/\/www.europesays.com\/fr\/wp-json\/wp\/v2\/posts\/539206\/revisions"}],"wp:featuredmedia":[{"embeddable":true,"href":"https:\/\/www.europesays.com\/fr\/wp-json\/wp\/v2\/media\/539207"}],"wp:attachment":[{"href":"https:\/\/www.europesays.com\/fr\/wp-json\/wp\/v2\/media?parent=539206"}],"wp:term":[{"taxonomy":"category","embeddable":true,"href":"https:\/\/www.europesays.com\/fr\/wp-json\/wp\/v2\/categories?post=539206"},{"taxonomy":"post_tag","embeddable":true,"href":"https:\/\/www.europesays.com\/fr\/wp-json\/wp\/v2\/tags?post=539206"}],"curies":[{"name":"wp","href":"https:\/\/api.w.org\/{rel}","templated":true}]}}