{"id":53921,"date":"2025-04-26T08:20:30","date_gmt":"2025-04-26T08:20:30","guid":{"rendered":"https:\/\/www.europesays.com\/fr\/53921\/"},"modified":"2025-04-26T08:20:30","modified_gmt":"2025-04-26T08:20:30","slug":"le-savez-vous-du-jour-savez-vous-quel-celebre-tueur-en-serie-est-mort-dans-le-grand-nancy","status":"publish","type":"post","link":"https:\/\/www.europesays.com\/fr\/53921\/","title":{"rendered":"Le \u00ab\u00a0savez-vous\u00a0\u00bb du jour. Savez-vous quel \u00ab\u00a0c\u00e9l\u00e8bre\u00a0\u00bb tueur en s\u00e9rie est mort dans le Grand Nancy\u00a0?"},"content":{"rendered":"<p>Sur les hauteurs de Brabois \u00e0 Vand\u0153uvre-l\u00e8s-Nancy, il existe une prison m\u00e9dicale, <a href=\"https:\/\/www.estrepublicain.fr\/faits-divers-justice\/2024\/02\/16\/20-ans-de-l-uhsi-une-prison-dans-l-enceinte-du-chru-de-nancy\" target=\"_blank\" rel=\"nofollow noopener\">l\u2019unit\u00e9 hospitali\u00e8re s\u00e9curis\u00e9e interr\u00e9gionale (UHSI) du CHRU de Nancy.<\/a> Ouverte en 2004 et unique dans le Grand Est, elle a \u00e9t\u00e9 la premi\u00e8re structure de ce type \u00e0 voir le jour en France.<\/p>\n<p>Avec une \u00e9quipe m\u00e9dicale d\u2019une quinzaine d\u2019infirmiers, des aides-soignants et six m\u00e9decins, dont un chef de service, l\u2019\u00e9tablissement dispose de 17 lits et accueille dix patients par jour.<\/p>\n<p>En octobre\u00a02013, cette prison \u00e0 l\u2019abri des regards a accueilli dans ses murs le tueur en s\u00e9rie <a href=\"https:\/\/www.estrepublicain.fr\/actualite\/2013\/10\/21\/emile-louis-le-tueur-est-mort\" target=\"_blank\" rel=\"nofollow noopener\">\u00c9mile Louis,<\/a> dit \u00ab\u00a0le boucher de l\u2019Yonne\u00a0\u00bb.<\/p>\n<p>Il avait \u00e9t\u00e9 condamn\u00e9 pour atteintes sexuelles sur mineures en 1983 (quatre ans de prison) et en 1989 (cinq ans de prison). En mars\u00a02004, il a de nouveau \u00e9t\u00e9 condamn\u00e9 \u00e0 vingt ans de r\u00e9clusion criminelle pour viol et torture sur son \u00e9pouse et sa belle-fille.<\/p>\n<p>Au centre de \u00ab\u00a0l\u2019affaire des disparues de l\u2019Yonne\u00a0\u00bb, il a \u00e9t\u00e9 condamn\u00e9 par la cour d\u2019assises de l\u2019Yonne \u00e0 la r\u00e9clusion criminelle \u00e0 perp\u00e9tuit\u00e9 en novembre\u00a02004.<\/p>\n<p>Emprisonn\u00e9 \u00e0 la maison centrale d\u2019Ensisheim, <a href=\"https:\/\/www.estrepublicain.fr\/actualite\/2013\/10\/21\/emile-louis-le-tueur-est-mort\" target=\"_blank\" rel=\"nofollow noopener\">\u00c9mile Louis <\/a> avait \u00e9t\u00e9 transf\u00e9r\u00e9 vers l\u2019unit\u00e9 s\u00e9curis\u00e9e de Vand\u0153uvre-l\u00e8s-Nancy en raison de troubles neurologiques le 14\u00a0octobre 2013 avant d\u2019y mourir quelques jours plus tard, le 20\u00a0octobre 2013 \u00e0 l\u2019\u00e2ge de 79 ans.<\/p>\n","protected":false},"excerpt":{"rendered":"Sur les hauteurs de Brabois \u00e0 Vand\u0153uvre-l\u00e8s-Nancy, il existe une prison m\u00e9dicale, l\u2019unit\u00e9 hospitali\u00e8re s\u00e9curis\u00e9e interr\u00e9gionale (UHSI) du&hellip;\n","protected":false},"author":2,"featured_media":53922,"comment_status":"","ping_status":"","sticky":false,"template":"","format":"standard","meta":{"footnotes":""},"categories":[9635],"tags":[1111,11,1707,1704,1706,1705,1777,674,274,1011,27,775,1757,1702,1703,12,25],"class_list":{"0":"post-53921","1":"post","2":"type-post","3":"status-publish","4":"format-standard","5":"has-post-thumbnail","7":"category-nancy","8":"tag-actu","9":"tag-actualites","10":"tag-edition-luneville","11":"tag-edition-nancy-et-agglomeration","12":"tag-edition-pont-a-mousson","13":"tag-edition-toul","14":"tag-eu","15":"tag-europe","16":"tag-faits-divers-justice","17":"tag-fr","18":"tag-france","19":"tag-grand-est","20":"tag-insolite","21":"tag-nancy","22":"tag-nancy-ville-54b","23":"tag-news","24":"tag-republique-francaise"},"share_on_mastodon":{"url":"https:\/\/pubeurope.com\/@fr\/114403293498679099","error":""},"_links":{"self":[{"href":"https:\/\/www.europesays.com\/fr\/wp-json\/wp\/v2\/posts\/53921","targetHints":{"allow":["GET"]}}],"collection":[{"href":"https:\/\/www.europesays.com\/fr\/wp-json\/wp\/v2\/posts"}],"about":[{"href":"https:\/\/www.europesays.com\/fr\/wp-json\/wp\/v2\/types\/post"}],"author":[{"embeddable":true,"href":"https:\/\/www.europesays.com\/fr\/wp-json\/wp\/v2\/users\/2"}],"replies":[{"embeddable":true,"href":"https:\/\/www.europesays.com\/fr\/wp-json\/wp\/v2\/comments?post=53921"}],"version-history":[{"count":0,"href":"https:\/\/www.europesays.com\/fr\/wp-json\/wp\/v2\/posts\/53921\/revisions"}],"wp:featuredmedia":[{"embeddable":true,"href":"https:\/\/www.europesays.com\/fr\/wp-json\/wp\/v2\/media\/53922"}],"wp:attachment":[{"href":"https:\/\/www.europesays.com\/fr\/wp-json\/wp\/v2\/media?parent=53921"}],"wp:term":[{"taxonomy":"category","embeddable":true,"href":"https:\/\/www.europesays.com\/fr\/wp-json\/wp\/v2\/categories?post=53921"},{"taxonomy":"post_tag","embeddable":true,"href":"https:\/\/www.europesays.com\/fr\/wp-json\/wp\/v2\/tags?post=53921"}],"curies":[{"name":"wp","href":"https:\/\/api.w.org\/{rel}","templated":true}]}}