{"id":539214,"date":"2025-11-17T01:06:12","date_gmt":"2025-11-17T01:06:12","guid":{"rendered":"https:\/\/www.europesays.com\/fr\/539214\/"},"modified":"2025-11-17T01:06:12","modified_gmt":"2025-11-17T01:06:12","slug":"boualem-sansal-pourrait-rentrer-en-france-dans-les-prochains-jours-selon-paris","status":"publish","type":"post","link":"https:\/\/www.europesays.com\/fr\/539214\/","title":{"rendered":"Boualem Sansal pourrait rentrer en France \u00ab\u00a0dans les prochains jours\u00a0\u00bb, selon Paris"},"content":{"rendered":"<p class=\"mb-4 text-lg md:leading-8 break-words\">L&rsquo;\u00e9crivain franco-alg\u00e9rien <a class=\"link \" href=\"https:\/\/www.france24.com\/fr\/tag\/boualem-sansal\/\" rel=\"nofollow noopener\" target=\"_blank\" data-ylk=\"slk:Boualem Sansal;elm:context_link;itc:0;sec:content-canvas\">Boualem Sansal<\/a> pourrait rentrer en France \u00ab\u00a0dans les prochains jours\u00a0\u00bb, a annonc\u00e9, dimanche 16 novembre, le chef de la diplomatie fran\u00e7aise Jean-No\u00ebl Barrot.<\/p>\n<p class=\"mb-4 text-lg md:leading-8 break-words\">\u00ab\u00a0Il est aujourd&rsquo;hui \u00e0 l&rsquo;ambassade de France \u00e0 Berlin et, en fonction des r\u00e9sultats de ses examens m\u00e9dicaux, nous esp\u00e9rons pouvoir le voir rentrer en France dans les prochains jours\u00a0\u00bb, a-t-il d\u00e9clar\u00e9 lors d&rsquo;un entretien avec les m\u00e9dias France Inter, FranceinfoTV et Le Monde.<\/p>\n<p class=\"mb-4 text-lg md:leading-8 break-words\">L&rsquo;auteur, emprisonn\u00e9 depuis un an en Alg\u00e9rie et au c\u0153ur d&rsquo;une grave crise diplomatique entre Alger et Paris, a \u00e9t\u00e9 graci\u00e9 et lib\u00e9r\u00e9 mercredi \u00e0 la demande du pr\u00e9sident de l&rsquo;Allemagne, o\u00f9 il a \u00e9t\u00e9 transf\u00e9r\u00e9 pour des soins m\u00e9dicaux.<\/p>\n<p class=\"mb-4 text-lg md:leading-8 break-words\">\u00c0 lire aussi<a class=\"link  yahoo-link\" href=\"https:\/\/fr.news.yahoo.com\/apr%C3%A8s-lib%C3%A9ration-boualem-sansal-france-182834177.html\" data-ylk=\"slk:Avec la lib\u00e9ration de Sansal, enfin le d\u00e9gel entre la France et l&#039;Alg\u00e9rie\u00a0?;elm:context_link;itc:0;sec:content-canvas;outcm:mb_qualified_link;_E:mb_qualified_link;ct:story;\" target=\"_blank\" rel=\"noopener\">Avec la lib\u00e9ration de Sansal, enfin le d\u00e9gel entre la France et l&rsquo;Alg\u00e9rie\u00a0?<\/a><\/p>\n<p class=\"mb-4 text-lg md:leading-8 break-words\">Pour Jean-No\u00ebl Barrot, \u00ab\u00a0cette lib\u00e9ration, c&rsquo;est d&rsquo;abord une victoire de la diplomatie, de la diplomatie fran\u00e7aise, de la diplomatie allemande, et c&rsquo;est un d\u00e9saveu cinglant pour les partisans de la m\u00e9thode forte, de la brutalit\u00e9 et de l&rsquo;invective qui ne conduisent \u00e0 rien\u00a0\u00bb.<\/p>\n<p class=\"mb-4 text-lg md:leading-8 break-words\">Il s&rsquo;est toutefois refus\u00e9 <a href=\"https:\/\/fr.news.yahoo.com\/boualem-sansal-graci%C3%A9-pr%C3%A9sident-alg%C3%A9rien-202107850.html\" data-ylk=\"slk:\u00e0 mentionner explicitement l&#039;ex-ministre fran\u00e7ais de l&#039;Int\u00e9rieur Bruno Retailleau;elm:context_link;itc:0;sec:content-canvas;outcm:mb_qualified_link;_E:mb_qualified_link;ct:story;\" class=\"link  yahoo-link\" target=\"_blank\" rel=\"noopener\">\u00e0 mentionner explicitement l&rsquo;ex-ministre fran\u00e7ais de l&rsquo;Int\u00e9rieur Bruno Retailleau<\/a>, qui avait d\u00e9plor\u00e9 r\u00e9cemment que sa \u00ab\u00a0ligne ferme\u00a0\u00bb \u00e0 l&rsquo;\u00e9gard de l&rsquo;Alg\u00e9rie n&rsquo;ait \u00ab\u00a0jamais \u00e9t\u00e9 assum\u00e9e, ni au Quai d&rsquo;Orsay ni \u00e0 l&rsquo;\u00c9lys\u00e9e\u00a0\u00bb, consid\u00e9rant que \u00ab\u00a0la diplomatie des bons sentiments est un fiasco\u00a0\u00bb.<\/p>\n<p>\u00ab\u00a0Une diplomatie d&rsquo;impact\u00a0\u00bb<\/p>\n<p class=\"mb-4 text-lg md:leading-8 break-words\">\u00ab\u00a0Je parle de tous ceux que j&rsquo;entends, y compris aujourd&rsquo;hui, apr\u00e8s la lib\u00e9ration de Boualem Sansal, qui continuent de minimiser le r\u00f4le de la France et de sa diplomatie dans cette lib\u00e9ration\u00a0\u00bb, a ajout\u00e9 Jean-No\u00ebl Barrot.<\/p>\n<p class=\"mb-4 text-lg md:leading-8 break-words\">\u00ab\u00a0Nous n&rsquo;avons pas besoin d&rsquo;une diplomatie d&rsquo;opinion, nous avons besoin d&rsquo;une diplomatie d&rsquo;impact\u00a0\u00bb, a-t-il estim\u00e9. La diplomatie fran\u00e7aise, a-t-il poursuivi, a permis \u00ab\u00a0depuis le d\u00e9but de l&rsquo;ann\u00e9e 2025, de lib\u00e9rer une dizaine de nos compatriotes qui \u00e9taient retenus otages ou d\u00e9tenus arbitrairement \u00e0 l&rsquo;\u00e9tranger\u00a0\u00bb, <a href=\"https:\/\/fr.news.yahoo.com\/fran%C3%A7ais-camilo-castro-d%C3%A9tenu-au-062356193.html\" data-ylk=\"slk:notamment dimanche Camilo Castro;elm:context_link;itc:0;sec:content-canvas;outcm:mb_qualified_link;_E:mb_qualified_link;ct:story;\" class=\"link  yahoo-link\" target=\"_blank\" rel=\"noopener\">notamment dimanche Camilo Castro<\/a>, un Fran\u00e7ais d\u00e9tenu au Venezuela depuis juin.<\/p>\n<p class=\"mb-4 text-lg md:leading-8 break-words\">\u00c0 lire aussi<a class=\"link  yahoo-link\" href=\"https:\/\/fr.news.yahoo.com\/boualem-sansal-graci%C3%A9-pr%C3%A9sident-alg%C3%A9rien-202107850.html\" data-ylk=\"slk:Boualem Sansal graci\u00e9 par le pr\u00e9sident alg\u00e9rien\u00a0: le d\u00e9saveu de la m\u00e9thode Retailleau;elm:context_link;itc:0;sec:content-canvas;outcm:mb_qualified_link;_E:mb_qualified_link;ct:story;\" target=\"_blank\" rel=\"noopener\">Boualem Sansal graci\u00e9 par le pr\u00e9sident alg\u00e9rien\u00a0: le d\u00e9saveu de la m\u00e9thode Retailleau<\/a><\/p>\n<p class=\"mb-4 text-lg md:leading-8 break-words\">Le ministre a dit souhaiter pouvoir engager un dialogue avec Alger \u00ab\u00a0exigeant, soucieux de la d\u00e9fense de nos int\u00e9r\u00eats dans le respect de la souverainet\u00e9 de l&rsquo;Alg\u00e9rie\u00a0\u00bb, notamment \u00e0 propos du journaliste fran\u00e7ais Christophe Gleizes, \u00ab\u00a0qui a \u00e9t\u00e9 condamn\u00e9 \u00e0 une tr\u00e8s lourde peine et dont nous esp\u00e9rons la lib\u00e9ration prochaine\u00a0\u00bb.<\/p>\n<p class=\"mb-4 text-lg md:leading-8 break-words\">Collaborateur des magazines So Foot et Society, M. Gleizes a \u00e9t\u00e9 condamn\u00e9 fin juin \u00e0 sept ans de prison ferme en Alg\u00e9rie, notamment pour \u00ab\u00a0apologie du terrorisme\u00a0\u00bb. Son proc\u00e8s en appel est pr\u00e9vu le 3 d\u00e9cembre.<\/p>\n<p class=\"mb-4 text-lg md:leading-8 break-words\">Avec AFP<\/p>\n","protected":false},"excerpt":{"rendered":"L&rsquo;\u00e9crivain franco-alg\u00e9rien Boualem Sansal pourrait rentrer en France \u00ab\u00a0dans les prochains jours\u00a0\u00bb, a annonc\u00e9, dimanche 16 novembre, le&hellip;\n","protected":false},"author":2,"featured_media":539215,"comment_status":"","ping_status":"","sticky":false,"template":"","format":"standard","meta":{"footnotes":""},"categories":[1888],"tags":[1111,1928,11,1927,4142,1777,674,1011,27,2121,5541,12,1926,626,1925,25],"class_list":{"0":"post-539214","1":"post","2":"type-post","3":"status-publish","4":"format-standard","5":"has-post-thumbnail","7":"category-paris","8":"tag-actu","9":"tag-actu-paris","10":"tag-actualites","11":"tag-actualites-paris","12":"tag-boualem-sansal","13":"tag-eu","14":"tag-europe","15":"tag-fr","16":"tag-france","17":"tag-jean-noel-barrot","18":"tag-la-liberation","19":"tag-news","20":"tag-news-paris","21":"tag-paris","22":"tag-paris-news","23":"tag-republique-francaise"},"share_on_mastodon":{"url":"https:\/\/pubeurope.com\/@fr\/115562360700682417","error":""},"_links":{"self":[{"href":"https:\/\/www.europesays.com\/fr\/wp-json\/wp\/v2\/posts\/539214","targetHints":{"allow":["GET"]}}],"collection":[{"href":"https:\/\/www.europesays.com\/fr\/wp-json\/wp\/v2\/posts"}],"about":[{"href":"https:\/\/www.europesays.com\/fr\/wp-json\/wp\/v2\/types\/post"}],"author":[{"embeddable":true,"href":"https:\/\/www.europesays.com\/fr\/wp-json\/wp\/v2\/users\/2"}],"replies":[{"embeddable":true,"href":"https:\/\/www.europesays.com\/fr\/wp-json\/wp\/v2\/comments?post=539214"}],"version-history":[{"count":0,"href":"https:\/\/www.europesays.com\/fr\/wp-json\/wp\/v2\/posts\/539214\/revisions"}],"wp:featuredmedia":[{"embeddable":true,"href":"https:\/\/www.europesays.com\/fr\/wp-json\/wp\/v2\/media\/539215"}],"wp:attachment":[{"href":"https:\/\/www.europesays.com\/fr\/wp-json\/wp\/v2\/media?parent=539214"}],"wp:term":[{"taxonomy":"category","embeddable":true,"href":"https:\/\/www.europesays.com\/fr\/wp-json\/wp\/v2\/categories?post=539214"},{"taxonomy":"post_tag","embeddable":true,"href":"https:\/\/www.europesays.com\/fr\/wp-json\/wp\/v2\/tags?post=539214"}],"curies":[{"name":"wp","href":"https:\/\/api.w.org\/{rel}","templated":true}]}}