{"id":539216,"date":"2025-11-17T01:07:33","date_gmt":"2025-11-17T01:07:33","guid":{"rendered":"https:\/\/www.europesays.com\/fr\/539216\/"},"modified":"2025-11-17T01:07:33","modified_gmt":"2025-11-17T01:07:33","slug":"48-h-de-lobstacle-a-auteuil-daniela-mele-et-dominique-bressou-la-jolie-paire-de-la-manche","status":"publish","type":"post","link":"https:\/\/www.europesays.com\/fr\/539216\/","title":{"rendered":"48 H de l\u2019obstacle \u00e0 Auteuil\u00a0: Daniela Mele et Dominique Bressou, la jolie paire de la Manche ."},"content":{"rendered":"<p>Deux succ\u00e8s pour <a href=\"https:\/\/granville.maville.com\/sport\/detail_-dominique-bressou-entraineur-a-dragey-ronthon-espere-briller-le-18-mai-a-auteuil-_10-6286523_actu.Htm\" target=\"_blank\" rel=\"noopener\">Dominique Bressou<\/a>, un pour Daniela Mele. Figure du centre d\u2019entra\u00eenement de Dragey-Rothon, face au Mont-Saint-Michel, le premier a encore fait briller \u00e0 deux reprises la casaque Papot. D\u00e8s samedi avec le meilleur cheval de haies du pays\u00a0: Losange Bleu a domin\u00e9 avec aisance le prix Serge Landon \/ Grand prix d\u2019Automne, \u00e9preuve de niveau Groupe I (le top) dont il \u00e9tait tenant du titre.<\/p>\n<p>Un \u00ab\u00a0Myke Tyson des courses\u00a0\u00bb<\/p>\n<p>Dominique Bressou ne tarit pas d\u2019\u00e9loges sur son champion. \u00ab<strong>\u00a0J\u2019ai rarement \u00e9t\u00e9 aussi stress\u00e9 avant une course, <\/strong>commente-t-il<strong>, mais il est vraiment exceptionnel. C\u2019est un Monsieur, un \u00ab\u00a0Mike Tyson\u00a0\u00bb des courses.\u00a0\u00bb<\/strong><\/p>\n<p>\t<img decoding=\"async\" src=\"https:\/\/www.europesays.com\/fr\/wp-content\/uploads\/2025\/11\/P35583973D7066136G_px_640_.jpg\" alt=\"photo leader sport domine sa g\u00e9n\u00e9ration \u00e0 auteuil en remportant le grand steeple chase des 4\u00a0ans 2025.  \u00a9  france galop\" width=\"640\" title=\" Leader Sport domine sa g\u00e9n\u00e9ration \u00e0 Auteuil en remportant le Grand Steeple Chase des 4\u00a0ans 2025.   France Galop \"\/><\/p>\n<p class=\"elmt-legende\"> Leader Sport domine sa g\u00e9n\u00e9ration \u00e0 Auteuil en remportant le Grand Steeple Chase des 4\u00a0ans 2025.   France Galop <\/p>\n<blockquote class=\"twitter-tweet\" data-media-max-width=\"560\" wp_automatic_readability=\"10.504347826087\">\n<p lang=\"fr\" dir=\"ltr\">???????????? ?????????? brille dans le Prix Maurice Gillois &#8211; Grand Steeple-Chase des 4 ans (Gr.1) !<\/p>\n<p>Le pensionnaire de Daniela Mele d\u00e9croche son premier groupe 1 apr\u00e8s avoir fait sensation dans le Prix Orcada (Gr.3). <\/p>\n<p>Deuxi\u00e8me groupe 1 pour son L\u00e9o-Paul Br\u00e9chet, deux ans\u2026 <a href=\"https:\/\/t.co\/uPYSAqysC9\">pic.twitter.com\/uPYSAqysC9<\/a><\/p>\n<p>\u2014 Equidia (@equidia) <a href=\"https:\/\/twitter.com\/equidia\/status\/1990058463561466271?ref_src=twsrc%5Etfw\" target=\"_blank\" rel=\"noopener\">November 16, 2025<\/a><\/p><\/blockquote>\n<p>\u00ab\u00a0Ce cheval, c\u2019est un palace\u00a0\u00bb<\/p>\n<p>Dimanche, Dominique Bressou a r\u00e9cidiv\u00e9 en enlevant le prix Bernard Secly, une course \u00e0 conditions avec le favori Alcyone Rouge, une nouvelle fois pour la casaque Papot. Dans la foul\u00e9e, Daniela Mele a remport\u00e9 une des plus belles courses du jour, le prix Maurice Gillois \/ Grand Steeple-chase des 4\u00a0ans, une course Groupe I aussi, avec Leader Sport. Un succ\u00e8s facile pour<a href=\"https:\/\/granville.maville.com\/sport\/detail_-l-entraineuse-normande-daniela-mele-vise-le-double-dans-la-plus-grande-course-de-l-annee-a-auteuil-_10-6294384_actu.Htm\" target=\"_blank\" rel=\"noopener\"> cette entra\u00eeneuse bas\u00e9e \u00e0 Gavray<\/a>, dans la Manche encore. Malgr\u00e9 une petite frayeur \u00e0 la rivi\u00e8re des tribunes. <strong>\u00ab\u00a0Il a un jus pas possible,<\/strong> applaudit Daniela Mele. <strong>Ce cheval est une chance\u00a0: on s\u2019assied dessus, c\u2019est un palace\u00a0\u00bb<\/strong>.<\/p>\n<p>Dans cette \u00e9preuve, Dominique Bressou a eu moins de chance avec Lanivtsi, qui termine quatri\u00e8me. Quant \u00e0 sa <a href=\"https:\/\/granville.maville.com\/sport\/detail_-48-h-de-l-obstacle-a-auteuil.-oceane-ellart-la-nouvelle-pepite-de-dragey-franchit-les-etapes-a-toute-vitesse-_10-7062540_actu.Htm\" target=\"_blank\" rel=\"noopener\">toute jeune cons\u0153ur du centre d\u2019entra\u00eenement de Dragey, Oc\u00e9anne Ellart,<\/a> son cheval Martha Canary a chut\u00e9 \u00e0 la r\u00e9ception du gros open-ditch, la quatorzi\u00e8me haie.<\/p>\n<p>\u00a0<\/p>\n<p>\t\t<script async src=\"https:\/\/platform.twitter.com\/widgets.js\" charset=\"utf-8\"><\/script><\/p>\n","protected":false},"excerpt":{"rendered":"Deux succ\u00e8s pour Dominique Bressou, un pour Daniela Mele. Figure du centre d\u2019entra\u00eenement de Dragey-Rothon, face au Mont-Saint-Michel,&hellip;\n","protected":false},"author":2,"featured_media":539217,"comment_status":"","ping_status":"","sticky":false,"template":"","format":"standard","meta":{"footnotes":""},"categories":[1888],"tags":[1111,11,14015,3809,1465,1777,674,63,1011,27,1792,1922,12,626,25,479,517,1470],"class_list":{"0":"post-539216","1":"post","2":"type-post","3":"status-publish","4":"format-standard","5":"has-post-thumbnail","7":"category-paris","8":"tag-actu","9":"tag-actualites","10":"tag-alencon","11":"tag-ball","12":"tag-basket","13":"tag-eu","14":"tag-europe","15":"tag-football","16":"tag-fr","17":"tag-france","18":"tag-handball","19":"tag-info","20":"tag-news","21":"tag-paris","22":"tag-republique-francaise","23":"tag-rugby","24":"tag-sport","25":"tag-volley"},"share_on_mastodon":{"url":"https:\/\/pubeurope.com\/@fr\/115562365078003851","error":""},"_links":{"self":[{"href":"https:\/\/www.europesays.com\/fr\/wp-json\/wp\/v2\/posts\/539216","targetHints":{"allow":["GET"]}}],"collection":[{"href":"https:\/\/www.europesays.com\/fr\/wp-json\/wp\/v2\/posts"}],"about":[{"href":"https:\/\/www.europesays.com\/fr\/wp-json\/wp\/v2\/types\/post"}],"author":[{"embeddable":true,"href":"https:\/\/www.europesays.com\/fr\/wp-json\/wp\/v2\/users\/2"}],"replies":[{"embeddable":true,"href":"https:\/\/www.europesays.com\/fr\/wp-json\/wp\/v2\/comments?post=539216"}],"version-history":[{"count":0,"href":"https:\/\/www.europesays.com\/fr\/wp-json\/wp\/v2\/posts\/539216\/revisions"}],"wp:featuredmedia":[{"embeddable":true,"href":"https:\/\/www.europesays.com\/fr\/wp-json\/wp\/v2\/media\/539217"}],"wp:attachment":[{"href":"https:\/\/www.europesays.com\/fr\/wp-json\/wp\/v2\/media?parent=539216"}],"wp:term":[{"taxonomy":"category","embeddable":true,"href":"https:\/\/www.europesays.com\/fr\/wp-json\/wp\/v2\/categories?post=539216"},{"taxonomy":"post_tag","embeddable":true,"href":"https:\/\/www.europesays.com\/fr\/wp-json\/wp\/v2\/tags?post=539216"}],"curies":[{"name":"wp","href":"https:\/\/api.w.org\/{rel}","templated":true}]}}